{"id":9451,"date":"2014-07-21T06:44:07","date_gmt":"2014-07-21T05:44:07","guid":{"rendered":"http:\/\/www.iuzb.org\/wordpress\/?p=9451"},"modified":"2016-11-22T17:15:15","modified_gmt":"2016-11-22T16:15:15","slug":"frag-den-staat-gewinnt-gegen-den-staat","status":"publish","type":"post","link":"https:\/\/iuzb.de\/?p=9451","title":{"rendered":"&#8222;Frag den Staat&#8220; gewinnt gegen den Staat"},"content":{"rendered":"<ul>\n<li>13.05.2014 &#8211; <a href=\"http:\/\/blog.fragdenstaat.de\/post\/85630859782\/einstweilige-verfuegung-des-bundesinnenministeriums\" target=\"_blank\">Einstweilige Verf\u00fcgung des Bundesinnenministeriums gegen FragDenStaat.de gescheitert<\/a><\/li>\n<li>16.07.2014 &#8211; <a href=\"http:\/\/blog.fragdenstaat.de\/post\/91931346747\/zensurheberrecht-klage-ist-gewonnen\" target=\"_blank\">#Zensurheberrecht: Klage ist gewonnen!<\/a><\/li>\n<\/ul>\n<p>Kammergericht Berlin, <a href=\"http:\/\/www.bmi.bund.de\/SharedDocs\/Downloads\/DE\/Themen\/Politik_Gesellschaft\/Verwaltungsrecht\/beschluss-kammergericht-berlin-frag-den-staat.pdf?__blob=publicationFile\" target=\"_blank\">Beschluss<\/a> vom 12.03.2014 zu 24 W 21\/14:<\/p>\n<blockquote>\n<p style=\"text-align: justify;\">Zwar trifft es zu, dass grunds\u00e4tzlich auch inhaltliche Werkelemente &#8211; wie etwa die Fabel eines Romans &#8211; dem Urheberrechtsschutz zug\u00e4nglich sein k\u00f6nnen; dies gilt bei Sprachwerken wissenschaftlichen und technischen Inhalts aber nur mit der Einschr\u00e4nkung, dass Gedanken und Lehren in ihrem Kern, ihrem gedanklichen Inhalt, in ihrer politischen, wirtschaftlichen oder gesellschaftlichen Aussage, Gegenstand der freien geistigen Auseinandersetzung bleiben m\u00fcssen und nicht auf dem Weg \u00fcber das Urheberrecht monopolisiert werden k\u00f6nnen (vgl. nur Loswenheim in: Schricker I Loswenheim (4. Auflage 2010) \u00a7 2 UrhG Rdn. 59).<\/p>\n<p style=\"text-align: justify;\">Dem steht schon der Schutz der Meinungsfreiheit und der Freiheit der Wissenschaft und Lehre entgegen, der durch Art 5 Abs.1 und 3 GG gew\u00e4hrleistet wird. Dieser sch\u00fctzt gleicherma\u00dfen die Freiheit der wissenschaftlichen wie der politischen Auseinandersetzung; diese kann deshalb nicht dadurch eingeschr\u00e4nkt werden, dass bestimmte Argumente oder gedankliche Zusammenh\u00e4nge einem Schutz unterstellt werden, der jeden anderen als den Urheber von ihrer Verwendung ausschlie\u00dft. F\u00fcr den urheberrechtliehen Schutz verbleibt deshalb im Wesentlichen nur die Darstellung und Formgestaltung unter Ausschluss der inhaltlichen Elemente.<\/p>\n<\/blockquote>\n<p style=\"text-align: justify;\">Es geht um <a href=\"https:\/\/fragdenstaat.de\/static\/docs\/vermerk_eusperrklausel.pdf\" target=\"_blank\">diese Stellungnahme<\/a>, welche vom Bundesinnenministerium nach einem Antrag nach dem IFG mit dem Hinweis &#8222;<em><a href=\"https:\/\/fragdenstaat.de\/files\/foi\/13276\/anschreiben.pdf\" target=\"_blank\">Antragsgem\u00e4\u00df \u00fcbersende ich Ihnen als Anlage die BMI interne Stellungnahme. Ich weise darauf hin, dass der Vermerk lediglich zu privater Kenntnisnahme, jedoch nicht zu Ver\u00f6ffentlichungszwecken nach dem IFG herausgegeben wir<\/a>d<\/em>&#8220; herausgegeben wurde und zu welchem das Kammergericht konkret ausf\u00fchrt:<\/p>\n<blockquote>\n<p style=\"text-align: justify;\">Der vergleichsweise kurze- nur 4 1\/2 seitige- Text besteht zu weiten Teilen aus w\u00f6rtlichen Zitaten aus dem Urteil des Bundesverfassungsgerichts vom 09.11.2011; diese genie\u00dfen schon nach \u00a7 5 Abs.1 UrhG keinen urheberrechtliehen Schutz. Dass weiteres Hintergrundmaterial in nennenswertem Umfang verarbeitet worden w\u00e4re, kommt im Text jedenfalls nicht zum Ausdruck. Nat\u00fcrlich trifft es zu, dass sich die Stellungnahme nicht auf eine rein deskriptive Beschreibung des Urteils beschr\u00e4nkt, sondern aus der Urteilsanalyse einen Argumentationsstrang zum Beleg der Auffassung entwickelt, dass auch eine 2,5%ige Sperrklausel bei der Europawahl verfassungsrechtlich unzul\u00e4ssig w\u00e4re. Gedanken und Argumente sind aber &#8211; aus den dargelegten Gr\u00fcnden &#8211; als solche nicht urheberrechtsschutzf\u00e4hig. Die sprachliche Gestaltung, zu der im Einzelfall auch die Darstellung und die Art und Form der Gedankenf\u00fchrung geh\u00f6ren k\u00f6nnen, l\u00e4sst im vorliegenden Fall keine ausgepr\u00e4gt individuellen, eigensch\u00f6pferischen Z\u00fcge erkennen. Damit ist \u00fcber den inhaltlich- fachlichen Wert der Vorlage kein Urteil gesprochen; dieser ist f\u00fcr die Frage der urheberrechtliehen Schutzf\u00e4higkeit des Textes aber ebensowenig von ausschlaggebender Bedeutung wie das Interesse, das diese Stellungnahme in der \u00d6ffentlichkeit gefunden hat.<\/p>\n<\/blockquote>\n<p>&nbsp;<\/p>\n","protected":false},"excerpt":{"rendered":"<p>13.05.2014 &#8211; Einstweilige Verf\u00fcgung des Bundesinnenministeriums gegen FragDenStaat.de gescheitert 16.07.2014 &#8211; #Zensurheberrecht: Klage ist gewonnen! Kammergericht Berlin, Beschluss vom 12.03.2014 zu 24 W 21\/14: Zwar trifft es zu, dass grunds\u00e4tzlich [&#8230;]<\/p>\n","protected":false},"author":13,"featured_media":0,"comment_status":"closed","ping_status":"closed","sticky":false,"template":"","format":"standard","meta":{"ngg_post_thumbnail":0,"iawp_total_views":1,"footnotes":""},"categories":[108],"tags":[],"class_list":["post-9451","post","type-post","status-publish","format-standard","hentry","category-datenschutz-und-informationsfreiheit"],"_links":{"self":[{"href":"https:\/\/iuzb.de\/index.php?rest_route=\/wp\/v2\/posts\/9451","targetHints":{"allow":["GET"]}}],"collection":[{"href":"https:\/\/iuzb.de\/index.php?rest_route=\/wp\/v2\/posts"}],"about":[{"href":"https:\/\/iuzb.de\/index.php?rest_route=\/wp\/v2\/types\/post"}],"author":[{"embeddable":true,"href":"https:\/\/iuzb.de\/index.php?rest_route=\/wp\/v2\/users\/13"}],"replies":[{"embeddable":true,"href":"https:\/\/iuzb.de\/index.php?rest_route=%2Fwp%2Fv2%2Fcomments&post=9451"}],"version-history":[{"count":2,"href":"https:\/\/iuzb.de\/index.php?rest_route=\/wp\/v2\/posts\/9451\/revisions"}],"predecessor-version":[{"id":16528,"href":"https:\/\/iuzb.de\/index.php?rest_route=\/wp\/v2\/posts\/9451\/revisions\/16528"}],"wp:attachment":[{"href":"https:\/\/iuzb.de\/index.php?rest_route=%2Fwp%2Fv2%2Fmedia&parent=9451"}],"wp:term":[{"taxonomy":"category","embeddable":true,"href":"https:\/\/iuzb.de\/index.php?rest_route=%2Fwp%2Fv2%2Fcategories&post=9451"},{"taxonomy":"post_tag","embeddable":true,"href":"https:\/\/iuzb.de\/index.php?rest_route=%2Fwp%2Fv2%2Ftags&post=9451"}],"curies":[{"name":"wp","href":"https:\/\/api.w.org\/{rel}","templated":true}]}}