{"id":9406,"date":"2014-07-08T21:34:37","date_gmt":"2014-07-08T20:34:37","guid":{"rendered":"http:\/\/www.iuzb.org\/wordpress\/?p=9406"},"modified":"2016-12-08T17:59:28","modified_gmt":"2016-12-08T16:59:28","slug":"vzb-schreiben-an-die-senatsverwaltung-fuer-gesundheit-forstsetzung","status":"publish","type":"post","link":"https:\/\/iuzb.de\/?p=9406","title":{"rendered":"VZB: Schreiben an die Senatsverwaltung f\u00fcr Gesundheit"},"content":{"rendered":"<p>18. Juni 2014<\/p>\n<p>An die<br \/>\nSenatsverwaltung f\u00fcr Gesundheit und Soziales<br \/>\nOranienstra\u00dfe 106<br \/>\n10969 Berlin<\/p>\n<p>&nbsp;<\/p>\n<p><a href=\"http:\/\/www.iuzb.de\/?p=9159\" target=\"_blank\"><strong>Ihr Schreiben vom 21. Mai 2014<\/strong><\/a><\/p>\n<p>&nbsp;<\/p>\n<p>Sehr geehrte Damen und Herren,<\/p>\n<p style=\"text-align: justify;\">zu keinem Zeitpunkt sind wir davon ausgegangen oder haben behauptet, dass die Berliner Aufsichtsbeh\u00f6rden im Land Brandenburg Aufsicht aus\u00fcben oder das Recht haben, in Brandenburg Weisungen zu erteilen oder die dortige Kammer zu r\u00fcgen.<\/p>\n<p style=\"text-align: justify;\">Da Sie die alleinige Rechtsaufsicht \u00fcber das Versorgungswerk der Zahn\u00e4rztekammer Berlin in Berlin aus\u00fcben, sind wir allerdings der Meinung, dass Sie (zum Beispiel bei einem Hinweis auf m\u00f6glicherweise bestehenden Legitimationsm\u00e4ngeln von Vertretern in der Vertreterversammlung des Versorgungswerkes der Zahn\u00e4rztekammer Berlin (VZB)) per gesetzlichem Auftrag dazu verpflichtet sind, daf\u00fcr Sorge zu tragen, dass diese M\u00e4ngel abgestellt werden.<\/p>\n<p style=\"text-align: justify;\">Hierbei spielt es keine Rolle, ob es sich um Vertreter der Landeszahn\u00e4rztekammer Brandenburg, der Zahn\u00e4rztekammer Bremen oder der Zahn\u00e4rztekammer Berlin handelt.<\/p>\n<p style=\"text-align: justify;\">Satzungsgebende \u00f6ffentlich rechtliche K\u00f6rperschaft ist das Versorgungswerk der Zahn\u00e4rztekammer Berlin \u00fcber das Sie die Rechtsaufsicht aus\u00fcben.<\/p>\n<p style=\"text-align: justify;\">Vertraglich haben sich sowohl die Zahn\u00e4rztekammer in Bremen als auch die Zahn\u00e4rztekammer in Brandenburg dieser Regelung angeschlossen.<\/p>\n<p style=\"text-align: justify;\">Dass sich der Hinweis auf die vom Pr\u00e4sidenten der Landeszahn\u00e4rztekammer in Brandenburg behauptete intensive Abstimmung bisher Ihrer Kenntnis entzogen hat, ist erstaunlich, w\u00e4re aber sp\u00e4testens <a href=\"http:\/\/www.iuzb.de\/?p=8358\" target=\"_blank\">mit Erhalt unseres Schreibens<\/a> von Ihnen leicht zu kl\u00e4ren gewesen.<\/p>\n<p style=\"text-align: justify;\">Was die spiegelbildliche Besetzung der Aussch\u00fcsse im Versorgungswerk der Zahn\u00e4rztekammer Berlin betrifft, so ist ihr Hinweis auf die Unterschiede zu den parlamentarischen Aussch\u00fcssen im Bundestag unserer Auffassung nach schlicht falsch.<\/p>\n<p style=\"text-align: justify;\">Bemerkenswerterweise ignorieren Sie in diesem Zusammenhang unseren Hinweis auf das <a href=\"https:\/\/iuzb.de\/?p=13084\" target=\"_blank\">Urteil des Sozialgerichts M\u00fcnster<\/a> und verweisen erneut auf die von der Gesch\u00e4ftsf\u00fchrung des Versorgungswerkes in Auftrag gegebene <a href=\"https:\/\/iuzb.de\/wp-content\/uploads\/2014\/02\/2013-09-13-Stellungnahme-Ewer.pdf\" target=\"_blank\">Stellungnahme von Professor Ewer<\/a>.<\/p>\n<p style=\"text-align: justify;\">Die Frage der Stimmberechtigung der Vertreter der Hochschulen gem\u00e4\u00df <a href=\"https:\/\/berlin.beck.de\/default.aspx?vpath=bibdata%2Fges%2FBlnKAG%2Fcont%2FBlnKAG.P7.htm\" target=\"_blank\">Paragraph sieben Abs. 2 Berliner Kammergesetz<\/a> befinden sich nach unserer Kenntnis in juristischer Kl\u00e4rung.<\/p>\n<p style=\"text-align: justify;\">Dass das Anliegen unseres Kollegen Gneist bez\u00fcglich einer <a href=\"http:\/\/www.iuzb.de\/?p=2421\" target=\"_blank\">Revisionssonderpr\u00fcfung<\/a> nach vier Jahren von Ihnen nunmehr an die daf\u00fcr zust\u00e4ndigen Beh\u00f6rde weitergeleitet worden ist, nehmen wir zur Kenntnis.<\/p>\n<p>Mit freundlichen Gr\u00fc\u00dfen<\/p>\n<p>gez. Dr. H.-Helmut Dohmeier-de Haan<br \/>\ngez. Winnetou Kampmann<br \/>\ngez. Dr. Lutz-Stephan Wei\u00df<br \/>\nMitglieder der <a href=\"http:\/\/vzberlin.org\/Organe\/default.html\" target=\"_blank\">Vertreterversammlung<\/a><br \/>\nim Versorgungswerk der Zahn\u00e4rztekammer Berlin<\/p>\n","protected":false},"excerpt":{"rendered":"<p>18. Juni 2014 An die Senatsverwaltung f\u00fcr Gesundheit und Soziales Oranienstra\u00dfe 106 10969 Berlin &nbsp; Ihr Schreiben vom 21. Mai 2014 &nbsp; Sehr geehrte Damen und Herren, zu keinem Zeitpunkt [&#8230;]<\/p>\n","protected":false},"author":13,"featured_media":0,"comment_status":"closed","ping_status":"closed","sticky":false,"template":"","format":"standard","meta":{"ngg_post_thumbnail":0,"iawp_total_views":7,"footnotes":""},"categories":[144,118],"tags":[],"class_list":["post-9406","post","type-post","status-publish","format-standard","hentry","category-dauer-wahl-abo-affaere","category-sonderpruefung"],"_links":{"self":[{"href":"https:\/\/iuzb.de\/index.php?rest_route=\/wp\/v2\/posts\/9406","targetHints":{"allow":["GET"]}}],"collection":[{"href":"https:\/\/iuzb.de\/index.php?rest_route=\/wp\/v2\/posts"}],"about":[{"href":"https:\/\/iuzb.de\/index.php?rest_route=\/wp\/v2\/types\/post"}],"author":[{"embeddable":true,"href":"https:\/\/iuzb.de\/index.php?rest_route=\/wp\/v2\/users\/13"}],"replies":[{"embeddable":true,"href":"https:\/\/iuzb.de\/index.php?rest_route=%2Fwp%2Fv2%2Fcomments&post=9406"}],"version-history":[{"count":4,"href":"https:\/\/iuzb.de\/index.php?rest_route=\/wp\/v2\/posts\/9406\/revisions"}],"predecessor-version":[{"id":18042,"href":"https:\/\/iuzb.de\/index.php?rest_route=\/wp\/v2\/posts\/9406\/revisions\/18042"}],"wp:attachment":[{"href":"https:\/\/iuzb.de\/index.php?rest_route=%2Fwp%2Fv2%2Fmedia&parent=9406"}],"wp:term":[{"taxonomy":"category","embeddable":true,"href":"https:\/\/iuzb.de\/index.php?rest_route=%2Fwp%2Fv2%2Fcategories&post=9406"},{"taxonomy":"post_tag","embeddable":true,"href":"https:\/\/iuzb.de\/index.php?rest_route=%2Fwp%2Fv2%2Ftags&post=9406"}],"curies":[{"name":"wp","href":"https:\/\/api.w.org\/{rel}","templated":true}]}}