{"id":93,"date":"2008-09-30T20:01:12","date_gmt":"2008-09-30T18:01:12","guid":{"rendered":"http:\/\/www.iuzb.org\/wordpress\/?p=93"},"modified":"2016-12-09T20:40:13","modified_gmt":"2016-12-09T19:40:13","slug":"iuzb-wieder-im-gesprach","status":"publish","type":"post","link":"https:\/\/iuzb.de\/?p=93","title":{"rendered":"IUZB wieder im Gespr\u00e4ch"},"content":{"rendered":"<p style=\"text-align: justify;\"><a href=\"https:\/\/iuzb.de\/wp-content\/uploads\/2008\/09\/cimg9646-2.jpg\" target=\"_blank\"><img loading=\"lazy\" decoding=\"async\" class=\"alignright wp-image-16790 size-thumbnail\" src=\"https:\/\/iuzb.de\/wp-content\/uploads\/2008\/09\/cimg9646-2-150x150.jpg\" alt=\"cimg9646-2\" width=\"150\" height=\"150\" srcset=\"https:\/\/iuzb.de\/wp-content\/uploads\/2008\/09\/cimg9646-2-150x150.jpg 150w, https:\/\/iuzb.de\/wp-content\/uploads\/2008\/09\/cimg9646-2-90x90.jpg 90w, https:\/\/iuzb.de\/wp-content\/uploads\/2008\/09\/cimg9646-2-75x75.jpg 75w\" sizes=\"auto, (max-width: 150px) 100vw, 150px\" \/><\/a>Auch heute wieder verteilten im Rahmen des Kammerwahlkampfes mehrere Mitglieder der IUZB e.V. vor dem Dienstsitz unserer KZV berufspolitisches Informationsmaterial.<\/p>\n<p style=\"text-align: justify;\">W\u00e4hrend die Schwerpunkte unserer &#8222;Vor-Ort&#8220; Termine in den vergangenen Wochen haupts\u00e4chlich von Themen aus unseren beiden K\u00f6rperschaften KZV und Zahn\u00e4rztekammer bestimmt waren, informierten wir heute unsere Kolleginnen und Kollegen insbesondere \u00fcber zahlreiche unklare Vorg\u00e4nge aus dem Hause Versorgungswerk.<\/p>\n<p style=\"text-align: justify;\"><span style=\"color: white;\"><span style=\"color: black;\">Ihre<\/span><\/span><\/p>\n<p style=\"text-align: justify;\"><strong>IUZB<\/strong><\/p>\n<p><span style=\"color: #ffffff;\">\u00a0<\/span><\/p>\n<p>&nbsp;<\/p>\nngg_shortcode_0_placeholder\n","protected":false},"excerpt":{"rendered":"<p>Auch heute wieder verteilten im Rahmen des Kammerwahlkampfes mehrere Mitglieder der IUZB e.V. vor dem Dienstsitz unserer KZV berufspolitisches Informationsmaterial. W\u00e4hrend die Schwerpunkte unserer &#8222;Vor-Ort&#8220; Termine in den vergangenen Wochen [&#8230;]<\/p>\n","protected":false},"author":13,"featured_media":0,"comment_status":"open","ping_status":"open","sticky":false,"template":"","format":"standard","meta":{"ngg_post_thumbnail":0,"iawp_total_views":0,"footnotes":""},"categories":[48,206],"tags":[],"class_list":["post-93","post","type-post","status-publish","format-standard","hentry","category-iuzb","category-kammerwahl-2008"],"_links":{"self":[{"href":"https:\/\/iuzb.de\/index.php?rest_route=\/wp\/v2\/posts\/93","targetHints":{"allow":["GET"]}}],"collection":[{"href":"https:\/\/iuzb.de\/index.php?rest_route=\/wp\/v2\/posts"}],"about":[{"href":"https:\/\/iuzb.de\/index.php?rest_route=\/wp\/v2\/types\/post"}],"author":[{"embeddable":true,"href":"https:\/\/iuzb.de\/index.php?rest_route=\/wp\/v2\/users\/13"}],"replies":[{"embeddable":true,"href":"https:\/\/iuzb.de\/index.php?rest_route=%2Fwp%2Fv2%2Fcomments&post=93"}],"version-history":[{"count":10,"href":"https:\/\/iuzb.de\/index.php?rest_route=\/wp\/v2\/posts\/93\/revisions"}],"predecessor-version":[{"id":16798,"href":"https:\/\/iuzb.de\/index.php?rest_route=\/wp\/v2\/posts\/93\/revisions\/16798"}],"wp:attachment":[{"href":"https:\/\/iuzb.de\/index.php?rest_route=%2Fwp%2Fv2%2Fmedia&parent=93"}],"wp:term":[{"taxonomy":"category","embeddable":true,"href":"https:\/\/iuzb.de\/index.php?rest_route=%2Fwp%2Fv2%2Fcategories&post=93"},{"taxonomy":"post_tag","embeddable":true,"href":"https:\/\/iuzb.de\/index.php?rest_route=%2Fwp%2Fv2%2Ftags&post=93"}],"curies":[{"name":"wp","href":"https:\/\/api.w.org\/{rel}","templated":true}]}}