{"id":9159,"date":"2014-06-14T16:30:45","date_gmt":"2014-06-14T15:30:45","guid":{"rendered":"http:\/\/www.iuzb.org\/wordpress\/?p=9159"},"modified":"2016-12-08T17:54:34","modified_gmt":"2016-12-08T16:54:34","slug":"vzb-antwortschreiben-der-senatsverwaltung","status":"publish","type":"post","link":"https:\/\/iuzb.de\/?p=9159","title":{"rendered":"VZB: Senatsverwaltung f\u00fcr Legitimation der Vertreter aus Brandenburg nicht zust\u00e4ndig und an &#8222;intensiver Abstimmung&#8220; nicht beteiligt"},"content":{"rendered":"<p>Die Senatsverwaltung f\u00fcr Gesundheit hat mit Schreiben vom 21. Mai 2014 auf unser Schreiben vom <a href=\"http:\/\/www.iuzb.de\/?p=8358\" target=\"_blank\">14. Februar 2014<\/a> geantwortet:<\/p>\n<p><a href=\"https:\/\/iuzb.de\/wp-content\/uploads\/2014\/06\/2014-05-21-SenVG-an-Dohmeier-geschwaerzt.pdf\" target=\"_blank\"><img loading=\"lazy\" decoding=\"async\" class=\"alignnone size-full wp-image-18038\" src=\"https:\/\/iuzb.de\/wp-content\/uploads\/2014\/06\/2014-05-21-SenVG-an-Dohmeier-geschwaerzt-Bild.jpg\" alt=\"\" width=\"811\" height=\"1126\" srcset=\"https:\/\/iuzb.de\/wp-content\/uploads\/2014\/06\/2014-05-21-SenVG-an-Dohmeier-geschwaerzt-Bild.jpg 811w, https:\/\/iuzb.de\/wp-content\/uploads\/2014\/06\/2014-05-21-SenVG-an-Dohmeier-geschwaerzt-Bild-216x300.jpg 216w, https:\/\/iuzb.de\/wp-content\/uploads\/2014\/06\/2014-05-21-SenVG-an-Dohmeier-geschwaerzt-Bild-768x1066.jpg 768w, https:\/\/iuzb.de\/wp-content\/uploads\/2014\/06\/2014-05-21-SenVG-an-Dohmeier-geschwaerzt-Bild-738x1024.jpg 738w\" sizes=\"auto, (max-width: 811px) 100vw, 811px\" \/><\/a><\/p>\n","protected":false},"excerpt":{"rendered":"<p>Die Senatsverwaltung f\u00fcr Gesundheit hat mit Schreiben vom 21. Mai 2014 auf unser Schreiben vom 14. Februar 2014 geantwortet:<\/p>\n","protected":false},"author":13,"featured_media":0,"comment_status":"closed","ping_status":"closed","sticky":false,"template":"","format":"standard","meta":{"ngg_post_thumbnail":0,"iawp_total_views":1,"footnotes":""},"categories":[144],"tags":[],"class_list":["post-9159","post","type-post","status-publish","format-standard","hentry","category-dauer-wahl-abo-affaere"],"_links":{"self":[{"href":"https:\/\/iuzb.de\/index.php?rest_route=\/wp\/v2\/posts\/9159","targetHints":{"allow":["GET"]}}],"collection":[{"href":"https:\/\/iuzb.de\/index.php?rest_route=\/wp\/v2\/posts"}],"about":[{"href":"https:\/\/iuzb.de\/index.php?rest_route=\/wp\/v2\/types\/post"}],"author":[{"embeddable":true,"href":"https:\/\/iuzb.de\/index.php?rest_route=\/wp\/v2\/users\/13"}],"replies":[{"embeddable":true,"href":"https:\/\/iuzb.de\/index.php?rest_route=%2Fwp%2Fv2%2Fcomments&post=9159"}],"version-history":[{"count":3,"href":"https:\/\/iuzb.de\/index.php?rest_route=\/wp\/v2\/posts\/9159\/revisions"}],"predecessor-version":[{"id":18039,"href":"https:\/\/iuzb.de\/index.php?rest_route=\/wp\/v2\/posts\/9159\/revisions\/18039"}],"wp:attachment":[{"href":"https:\/\/iuzb.de\/index.php?rest_route=%2Fwp%2Fv2%2Fmedia&parent=9159"}],"wp:term":[{"taxonomy":"category","embeddable":true,"href":"https:\/\/iuzb.de\/index.php?rest_route=%2Fwp%2Fv2%2Fcategories&post=9159"},{"taxonomy":"post_tag","embeddable":true,"href":"https:\/\/iuzb.de\/index.php?rest_route=%2Fwp%2Fv2%2Ftags&post=9159"}],"curies":[{"name":"wp","href":"https:\/\/api.w.org\/{rel}","templated":true}]}}