{"id":915,"date":"2009-09-11T18:16:07","date_gmt":"2009-09-11T16:16:07","guid":{"rendered":"http:\/\/www.iuzb.org\/wordpress\/?p=915"},"modified":"2023-04-01T22:35:15","modified_gmt":"2023-04-01T20:35:15","slug":"vzb-hotel-investment-in-koln-richtfest-gefeiert-eroffnung-voraussichtlich-am-15-03-2010","status":"publish","type":"post","link":"https:\/\/iuzb.de\/?p=915","title":{"rendered":"VZB: Hotel-Investment in K\u00f6ln &#8211; Richtfest gefeiert &#8211; Er\u00f6ffnung voraussichtlich am 15.03.2010"},"content":{"rendered":"<p><span style=\"text-decoration: underline;\">Art&#8217;otel Cologne:<\/span><\/p>\n<p style=\"text-align: justify;\">Der K\u00f6lner Stadt Anzeiger berichtete in seiner gestrigen Ausgabe vom 09.09.2009 unter dem Titel \u201c<a href=\"http:\/\/www.ksta.de\/html\/artikel\/1246883883243.shtml\" target=\"_blank\" rel=\"noopener\">Ausstellung mit Hotelzimmern<\/a>\u201d \u00fcber eine neue Hotel-Immobilie unseres Versorgungswerkes in K\u00f6ln-Rheinauhafen.<\/p>\n<p style=\"text-align: justify;\">Wie der heutigen Ausgabe der Allgemeinen Hotel- und Gastronomiezeitung erg\u00e4nzend zu entnehmen ist, sprachen beim Richtfest vor 250 G\u00e4sten<\/p>\n<ul style=\"text-align: justify;\">\n<li>\u201cK\u00f6lns scheidender Oberb\u00fcrgermeister Fritz Schramma,<\/li>\n<li>Ralf Wohltmann vom Versorgungswerk der Zahn\u00e4rztekammer Berlin als Investor,<\/li>\n<li>Projektentwickler Ludger Inholte und<\/li>\n<li>Erik van Kessel von den Park Plaza Hotels, die das Haus betreiben.<\/li>\n<\/ul>\n<p style=\"text-align: justify;\">Oberb\u00fcrgermeister Schramma sprach von einem gl\u00fccklichen Tag f\u00fcr K\u00f6ln,<\/p>\n<blockquote>\n<p style=\"text-align: justify;\">\u201e\u2026dass sich ein so sch\u00f6nes Haus wie das Art\u2019otel in K\u00f6ln ansiedelt und die Stadt um eine weitere Sehensw\u00fcrdigkeit bereichert.\u201c<\/p>\n<\/blockquote>\n<p style=\"text-align: justify;\">Am Rande des Richtfestes wurde auch der offizielle Er\u00f6ffnungstermin des Hotels bekannt gegeben: der 15. M\u00e4rz 2010.\u201d<\/p>\n<p style=\"text-align: justify;\">In den kommenden Jahren sollen weitere Art\u2019otels in Marrakesch, Amsterdam und London entstehen.<\/p>\n<p><a href=\"http:\/\/www.report-k.de\/images\/2009_neu\/9-2009\/Artotel_90909.jpg\" target=\"_blank\" rel=\"noopener\"><img loading=\"lazy\" decoding=\"async\" class=\"alignnone\" src=\"http:\/\/www.report-k.de\/images\/2009_neu\/9-2009\/Artotel_90909.jpg\" alt=\"\" width=\"400\" height=\"296\"><\/a><br \/>\n(Bildquelle: K\u00f6lns Internetzeitung <a href=\"http:\/\/www.report-k.de\/content\/view\/21996\/\" target=\"_blank\" rel=\"noopener\">report-k.de<\/a>)<\/p>\n<p style=\"text-align: justify;\">Die Lage der Immobilie ergibt sich anhand der Website von <a href=\"http:\/\/www.rheinauhafen-koeln.de\" target=\"_blank\" rel=\"noopener\">www.rheinauhafen-koeln.de<\/a>, diese Website listet f\u00fcr das Areal eine Vielzahl von Neubauvorhaben auf und stellt diese zum Teil ausf\u00fchrlich vor.<\/p>\n<p><a href=\"https:\/\/iuzb.de\/wp-content\/uploads\/2009\/09\/Lage.jpg\" target=\"_blank\" rel=\"noopener\"><img loading=\"lazy\" decoding=\"async\" class=\"alignnone wp-image-18238\" src=\"https:\/\/iuzb.de\/wp-content\/uploads\/2009\/09\/Lage.jpg\" alt=\"\" width=\"580\" height=\"188\" srcset=\"https:\/\/iuzb.de\/wp-content\/uploads\/2009\/09\/Lage.jpg 1600w, https:\/\/iuzb.de\/wp-content\/uploads\/2009\/09\/Lage-300x98.jpg 300w, https:\/\/iuzb.de\/wp-content\/uploads\/2009\/09\/Lage-768x250.jpg 768w, https:\/\/iuzb.de\/wp-content\/uploads\/2009\/09\/Lage-1024x333.jpg 1024w\" sizes=\"auto, (max-width: 580px) 100vw, 580px\" \/><\/a><\/p>\n<p><a href=\"https:\/\/iuzb.de\/wp-content\/uploads\/2009\/09\/2009-Google.jpg\" target=\"_blank\" rel=\"noopener\"><img loading=\"lazy\" decoding=\"async\" class=\"alignnone wp-image-18233\" src=\"https:\/\/iuzb.de\/wp-content\/uploads\/2009\/09\/2009-Google.jpg\" alt=\"\" width=\"581\" height=\"490\" srcset=\"https:\/\/iuzb.de\/wp-content\/uploads\/2009\/09\/2009-Google.jpg 904w, https:\/\/iuzb.de\/wp-content\/uploads\/2009\/09\/2009-Google-300x253.jpg 300w, https:\/\/iuzb.de\/wp-content\/uploads\/2009\/09\/2009-Google-768x647.jpg 768w\" sizes=\"auto, (max-width: 581px) 100vw, 581px\" \/><\/a><\/p>\n<p>Weiteres siehe auch: <a href=\"http:\/\/www.artotels.com\/artotelcologne?campaignUrl=artotelcologne&amp;offerId=2774483\" target=\"_blank\" rel=\"noopener\">www.artotels.com\/artotelcologne<\/a><\/p>\n<p><span style=\"color: white;\">.<\/span><\/p>\n<p style=\"text-align: justify;\"><span style=\"color: white;\"><span style=\"color: black;\">Redaktioneller Hinweis:<br \/>\nZu diesem Anlageobjekt liegen uns keine weiteren Details vor. <span style=\"color: white;\"><span style=\"color: black;\">Die Verantwortung f\u00fcr diese Investitionsentscheidung liegt bei den Organen des VZB.<\/span><\/span><\/span><\/span><\/p>\n<p><span style=\"color: white;\"><span style=\"color: black;\"><span style=\"color: white;\">.<\/span><\/span><\/span><\/p>\n<p><span style=\"color: white;\">.<\/span><\/p>\n<p><span style=\"color: white;\">.<br \/>\n<\/span><\/p>\n","protected":false},"excerpt":{"rendered":"<p>Art&#8217;otel Cologne: Der K\u00f6lner Stadt Anzeiger berichtete in seiner gestrigen Ausgabe vom 09.09.2009 unter dem Titel \u201cAusstellung mit Hotelzimmern\u201d \u00fcber eine neue Hotel-Immobilie unseres Versorgungswerkes in K\u00f6ln-Rheinauhafen. Wie der heutigen [&#8230;]<\/p>\n","protected":false},"author":13,"featured_media":0,"comment_status":"closed","ping_status":"closed","sticky":false,"template":"","format":"standard","meta":{"ngg_post_thumbnail":0,"iawp_total_views":1,"footnotes":""},"categories":[214,47],"tags":[],"class_list":["post-915","post","type-post","status-publish","format-standard","hentry","category-investment-hotels","category-versorgungswerk-vzb"],"_links":{"self":[{"href":"https:\/\/iuzb.de\/index.php?rest_route=\/wp\/v2\/posts\/915","targetHints":{"allow":["GET"]}}],"collection":[{"href":"https:\/\/iuzb.de\/index.php?rest_route=\/wp\/v2\/posts"}],"about":[{"href":"https:\/\/iuzb.de\/index.php?rest_route=\/wp\/v2\/types\/post"}],"author":[{"embeddable":true,"href":"https:\/\/iuzb.de\/index.php?rest_route=\/wp\/v2\/users\/13"}],"replies":[{"embeddable":true,"href":"https:\/\/iuzb.de\/index.php?rest_route=%2Fwp%2Fv2%2Fcomments&post=915"}],"version-history":[{"count":11,"href":"https:\/\/iuzb.de\/index.php?rest_route=\/wp\/v2\/posts\/915\/revisions"}],"predecessor-version":[{"id":41762,"href":"https:\/\/iuzb.de\/index.php?rest_route=\/wp\/v2\/posts\/915\/revisions\/41762"}],"wp:attachment":[{"href":"https:\/\/iuzb.de\/index.php?rest_route=%2Fwp%2Fv2%2Fmedia&parent=915"}],"wp:term":[{"taxonomy":"category","embeddable":true,"href":"https:\/\/iuzb.de\/index.php?rest_route=%2Fwp%2Fv2%2Fcategories&post=915"},{"taxonomy":"post_tag","embeddable":true,"href":"https:\/\/iuzb.de\/index.php?rest_route=%2Fwp%2Fv2%2Ftags&post=915"}],"curies":[{"name":"wp","href":"https:\/\/api.w.org\/{rel}","templated":true}]}}