{"id":9118,"date":"2014-06-12T16:00:37","date_gmt":"2014-06-12T15:00:37","guid":{"rendered":"http:\/\/www.iuzb.org\/wordpress\/?p=9118"},"modified":"2016-11-16T08:37:42","modified_gmt":"2016-11-16T07:37:42","slug":"eugh-urlaub-ist-seit-heute-vererbbar","status":"publish","type":"post","link":"https:\/\/iuzb.de\/?p=9118","title":{"rendered":"EuGH: Urlaub ist seit heute vererbbar"},"content":{"rendered":"<p>Law Block, 12.06.2014<\/p>\n<ul>\n<li><a href=\"http:\/\/www.lawblog.de\/index.php\/archives\/2014\/06\/12\/urlaub-ist-seit-heute-vererbbar\/\" target=\"_blank\">Urlaub ist seit heute vererbbar<\/a><br \/>\nund<\/p>\n<blockquote><p>Im Ergebnis sieht der Europ\u00e4ische Gerichtshof auch keinen Unterschied zu dem Fall, dass das Arbeitsverh\u00e4ltnis etwa durch K\u00fcndigung endet, bevor der Urlaub genommen werden kann. Auch hier hat das Gericht bereits geurteilt, dass der offene Urlaub ohne Ausnahme abzugelten ist.<\/p><\/blockquote>\n<p><span style=\"color: #ffffff;\">.<\/span><\/li>\n<\/ul>\n<p>Europ\u00e4ischer Gerichtshof &#8211; <a href=\"http:\/\/curia.europa.eu\/juris\/document\/document.jsf?text=&amp;docid=153580&amp;pageIndex=0&amp;doclang=DE&amp;mode=req&amp;dir=&amp;occ=first&amp;part=1&amp;cid=339134\" target=\"_blank\">Urteil vom 12.06.2014<\/a><\/p>\n<p>&nbsp;<\/p>\n","protected":false},"excerpt":{"rendered":"<p>Law Block, 12.06.2014 Urlaub ist seit heute vererbbar und Im Ergebnis sieht der Europ\u00e4ische Gerichtshof auch keinen Unterschied zu dem Fall, dass das Arbeitsverh\u00e4ltnis etwa durch K\u00fcndigung endet, bevor der [&#8230;]<\/p>\n","protected":false},"author":13,"featured_media":0,"comment_status":"closed","ping_status":"closed","sticky":false,"template":"","format":"standard","meta":{"ngg_post_thumbnail":0,"iawp_total_views":0,"footnotes":""},"categories":[84],"tags":[],"class_list":["post-9118","post","type-post","status-publish","format-standard","hentry","category-eugh"],"_links":{"self":[{"href":"https:\/\/iuzb.de\/index.php?rest_route=\/wp\/v2\/posts\/9118","targetHints":{"allow":["GET"]}}],"collection":[{"href":"https:\/\/iuzb.de\/index.php?rest_route=\/wp\/v2\/posts"}],"about":[{"href":"https:\/\/iuzb.de\/index.php?rest_route=\/wp\/v2\/types\/post"}],"author":[{"embeddable":true,"href":"https:\/\/iuzb.de\/index.php?rest_route=\/wp\/v2\/users\/13"}],"replies":[{"embeddable":true,"href":"https:\/\/iuzb.de\/index.php?rest_route=%2Fwp%2Fv2%2Fcomments&post=9118"}],"version-history":[{"count":2,"href":"https:\/\/iuzb.de\/index.php?rest_route=\/wp\/v2\/posts\/9118\/revisions"}],"predecessor-version":[{"id":15947,"href":"https:\/\/iuzb.de\/index.php?rest_route=\/wp\/v2\/posts\/9118\/revisions\/15947"}],"wp:attachment":[{"href":"https:\/\/iuzb.de\/index.php?rest_route=%2Fwp%2Fv2%2Fmedia&parent=9118"}],"wp:term":[{"taxonomy":"category","embeddable":true,"href":"https:\/\/iuzb.de\/index.php?rest_route=%2Fwp%2Fv2%2Fcategories&post=9118"},{"taxonomy":"post_tag","embeddable":true,"href":"https:\/\/iuzb.de\/index.php?rest_route=%2Fwp%2Fv2%2Ftags&post=9118"}],"curies":[{"name":"wp","href":"https:\/\/api.w.org\/{rel}","templated":true}]}}