{"id":9105,"date":"2014-06-10T12:38:23","date_gmt":"2014-06-10T11:38:23","guid":{"rendered":"http:\/\/www.iuzb.org\/wordpress\/?p=9105"},"modified":"2016-11-16T08:39:45","modified_gmt":"2016-11-16T07:39:45","slug":"arbeitsgericht-berlin-es-sei-nicht-statthaft-die-bewerbung-von-maennern-ausnahmslos-auszuschliessen","status":"publish","type":"post","link":"https:\/\/iuzb.de\/?p=9105","title":{"rendered":"Arbeitsgericht Berlin: Es sei nicht statthaft, die Bewerbung von M\u00e4nnern ausnahmslos auszuschlie\u00dfen"},"content":{"rendered":"<p>Pressemitteilung Arbeitsgericht Berlin vom 05.06.2014:<\/p>\n<ul>\n<li><strong>Volontariat bei der \u201etaz.die tageszeitung\u201c \u2013 Entsch\u00e4digung wegen der Diskriminierung eines m\u00e4nnlichen Bewerbers<\/strong> &#8211; <a href=\"http:\/\/www.berlin.de\/gerichte\/arbeitsgericht\/presse\/archiv\/20140605.0930.397734.html\" target=\"_blank\">lesen<\/a><\/li>\n<\/ul>\n<p>&nbsp;<\/p>\n<p>Und &#8222;<a href=\"http:\/\/www.lawblog.de\/index.php\/archives\/2014\/06\/10\/die-taz-tut-zu-viel-fuer-frauen\/\" target=\"_blank\">law blog<\/a>&#8220; erg\u00e4nzt:<\/p>\n<blockquote><p>&#8222;Auch einen Migrationshintergrund zu verlangen, ist juristisch heikel. Hiermit musste sich das Arbeitsgericht aber nicht besch\u00e4ftigen. Der Kl\u00e4ger ist geb\u00fcrtiger Ukrainer.&#8220;<\/p><\/blockquote>\n<p>&nbsp;<\/p>\n","protected":false},"excerpt":{"rendered":"<p>Pressemitteilung Arbeitsgericht Berlin vom 05.06.2014: Volontariat bei der \u201etaz.die tageszeitung\u201c \u2013 Entsch\u00e4digung wegen der Diskriminierung eines m\u00e4nnlichen Bewerbers &#8211; lesen &nbsp; Und &#8222;law blog&#8220; erg\u00e4nzt: &#8222;Auch einen Migrationshintergrund zu verlangen, [&#8230;]<\/p>\n","protected":false},"author":13,"featured_media":0,"comment_status":"closed","ping_status":"closed","sticky":false,"template":"","format":"standard","meta":{"ngg_post_thumbnail":0,"iawp_total_views":0,"footnotes":""},"categories":[68],"tags":[],"class_list":["post-9105","post","type-post","status-publish","format-standard","hentry","category-recht"],"_links":{"self":[{"href":"https:\/\/iuzb.de\/index.php?rest_route=\/wp\/v2\/posts\/9105","targetHints":{"allow":["GET"]}}],"collection":[{"href":"https:\/\/iuzb.de\/index.php?rest_route=\/wp\/v2\/posts"}],"about":[{"href":"https:\/\/iuzb.de\/index.php?rest_route=\/wp\/v2\/types\/post"}],"author":[{"embeddable":true,"href":"https:\/\/iuzb.de\/index.php?rest_route=\/wp\/v2\/users\/13"}],"replies":[{"embeddable":true,"href":"https:\/\/iuzb.de\/index.php?rest_route=%2Fwp%2Fv2%2Fcomments&post=9105"}],"version-history":[{"count":1,"href":"https:\/\/iuzb.de\/index.php?rest_route=\/wp\/v2\/posts\/9105\/revisions"}],"predecessor-version":[{"id":15950,"href":"https:\/\/iuzb.de\/index.php?rest_route=\/wp\/v2\/posts\/9105\/revisions\/15950"}],"wp:attachment":[{"href":"https:\/\/iuzb.de\/index.php?rest_route=%2Fwp%2Fv2%2Fmedia&parent=9105"}],"wp:term":[{"taxonomy":"category","embeddable":true,"href":"https:\/\/iuzb.de\/index.php?rest_route=%2Fwp%2Fv2%2Fcategories&post=9105"},{"taxonomy":"post_tag","embeddable":true,"href":"https:\/\/iuzb.de\/index.php?rest_route=%2Fwp%2Fv2%2Ftags&post=9105"}],"curies":[{"name":"wp","href":"https:\/\/api.w.org\/{rel}","templated":true}]}}