{"id":8966,"date":"2014-05-26T11:36:49","date_gmt":"2014-05-26T10:36:49","guid":{"rendered":"http:\/\/www.iuzb.org\/wordpress\/?p=8966"},"modified":"2025-12-28T09:17:35","modified_gmt":"2025-12-28T08:17:35","slug":"vzb-staatsaufsicht-ohne-worte","status":"publish","type":"post","link":"https:\/\/iuzb.de\/?p=8966","title":{"rendered":"VZB -&#8222;Staatsaufsicht&#8220;: Ohne Worte"},"content":{"rendered":"<p>&nbsp;<\/p>\n<p><a href=\"https:\/\/iuzb.de\/wp-content\/uploads\/2014\/05\/2014-05-21-SenVfG-als-Staatsaufsicht-des-VZB.jpg\" target=\"_blank\" rel=\"noopener\"><img loading=\"lazy\" decoding=\"async\" class=\"alignnone wp-image-14428\" src=\"https:\/\/iuzb.de\/wp-content\/uploads\/2014\/05\/2014-05-21-SenVfG-als-Staatsaufsicht-des-VZB.jpg\" alt=\"2014-05-21-senvfg-als-staatsaufsicht-des-vzb\" width=\"720\" height=\"801\" srcset=\"https:\/\/iuzb.de\/wp-content\/uploads\/2014\/05\/2014-05-21-SenVfG-als-Staatsaufsicht-des-VZB.jpg 1232w, https:\/\/iuzb.de\/wp-content\/uploads\/2014\/05\/2014-05-21-SenVfG-als-Staatsaufsicht-des-VZB-270x300.jpg 270w, https:\/\/iuzb.de\/wp-content\/uploads\/2014\/05\/2014-05-21-SenVfG-als-Staatsaufsicht-des-VZB-768x854.jpg 768w, https:\/\/iuzb.de\/wp-content\/uploads\/2014\/05\/2014-05-21-SenVfG-als-Staatsaufsicht-des-VZB-921x1024.jpg 921w\" sizes=\"auto, (max-width: 720px) 100vw, 720px\" \/><\/a><\/p>\n<p><span style=\"font-family: arial, helvetica, sans-serif; font-size: 12pt;\">Hintergrund:<\/span><\/p>\n<p><span style=\"font-family: arial, helvetica, sans-serif; font-size: 12pt;\">Schreiben vom <a href=\"http:\/\/www.iuzb.org\/wordpress\/?p=8358\" target=\"_blank\" rel=\"noopener\">14.02.2014<\/a> an die Aufsicht:<\/span><\/p>\n<blockquote><p><span style=\"font-family: arial, helvetica, sans-serif; font-size: 12pt;\">&#8222;<em>lmmer wieder zeigt sich, dass An- oder Nachfragen nicht zeitnah von lhnen bearbeitet werden k\u00f6nnen. So wurden zum Beispiel die Schreiben des Kollegen G. Gneist vom <a href=\"https:\/\/iuzb.de\/wp-content\/uploads\/2014\/05\/2010-12-06-Schreiben-Gneist-an-Senatsverwaltung.pdf\" target=\"_blank\" rel=\"noopener\">06.12.2010<\/a> und vom <a href=\"https:\/\/iuzb.de\/wp-content\/uploads\/2014\/05\/2011-01-04-Gneist-an-Senatsverwaltung.pdf\" target=\"_blank\" rel=\"noopener\">04.01.2011<\/a> betreffend der Durchf\u00fchrung einer Revisions-Sonderpr\u00fcfung an Sie bis heute lediglich in Form einer <a href=\"https:\/\/iuzb.de\/wp-content\/uploads\/2014\/05\/2010-12-07-Senatsverwaltung-an-Gneist.pdf\" target=\"_blank\" rel=\"noopener\">Ank\u00fcndigung<\/a><\/em><em>, <\/em><\/span><\/p>\n<p style=\"padding-left: 40px;\"><span style=\"font-family: arial, helvetica, sans-serif; font-size: 12pt;\"><em>&#8222;die Angelegenheit wird aufsichtsrechtlich gepr\u00fcft werden. \u00dcber das Ergebnis der Pr\u00fcfung werden Sie eine lnformation erhalten.&#8220;<\/em><\/span><\/p>\n<p><span style=\"font-family: arial, helvetica, sans-serif; font-size: 12pt;\"><em>bearbeitet. Nach unserem Kenntnisstand ist die damals zust\u00e4ndige Sachbearbeiterin dann irgendwann in Pension gegangen, ohne, dass jemand aus der Senatsverwaltung es f\u00fcr notwendig erachtet hatte der eigenen Ank\u00fcndigung auch Taten folgen zu lassen<\/em>.&#8220;<\/span><\/p><\/blockquote>\n<p><span style=\"font-family: arial, helvetica, sans-serif; font-size: 12pt;\">IUZB <a href=\"https:\/\/iuzb.de\/?p=2421\" target=\"_blank\" rel=\"noopener\">04.01.2011<\/a>:<br \/>\nVZB: 11. Vertreterversammlung am 08. Januar 2011 \/ IUZB beantragt externe Revisions-Sonderpr\u00fcfung<\/span><\/p>\n<p>&nbsp;<\/p>\n<p>&nbsp;<\/p>\n","protected":false},"excerpt":{"rendered":"<p>&nbsp; Hintergrund: Schreiben vom 14.02.2014 an die Aufsicht: &#8222;lmmer wieder zeigt sich, dass An- oder Nachfragen nicht zeitnah von lhnen bearbeitet werden k\u00f6nnen. So wurden zum Beispiel die Schreiben des [&#8230;]<\/p>\n","protected":false},"author":13,"featured_media":0,"comment_status":"closed","ping_status":"closed","sticky":false,"template":"","format":"standard","meta":{"ngg_post_thumbnail":0,"iawp_total_views":1,"footnotes":""},"categories":[118,47],"tags":[],"class_list":["post-8966","post","type-post","status-publish","format-standard","hentry","category-sonderpruefung","category-versorgungswerk-vzb"],"_links":{"self":[{"href":"https:\/\/iuzb.de\/index.php?rest_route=\/wp\/v2\/posts\/8966","targetHints":{"allow":["GET"]}}],"collection":[{"href":"https:\/\/iuzb.de\/index.php?rest_route=\/wp\/v2\/posts"}],"about":[{"href":"https:\/\/iuzb.de\/index.php?rest_route=\/wp\/v2\/types\/post"}],"author":[{"embeddable":true,"href":"https:\/\/iuzb.de\/index.php?rest_route=\/wp\/v2\/users\/13"}],"replies":[{"embeddable":true,"href":"https:\/\/iuzb.de\/index.php?rest_route=%2Fwp%2Fv2%2Fcomments&post=8966"}],"version-history":[{"count":19,"href":"https:\/\/iuzb.de\/index.php?rest_route=\/wp\/v2\/posts\/8966\/revisions"}],"predecessor-version":[{"id":50656,"href":"https:\/\/iuzb.de\/index.php?rest_route=\/wp\/v2\/posts\/8966\/revisions\/50656"}],"wp:attachment":[{"href":"https:\/\/iuzb.de\/index.php?rest_route=%2Fwp%2Fv2%2Fmedia&parent=8966"}],"wp:term":[{"taxonomy":"category","embeddable":true,"href":"https:\/\/iuzb.de\/index.php?rest_route=%2Fwp%2Fv2%2Fcategories&post=8966"},{"taxonomy":"post_tag","embeddable":true,"href":"https:\/\/iuzb.de\/index.php?rest_route=%2Fwp%2Fv2%2Ftags&post=8966"}],"curies":[{"name":"wp","href":"https:\/\/api.w.org\/{rel}","templated":true}]}}