{"id":8697,"date":"2017-07-01T21:20:01","date_gmt":"2017-07-01T19:20:01","guid":{"rendered":"http:\/\/www.iuzb.org\/wordpress\/?p=8697"},"modified":"2017-07-11T07:45:55","modified_gmt":"2017-07-11T05:45:55","slug":"bundesverfassungsgericht-ueberprueft-kammerzwang","status":"publish","type":"post","link":"https:\/\/iuzb.de\/?p=8697","title":{"rendered":"Update: Bundesverfassungsgericht \u00fcberpr\u00fcft Kammerzwang noch 2017"},"content":{"rendered":"<p><span class=\"meta-date\">31. M\u00e4rz 2014<\/span><\/p>\n<p>Spiegel, aktuelle Printausgabe:<\/p>\n<ul>\n<li>Verfassungsrichter \u00fcberpr\u00fcfen Kammerzwang &#8211;<a href=\"https:\/\/magazin.spiegel.de\/digital\/index_SP.html#SP\/2014\/14\/126267983\" target=\"_blank\" rel=\"noopener\"> lesen<\/a><\/li>\n<\/ul>\n<p>oder alternativ,\u00a0 Manager Magazin:<\/p>\n<ul>\n<li>30.03.2014 &#8211; Aufstand gegen IHK-System \/ Verfassungsrichter \u00fcberpr\u00fcfen Kammerzwang &#8211; <a href=\"http:\/\/www.manager-magazin.de\/unternehmen\/artikel\/aufstand-gegen-ihk-system-verfassungsrichter-pruefen-kammerzwang-a-961564.html\" target=\"_blank\" rel=\"noopener\">lesen<\/a><\/li>\n<li>24.02.2014 &#8211; &#8222;Wir wollen eine unabh\u00e4ngige Geb\u00fchrenkommission f\u00fcr alle Kammern&#8220; &#8211; <a href=\"http:\/\/www.manager-magazin.de\/unternehmen\/artikel\/aufstand-gegen-ihk-system-tobias-bergmann-interview-a-955241.html\" target=\"_blank\" rel=\"noopener\">lesen<\/a><\/li>\n<\/ul>\n<p>&nbsp;<\/p>\n<h3><span style=\"color: #ff0000;\">Update 01.07.2017:<\/span><\/h3>\n<p style=\"text-align: justify;\">Nachdem das Bundesverfassungsgericht im Jahr 2014 ein schriftliches Anh\u00f6rungsverfahren durchgef\u00fchrt hatte, fanden sich die zwei betreffenden Verfahren dann auch in der <a class=\"Link-im-Text\" href=\"http:\/\/www.bundesverfassungsgericht.de\/DE\/Verfahren\/Jahresvorausschau\/vs_2015\/vorausschau_2015.html\" target=\"_blank\" rel=\"noopener\">Jahresvorausschau 2015<\/a>. Jedoch blieb ein Beschluss oder ein Urteil aus. Im Jahr 2016 war dann aus Karlsruhe gar nichts mehr zu h\u00f6ren. In der nun ver\u00f6ffentlichten <a class=\"Link-im-Text\" href=\"http:\/\/www.bundesverfassungsgericht.de\/DE\/Verfahren\/Jahresvorausschau\/vs_2017\/vorausschau_2017_node.html\" target=\"_blank\" rel=\"noopener\">Vorausschau f\u00fcr das Jahr 2017<\/a> aber sind die beiden Verfahren wieder gelistet:<\/p>\n<blockquote>\n<p style=\"text-align: justify;\">Berichterstatterin: BVRin Prof. Dr. Dr. h.c. Baer LL.M.<br \/>\n22.<br \/>\n1 BvR 2222\/12,<br \/>\n1 BvR 1106\/13<br \/>\nVerfassungsbeschwerden zu der Frage, ob die Bestimmungen des Gesetzes zur vorl\u00e4ufigen Regelung des Rechts der Industrie- und Handelskammern (IHKG), welche die Beschwerdef\u00fchrerinnen der Mitgliedschaft in den Industrie- und Handelskammern unterwerfen und ihnen eine Beitragspflicht auferlegen, mit <a href=\"https:\/\/dejure.org\/gesetze\/GG\/2.html\" target=\"_blank\" rel=\"noopener\">Art. 2<\/a> Abs. 1 und <a href=\"https:\/\/dejure.org\/gesetze\/GG\/9.html\" target=\"_blank\" rel=\"noopener\">Art. 9<\/a> Abs. 1 GG vereinbar sind.<\/p>\n<\/blockquote>\n<p>&nbsp;<\/p>\n<p>&nbsp;<\/p>\n","protected":false},"excerpt":{"rendered":"<p>31. M\u00e4rz 2014 Spiegel, aktuelle Printausgabe: Verfassungsrichter \u00fcberpr\u00fcfen Kammerzwang &#8211; lesen oder alternativ,\u00a0 Manager Magazin: 30.03.2014 &#8211; Aufstand gegen IHK-System \/ Verfassungsrichter \u00fcberpr\u00fcfen Kammerzwang &#8211; lesen 24.02.2014 &#8211; &#8222;Wir wollen [&#8230;]<\/p>\n","protected":false},"author":13,"featured_media":0,"comment_status":"closed","ping_status":"closed","sticky":false,"template":"","format":"standard","meta":{"ngg_post_thumbnail":0,"iawp_total_views":1,"footnotes":""},"categories":[169,69],"tags":[],"class_list":["post-8697","post","type-post","status-publish","format-standard","hentry","category-bverfg","category-koerperschaften"],"_links":{"self":[{"href":"https:\/\/iuzb.de\/index.php?rest_route=\/wp\/v2\/posts\/8697","targetHints":{"allow":["GET"]}}],"collection":[{"href":"https:\/\/iuzb.de\/index.php?rest_route=\/wp\/v2\/posts"}],"about":[{"href":"https:\/\/iuzb.de\/index.php?rest_route=\/wp\/v2\/types\/post"}],"author":[{"embeddable":true,"href":"https:\/\/iuzb.de\/index.php?rest_route=\/wp\/v2\/users\/13"}],"replies":[{"embeddable":true,"href":"https:\/\/iuzb.de\/index.php?rest_route=%2Fwp%2Fv2%2Fcomments&post=8697"}],"version-history":[{"count":10,"href":"https:\/\/iuzb.de\/index.php?rest_route=\/wp\/v2\/posts\/8697\/revisions"}],"predecessor-version":[{"id":21509,"href":"https:\/\/iuzb.de\/index.php?rest_route=\/wp\/v2\/posts\/8697\/revisions\/21509"}],"wp:attachment":[{"href":"https:\/\/iuzb.de\/index.php?rest_route=%2Fwp%2Fv2%2Fmedia&parent=8697"}],"wp:term":[{"taxonomy":"category","embeddable":true,"href":"https:\/\/iuzb.de\/index.php?rest_route=%2Fwp%2Fv2%2Fcategories&post=8697"},{"taxonomy":"post_tag","embeddable":true,"href":"https:\/\/iuzb.de\/index.php?rest_route=%2Fwp%2Fv2%2Ftags&post=8697"}],"curies":[{"name":"wp","href":"https:\/\/api.w.org\/{rel}","templated":true}]}}