{"id":8565,"date":"2014-03-16T10:00:58","date_gmt":"2014-03-16T09:00:58","guid":{"rendered":"http:\/\/www.iuzb.org\/wordpress\/?p=8565"},"modified":"2021-05-09T09:25:41","modified_gmt":"2021-05-09T07:25:41","slug":"kzv-berlin-terminverlegung-der-vertreterversammlung-rechnungspruefungsauschuss-benoetigt-mehr-zeit","status":"publish","type":"post","link":"https:\/\/iuzb.de\/?p=8565","title":{"rendered":"KZV Berlin: Terminverlegung der Vertreterversammlung &#8211; Rechnungspr\u00fcfungsausschuss ben\u00f6tigt noch mehr Zeit"},"content":{"rendered":"<p>Die f\u00fcr den 07.04.2013 geplante Vertreterversammlung wird verlegt:<\/p>\n<blockquote><p>Sehr geehrte Frau Kollegin,<br \/>\nsehr geehrter Herr Kollege,<\/p>\n<p>die f\u00fcr den 07.04.2014 geplante Vertreterversammlung wird auf<\/p>\n<ul>\n<li>Montag, 23.06.2014<\/li>\n<\/ul>\n<p>verlegt.<\/p>\n<p>Grund f\u00fcr diese Verlegung ist, dass unser <a href=\"http:\/\/www.kzv-berlin.de\/kzv-berlin\/organe-und-struktur\/ausschuesse.html\" target=\"_blank\" rel=\"noopener\">Rechnungspr\u00fcfungsausschuss<\/a>* f\u00fcr die Pr\u00fcfung des Jahres 2004 noch etwas Zeit ben\u00f6tigt.<\/p>\n<p>Mit freundlichen kollegialen Gr\u00fc\u00dfen<\/p>\n<p>gez. Dr. Marius Radtke*\u00b2<br \/>\nVorsitzender der VV<\/p>\n<p>gez. Julie Fotiadis-Wentker*\u00b3<br \/>\nstellv. Vorsitzende der VV<\/p><\/blockquote>\n<p>&nbsp;<\/p>\n<p>*Mitglieder des Rechnungspr\u00fcfungsausschusses sind:<\/p>\n<ul>\n<li>Edeltraud Jakobczyk (kein Mitglied der <a href=\"http:\/\/www.kzv-berlin.de\/kzv-berlin\/organe-und-struktur\/vertreterversammlung\/zusammensetzung.html\" target=\"_blank\" rel=\"noopener\">Vertreterversammlung<\/a> und keine Listenkandidatin zur KZV-Wahl 2010)<\/li>\n<li>Dr. Arnt Gerstenberger (Mitglied der Vertreterversammlung, Wahlliste FVDZ)<\/li>\n<li>Dr. Elke Singelmann (kein Mitglied der Vertreterverammlung und keine Listenkandidatin zur KZV-Wahl 2010)<\/li>\n<\/ul>\n<p>*\u00b2 Wahlliste &#8222;Freier Verband Deutscher Zahn\u00e4rzte e.V.&#8220;<br \/>\n*\u00b3 Wahlliste &#8222;Husemann und Pochhammer f\u00fcr den Verband der Zahn\u00e4rzte von Berlin&#8220;<\/p>\n<p>Weiterf\u00fchrend:<\/p>\n<ul>\n<li>KZV Berlin: Hinweis zur Rechnungspr\u00fcfung f\u00fcr das Jahr 2004 &#8211; <a href=\"http:\/\/www.iuzb.de\/?p=8576\" target=\"_blank\" rel=\"noopener\">lesen<\/a><\/li>\n<\/ul>\n<p>&nbsp;<\/p>\n","protected":false},"excerpt":{"rendered":"<p>Die f\u00fcr den 07.04.2013 geplante Vertreterversammlung wird verlegt: Sehr geehrte Frau Kollegin, sehr geehrter Herr Kollege, die f\u00fcr den 07.04.2014 geplante Vertreterversammlung wird auf Montag, 23.06.2014 verlegt. Grund f\u00fcr diese [&#8230;]<\/p>\n","protected":false},"author":13,"featured_media":0,"comment_status":"closed","ping_status":"closed","sticky":false,"template":"","format":"standard","meta":{"ngg_post_thumbnail":0,"iawp_total_views":0,"footnotes":""},"categories":[45,129,97],"tags":[],"class_list":["post-8565","post","type-post","status-publish","format-standard","hentry","category-kzv-berlin","category-rechnungspruefung","category-vertreterversammlung-kzv-berlin"],"_links":{"self":[{"href":"https:\/\/iuzb.de\/index.php?rest_route=\/wp\/v2\/posts\/8565","targetHints":{"allow":["GET"]}}],"collection":[{"href":"https:\/\/iuzb.de\/index.php?rest_route=\/wp\/v2\/posts"}],"about":[{"href":"https:\/\/iuzb.de\/index.php?rest_route=\/wp\/v2\/types\/post"}],"author":[{"embeddable":true,"href":"https:\/\/iuzb.de\/index.php?rest_route=\/wp\/v2\/users\/13"}],"replies":[{"embeddable":true,"href":"https:\/\/iuzb.de\/index.php?rest_route=%2Fwp%2Fv2%2Fcomments&post=8565"}],"version-history":[{"count":2,"href":"https:\/\/iuzb.de\/index.php?rest_route=\/wp\/v2\/posts\/8565\/revisions"}],"predecessor-version":[{"id":34156,"href":"https:\/\/iuzb.de\/index.php?rest_route=\/wp\/v2\/posts\/8565\/revisions\/34156"}],"wp:attachment":[{"href":"https:\/\/iuzb.de\/index.php?rest_route=%2Fwp%2Fv2%2Fmedia&parent=8565"}],"wp:term":[{"taxonomy":"category","embeddable":true,"href":"https:\/\/iuzb.de\/index.php?rest_route=%2Fwp%2Fv2%2Fcategories&post=8565"},{"taxonomy":"post_tag","embeddable":true,"href":"https:\/\/iuzb.de\/index.php?rest_route=%2Fwp%2Fv2%2Ftags&post=8565"}],"curies":[{"name":"wp","href":"https:\/\/api.w.org\/{rel}","templated":true}]}}