{"id":8538,"date":"2014-03-11T10:38:35","date_gmt":"2014-03-11T09:38:35","guid":{"rendered":"http:\/\/www.iuzb.org\/wordpress\/?p=8538"},"modified":"2016-11-23T15:43:40","modified_gmt":"2016-11-23T14:43:40","slug":"kammernachspiel-in-der-vertreterversammlung-des-versorgungswerkes","status":"publish","type":"post","link":"https:\/\/iuzb.de\/?p=8538","title":{"rendered":"Kammernachspiel in der Vertreterversammlung des Versorgungswerkes"},"content":{"rendered":"<p style=\"text-align: justify;\">Entsprechend unserem Satzungsauftrag, setzten wir uns \u201e<i>f\u00fcr mehr Transparenz in der zahn\u00e4rztlichen und vertragszahn\u00e4rztlichen Selbstverwaltung und der gemeinsamen Selbstverwaltung ein, sowie f\u00fcr eine Verbesserung der Information der Mitglieder<\/i>&#8222;. Im Rahmen dieser Selbstverpflichtung berichten wir seit \u00fcber einem Jahr mittels eines kleinen Live-Tickers* auch direkt aus den Delegierten- und Vertreterversammlungen unserer K\u00f6rperschaften. Dies geschieht nicht versteckt, sondern offen und zum Teil mit Ank\u00fcndigung auf unserem Portal IUZB.net. Berichterstatter bin ich. Ich schicke meine Kurzinfos per eMail an unsere Redaktion, welcher meine Infos aufbereitet und sie dann ver\u00f6ffentlicht. Genau genommen unterhalten wir damit keinen \u201e<em>Live-Ticker<\/em>\u201c, sondern lediglich eine zwar ereignisnahe, aber dennoch zur\u00fcckliegende Berichterstattung. Aber immerhin!<\/p>\n<p style=\"text-align: justify;\">Bisher haben wir unseren \u201e<em>Live-Ticke<\/em>r\u201c auch ohne Zensurversuch durch die anderen Wahllisten erstellen k\u00f6nnen. In der Vertreterversammlung vom <a href=\"https:\/\/iuzb.de\/?p=7480\" target=\"_blank\">30.11.2013<\/a> haben die Vertreter Dr. Gutsche und Dr. Kopp, beide vom &#8222;<a href=\"http:\/\/zahnaerzteverband-berlin.de\/dv.php\" target=\"_blank\">Verband der Zahn\u00e4rzte von Berlin<\/a>&#8222;,\u00a0 jedoch eine bemerkenswerte Initiative ergriffen, um unsere freie Berichterstattung zu behindern. Protokollauszug:<\/p>\n<blockquote><p>Herr Dr. Gutsche bittet aufgrund der <a href=\"http:\/\/www.iuzb.de\/?p=7661\" target=\"_blank\">Liveticker-Berichterstattung aus der letzten Delegiertenversammlung der Zahn\u00e4rztekammer Berlin<\/a> zu pr\u00fcfen, ob die Anwesenden verpflichtet werden k\u00f6nnen, dass w\u00e4hrend der Sitzung keine Details \u00fcber elektronische Medien nach au\u00dfen an Nichtmitglieder des Versorgungswerkes gegeben werden&#8230;<\/p>\n<p>Nach kurzer Diskussion stellt Herr Kopp den nachfolgenden Antrag:<\/p>\n<p>&#8222;Die Vertreterversammlung beschlie\u00dft eine Untersagung der \u201eLive-Ticker\u201c Berichterstattung w\u00e4hrend der Vertreterversammlung.&#8220;<\/p><\/blockquote>\n<p style=\"text-align: justify;\">Nicht nur mich hat dieser Antrag verbl\u00fcfft. Denn was hat meine bzw. unsere Berichterstattung aus einer zur\u00fcckliegenden Delegiertenversammlung der Zahn\u00e4rztekammer Berlin mit einer erst noch abzuhaltenden Vertreterversammlung des Versorgungswerkes zu tun?<\/p>\n<p style=\"text-align: justify;\">Objektiv betrachtet: Nichts!<\/p>\n<p style=\"text-align: justify;\">Subjektiv betrachtet sieht die Angelegenheit anders aus. Es ging in der von Herrn Dr. Gutsche benannten \u201e<i><a href=\"http:\/\/www.iuzb.de\/?p=7661\" target=\"_blank\">letzten Delegiertenversammlung<\/a><\/i>\u201c vom 21.11.2013 erneut um die \u00dcbergangsgeldregelung f\u00fcr den Kammerpr\u00e4sidenten. Aus dieser wichtigen Delegiertenversammlung haben wir selbstverst\u00e4ndlich in \u201eTicker-Form\u201c kurz und knapp berichtet. Aber offenbar ist es genau dieser Punkt, das \u00dcbergangsgeld f\u00fcr <a href=\"http:\/\/www.iuzb.de\/?p=7043\" target=\"_blank\">Herrn Dr. Schmiedel &amp; Co.<\/a>, es sollte urspr\u00fcnglich in der <a href=\"http:\/\/www.iuzb.de\/?p=7090\" target=\"_blank\">Delegiertenversammlung vom 19.09.<\/a> schnell und unauff\u00e4llig eingef\u00fchrt werden, welches im Focus der Herren Gutsche und Kopp steht. Der Einf\u00fchrungsversuch war jedoch schlampig vorbereitet worden, denn die beiden Altverb\u00e4nde hatten es unterlassen, diszipliniert ihre Mehrheit in der Abstimmung zum Tragen zu bringen &#8211; also selbst vermasselt. Aber auch damals haben wir im \u201eLive-Ticker\u201c und anschlie\u00dfend noch in Artikeln umfassend berichtet und so f\u00fcr umf\u00e4ngliche Transparenz gesorgt und Schlimmeres verhindert. Dies scheint die Kollegen Gutsche, Kopp &amp; Co. emotional so sehr belastet zu haben, dass sie eine M\u00f6glichkeit gesucht haben, \u201eihren Dampf irgendwie und irgendwo abzulassen\u201c.<\/p>\n<p style=\"text-align: justify;\">B\u00fchne hierf\u00fcr war dann die Vertreterversammlung des Versorgungswerkes. Wenn sie unsere Berichterstattung \u00fcber unser Portal \u201eIUZB.net\u201c nicht verbieten k\u00f6nnen, dann doch wenigstens unseren kleinen \u201e<i>Live-Ticker<\/i>\u201c, so das Kalk\u00fcl.<\/p>\n<p style=\"text-align: justify;\">Dass es um nichts anderes geht, als um \u201emachtpolitische Zensur\u201c der Mehrheitswahllisten, ist allein durch den Antrag belegt. Ein Sachzusammenhang zwischen der Kammer-DV und der Versorgungswerk-VV besteht weder inhaltlich noch rechtlich. Es wurde auch nicht einmal kritisch vorgetragen, dass wir bereits einen <a href=\"http:\/\/www.iuzb.de\/?p=5219\" target=\"_blank\">\u201e<em>Live-Ticker<\/em>\u201c aus der Vertreterversammlung des Versorgungswerkes vom 13.04.2013<\/a> ver\u00f6ffentlicht hatten.<\/p>\n<p style=\"text-align: justify;\">Es ist daher entt\u00e4uschend, dass die Vertreterversammlung diesen Antrag nicht zur\u00fcckgewiesen und den beiden Vertretern verst\u00e4ndlich gemacht hat, dass Sachverhalte aus der Delegiertenversammlung dort und nicht in der Vertreterversammlung des Versorgungswerkes ausgetragen werden sollten. Aber im Gegenteil: Der Vertreter Dr. Schmiedel schaltete sofort in den Kammerpr\u00e4sidentenmodus und k\u00fcndigte an, unseren kleinen \u201e<em>Live-Ticker<\/em>\u201c durch die Kammer rechtlich bewerten und dann k\u00fcnftig auch f\u00fcr die Delegiertenversammlung abschalten zu lassen.<\/p>\n<p style=\"text-align: justify;\">Leider kam auch kein Machtwort von den Vertretern aus Brandenburg und Bremen, um dieses \u201eKammernachspiel\u201c wirkungsvoll zu beenden &#8211; die entsandten Kolleginnen und die Kollegen haben sich \u2013 <a href=\"http:\/\/www.iuzb.de\/?p=219\" target=\"_blank\">wieder<\/a> <a href=\"http:\/\/www.iuzb.de\/?p=6900\" target=\"_blank\">einmal<\/a> \u2013 brav linientreu verhalten und gegen den \u201eLive-Ticker\u201c gestimmt. Lediglich der Kollege Herbert kam wohl etwas ins Gr\u00fcbeln und hatte anscheinend erkannt, dass hier das falsche St\u00fcck am falschen Ort aufgef\u00fchrt wurde. Erfreulicherweise hat er sich dann wenigstens der Stimme enthalten.<\/p>\n<p style=\"text-align: justify;\">F\u00fcr diese Vertreterversammlung war \u00fcbrigens gar kein \u201eLive-Ticker\u201c angek\u00fcndigt und auch nicht vorgesehen!<\/p>\n<p style=\"text-align: justify;\">Und wenn es etwas im Rahmen eines \u201eLive-Tickers\u201c zu berichten gegeben h\u00e4tte, dann nur, dass das Ergebnis 2012 mit einer durchschnittlichen Rentabilit\u00e4t der Kapitalanlagen von 4,61 % (unter Einbeziehung der stillen Reserven\/Lasten sogar bei \u00fcber 7 %) als sehr gut zu bezeichnen ist und dem Aufsichts- und dem Verwaltungsausschuss f\u00fcr das Gesch\u00e4ftsjahr 2012 einstimmig Entlastung erteilt wurde \u2013 also auch mit den Stimmen unserer beiden UNION 2012 Vertreter.<\/p>\n<p><img loading=\"lazy\" decoding=\"async\" class=\"alignleft size-full wp-image-16500\" src=\"https:\/\/iuzb.de\/wp-content\/uploads\/2013\/08\/Gerhard-Gneist-klein-150.jpg\" alt=\"gerhard-gneist-klein-150\" width=\"150\" height=\"200\" \/><\/p>\n<p>&nbsp;<\/p>\n<p>Gerhard Gneist<\/p>\n<p>als Sprecher der UNION 2012<a href=\"http:\/\/www.union-2012.de\/\" target=\"_blank\"><br \/>\n<\/a>und 1. Vorsitzender IUZB. e.V.<\/p>\n<p>&nbsp;<\/p>\n<p>&nbsp;<\/p>\n<p>&nbsp;<\/p>\n<p>&nbsp;<\/p>\n<p>&nbsp;<\/p>\n<p>&nbsp;<\/p>\n<table style=\"width: 816.117px;\" border=\"0\">\n<tbody>\n<tr>\n<td style=\"width: 707.117px;\" colspan=\"4\"><strong>* \u00dcbersicht bisherige &#8222;IUZB.net-Live-Ticker&#8220;<\/strong><\/td>\n<\/tr>\n<tr>\n<td style=\"width: 88px;\"><a href=\"https:\/\/iuzb.de\/?p=13264\" target=\"_blank\">31.01.2013<\/a><br \/>\n<a href=\"https:\/\/iuzb.de\/?p=13264\" target=\"_blank\">31.01.2013<\/a><\/td>\n<td style=\"width: 131px;\">Z\u00c4K<\/td>\n<td style=\"width: 192px;\">Delegiertenversammlung<\/td>\n<td style=\"width: 296.117px;\">Konstituierung und Vorstandswahl<br \/>\nEntsendungswahl Versorgungswerk<\/td>\n<\/tr>\n<tr>\n<td style=\"width: 88px;\"><a href=\"https:\/\/iuzb.de\/?p=13245\" target=\"_blank\">28.02.2013<\/a><\/td>\n<td style=\"width: 131px;\">Z\u00c4K<\/td>\n<td style=\"width: 192px;\">Delegiertenversammlung<\/td>\n<td style=\"width: 296.117px;\">Ausschusswahlen<\/td>\n<\/tr>\n<tr>\n<td style=\"width: 88px;\"><a href=\"http:\/\/www.iuzb.de\/?p=5219\" target=\"_blank\">13.04.2013<\/a><\/td>\n<td style=\"width: 131px;\">Versorgungswerk<\/td>\n<td style=\"width: 192px;\">Vertreterversammlung<\/td>\n<td style=\"width: 296.117px;\">Konstituierung und Ausschusswahlen<\/td>\n<\/tr>\n<tr>\n<td style=\"width: 88px;\"><a href=\"http:\/\/www.iuzb.de\/?p=7090\" target=\"_blank\">19.09.2013<\/a><\/td>\n<td style=\"width: 131px;\">Z\u00c4K<\/td>\n<td style=\"width: 192px;\">Delegiertenversammlung<\/td>\n<td style=\"width: 296.117px;\">\u00dcbergangsgeld<\/td>\n<\/tr>\n<tr>\n<td style=\"width: 88px;\"><a href=\"http:\/\/www.iuzb.de\/?p=7661\" target=\"_blank\">21.11.2013<\/a><\/td>\n<td style=\"width: 131px;\">Z\u00c4K<\/td>\n<td style=\"width: 192px;\">Delegiertenversammlung<\/td>\n<td style=\"width: 296.117px;\">\u00dcbergangsgeld<\/td>\n<\/tr>\n<tr>\n<td style=\"width: 88px;\"><a href=\"http:\/\/www.iuzb.de\/?p=7852\" target=\"_blank\">09.12.2013<\/a><\/td>\n<td style=\"width: 131px;\">KZV<\/td>\n<td style=\"width: 192px;\">Vertreterversammlung<\/td>\n<td style=\"width: 296.117px;\">HVM<\/td>\n<\/tr>\n<tr>\n<td style=\"width: 88px;\"><a href=\"http:\/\/www.iuzb.de\/?p=8347\" target=\"_blank\">20.02.2014<\/a><\/td>\n<td style=\"width: 131px;\">Z\u00c4K<\/td>\n<td style=\"width: 192px;\">Delegiertenversammlung<\/td>\n<td style=\"width: 296.117px;\">\u00dcbergangsgeld Ausschuss-Wahl<\/td>\n<\/tr>\n<\/tbody>\n<\/table>\n<p>&nbsp;<\/p>\n","protected":false},"excerpt":{"rendered":"<p>Entsprechend unserem Satzungsauftrag, setzten wir uns \u201ef\u00fcr mehr Transparenz in der zahn\u00e4rztlichen und vertragszahn\u00e4rztlichen Selbstverwaltung und der gemeinsamen Selbstverwaltung ein, sowie f\u00fcr eine Verbesserung der Information der Mitglieder&#8222;. Im Rahmen [&#8230;]<\/p>\n","protected":false},"author":13,"featured_media":0,"comment_status":"closed","ping_status":"closed","sticky":false,"template":"","format":"standard","meta":{"ngg_post_thumbnail":0,"iawp_total_views":3,"footnotes":""},"categories":[91,87],"tags":[],"class_list":["post-8538","post","type-post","status-publish","format-standard","hentry","category-delegiertenversammlung","category-vertreterversammlung"],"_links":{"self":[{"href":"https:\/\/iuzb.de\/index.php?rest_route=\/wp\/v2\/posts\/8538","targetHints":{"allow":["GET"]}}],"collection":[{"href":"https:\/\/iuzb.de\/index.php?rest_route=\/wp\/v2\/posts"}],"about":[{"href":"https:\/\/iuzb.de\/index.php?rest_route=\/wp\/v2\/types\/post"}],"author":[{"embeddable":true,"href":"https:\/\/iuzb.de\/index.php?rest_route=\/wp\/v2\/users\/13"}],"replies":[{"embeddable":true,"href":"https:\/\/iuzb.de\/index.php?rest_route=%2Fwp%2Fv2%2Fcomments&post=8538"}],"version-history":[{"count":17,"href":"https:\/\/iuzb.de\/index.php?rest_route=\/wp\/v2\/posts\/8538\/revisions"}],"predecessor-version":[{"id":16581,"href":"https:\/\/iuzb.de\/index.php?rest_route=\/wp\/v2\/posts\/8538\/revisions\/16581"}],"wp:attachment":[{"href":"https:\/\/iuzb.de\/index.php?rest_route=%2Fwp%2Fv2%2Fmedia&parent=8538"}],"wp:term":[{"taxonomy":"category","embeddable":true,"href":"https:\/\/iuzb.de\/index.php?rest_route=%2Fwp%2Fv2%2Fcategories&post=8538"},{"taxonomy":"post_tag","embeddable":true,"href":"https:\/\/iuzb.de\/index.php?rest_route=%2Fwp%2Fv2%2Ftags&post=8538"}],"curies":[{"name":"wp","href":"https:\/\/api.w.org\/{rel}","templated":true}]}}