{"id":8216,"date":"2014-02-06T03:46:54","date_gmt":"2014-02-06T02:46:54","guid":{"rendered":"http:\/\/www.iuzb.org\/wordpress\/?p=8216"},"modified":"2016-11-19T17:40:48","modified_gmt":"2016-11-19T16:40:48","slug":"apothekenlobbyist-staatsanwaltschaft-darf-dinge-beim-namen-nennen","status":"publish","type":"post","link":"https:\/\/iuzb.de\/?p=8216","title":{"rendered":"\u201cApothekenlobbyist&#8220; &#8211; Staatsanwaltschaft darf Dinge beim Namen nennen"},"content":{"rendered":"<p>Die Staatsanwaltschaft darf die \u00d6ffentlichkeit auch unter Verwendung von Schlagworten \u00fcber eine Anklageerhebung informieren. Das hat das Verwaltungsgericht Berlin entschieden.<\/p>\n<p>Im Dezember 2012 wurde in der \u00d6ffentlichkeit bekannt, dass vertrauliche Daten des Bundesgesundheitsministeriums auf ungekl\u00e4rte Weise in die H\u00e4nde von nicht dem Ministerium zugeh\u00f6rigen Personen gelangt waren. Im Januar 2014 hat die Staatsanwaltschaft Berlin \u00fcber die u.a. gegen den Antragsteller erhobene Anklage eine Pressemitteilung unter der \u00dcberschrift \u201e<a href=\"https:\/\/iuzb.de\/?p=8069\" target=\"_blank\">Datenklau im Bundesgesundheitsministerium \u2026<\/a>\u201c ver\u00f6ffentlicht. Darin wird der Antragsteller als \u201cApothekenlobbyist\u201c bezeichnet. Der Antragsteller begehrt die L\u00f6schung der auf dem Online-Portal \u201eBerlin.de\u201c ver\u00f6ffentlichten Pressemitteilung. Er h\u00e4lt die verwendeten Begriffe f\u00fcr despektierlich und unsachlich.<\/p>\n<p>Dem ist das Verwaltungsgericht nicht gefolgt und hat einen L\u00f6schungsanspruch verneint. Die Staatsanwaltschaft habe das Sachlichkeitsgebot gewahrt. Der Begriff \u201eDatenklau\u201c sei von der Staatsanwaltschaft verwendet worden, um schlagwortartig den Umstand zu bezeichnen, dass gegen den Antragsteller wegen des Versto\u00dfes gegen datenschutzrechtliche Strafvorschriften Anklage erhoben worden sei. Die Formulierung \u201eDatenklau im Bundesgesundheitsministerium\u201c greife eine Formel auf, welche seit Monaten in den Medien als Schlagwort f\u00fcr die der Anklageschrift zugrunde liegenden Vorg\u00e4nge Verwendung finde. Sie sei der interessierten \u00d6ffentlichkeit bereits bekannt und habe einen hohen Wiedererkennungswert. Auch die Bezeichnung \u201eApothekenlobbyist\u201c sei nicht unsachlich. Die Staatsanwaltschaft gehe in ihrer Anklageschrift davon aus, dass der Antragsteller zeitweise als Interessenvertreter im Bereich des Apothekenwesens t\u00e4tig gewesen sei. Im \u00dcbrigen habe sie den in der Anklageschrift verwendeten Begriff \u00fcbernommen, um in der gebotenen K\u00fcrze sowohl den Kontext der angeklagten Taten als auch die von ihr angenommene Motivationslage des Antragstellers zu umschreiben.<\/p>\n<p>Gegen die Entscheidung ist die Beschwerde beim Oberverwaltungsgericht Berlin-Brandenburg zul\u00e4ssig.<\/p>\n<p><a href=\"http:\/\/www.berlin.de\/imperia\/md\/content\/senatsverwaltungen\/justiz\/gerichte\/vg2\/entscheidungen\/01_l_0017_14___140131___beschluss_eilverfahren___anonymisiert.pdf?download.html\" target=\"_blank\">Beschluss<\/a> der 1. Kammer vom 31. Januar 2014 &#8211; VG 1 L 17.14 &#8211;<\/p>\n<p>Verwaltungsgericht Berlin, Pressemitteilung vom <a href=\"http:\/\/www.berlin.de\/sen\/justiz\/gerichte\/vg\/presse\/archiv\/20140205.1045.394153.html\" target=\"_blank\">05.02.2014<\/a><strong class=\"fn org\"><br \/>\n<\/strong><\/p>\n","protected":false},"excerpt":{"rendered":"<p>Die Staatsanwaltschaft darf die \u00d6ffentlichkeit auch unter Verwendung von Schlagworten \u00fcber eine Anklageerhebung informieren. Das hat das Verwaltungsgericht Berlin entschieden. Im Dezember 2012 wurde in der \u00d6ffentlichkeit bekannt, dass vertrauliche [&#8230;]<\/p>\n","protected":false},"author":13,"featured_media":0,"comment_status":"closed","ping_status":"closed","sticky":false,"template":"","format":"standard","meta":{"ngg_post_thumbnail":0,"iawp_total_views":0,"footnotes":""},"categories":[68],"tags":[],"class_list":["post-8216","post","type-post","status-publish","format-standard","hentry","category-recht"],"_links":{"self":[{"href":"https:\/\/iuzb.de\/index.php?rest_route=\/wp\/v2\/posts\/8216","targetHints":{"allow":["GET"]}}],"collection":[{"href":"https:\/\/iuzb.de\/index.php?rest_route=\/wp\/v2\/posts"}],"about":[{"href":"https:\/\/iuzb.de\/index.php?rest_route=\/wp\/v2\/types\/post"}],"author":[{"embeddable":true,"href":"https:\/\/iuzb.de\/index.php?rest_route=\/wp\/v2\/users\/13"}],"replies":[{"embeddable":true,"href":"https:\/\/iuzb.de\/index.php?rest_route=%2Fwp%2Fv2%2Fcomments&post=8216"}],"version-history":[{"count":2,"href":"https:\/\/iuzb.de\/index.php?rest_route=\/wp\/v2\/posts\/8216\/revisions"}],"predecessor-version":[{"id":16134,"href":"https:\/\/iuzb.de\/index.php?rest_route=\/wp\/v2\/posts\/8216\/revisions\/16134"}],"wp:attachment":[{"href":"https:\/\/iuzb.de\/index.php?rest_route=%2Fwp%2Fv2%2Fmedia&parent=8216"}],"wp:term":[{"taxonomy":"category","embeddable":true,"href":"https:\/\/iuzb.de\/index.php?rest_route=%2Fwp%2Fv2%2Fcategories&post=8216"},{"taxonomy":"post_tag","embeddable":true,"href":"https:\/\/iuzb.de\/index.php?rest_route=%2Fwp%2Fv2%2Ftags&post=8216"}],"curies":[{"name":"wp","href":"https:\/\/api.w.org\/{rel}","templated":true}]}}