{"id":7808,"date":"2013-12-03T11:39:26","date_gmt":"2013-12-03T10:39:26","guid":{"rendered":"http:\/\/www.iuzb.org\/wordpress\/?p=7808"},"modified":"2016-12-09T13:09:15","modified_gmt":"2016-12-09T12:09:15","slug":"dauer-wahl-abo-affaere-rechtsunsicherheit-bleibt-bis-auf-weiteres-bestehen","status":"publish","type":"post","link":"https:\/\/iuzb.de\/?p=7808","title":{"rendered":"&#8222;Dauer-Wahl-Abo-Aff\u00e4re&#8220;: Rechtsunsicherheit bleibt bis auf Weiteres bestehen"},"content":{"rendered":"<p style=\"text-align: justify;\">Nach Abschluss der Vertreterversammlung des Versorgungswerkes der Zahn\u00e4rztekammer Berlin am <a href=\"http:\/\/www.iuzb.de\/?p=7480\" target=\"_blank\">30.11.2013<\/a> ist deutlich geworden, dass weiterhin kein vorrangiges Interesse daran besteht, eine zeitnahe und einvernehmliche L\u00f6sung des Problems der fehlenden Legitimation der Brandenburg Vertreter f\u00fcr ihr Amt in der Vertreterversammlung des Versorgungswerkes der Zahn\u00e4rztekammer Berlin zu erreichen. Vermittelte die Darstellung von drei \u201eHandlungsvarianten\u201c durch den Pr\u00e4sidenten der Landeszahn\u00e4rztekammer Brandenburg zun\u00e4chst noch die Einsicht in einen scheinbaren Handlungsbedarf, so machte <span style=\"text-decoration: underline;\">seine<\/span> Verortung der Verantwortung f\u00fcr die aufgetretene Problematik beim Berliner Senat bzw. bei der Zahn\u00e4rztekammer Berlin erneut deutlich, dass eine schnell umzusetzende Korrektur der Legitimationsdefizite durch Nachwahlen (gar) nicht angestrebt wird.<\/p>\n<p style=\"text-align: justify;\">Eine \u00c4nderung des Berliner Kammergesetz ist auf absehbare Zeit nicht zu erwarten.<\/p>\n<p style=\"text-align: justify;\">Dar\u00fcber hinaus wirkt es weiterhin verst\u00f6rend, dass das Versorgungswerk, und praktisch auch die beteiligten Kammern, es <a href=\"http:\/\/www.iuzb.de\/?p=7524\" target=\"_blank\">abgelehnt<\/a> haben, dem von Versorgungswerk konsultierten Rechtsanwalt nach Vorlage seiner <a href=\"https:\/\/iuzb.de\/wp-content\/uploads\/2013\/10\/2013-09-13-Stellungnahme-Ewer.pdf\" target=\"_blank\">Stellungnahme<\/a> nicht auch noch die von der UNION 2012 gestellten <a href=\"http:\/\/www.iuzb.de\/?p=7248\" target=\"_blank\">Erg\u00e4nzungsfragen<\/a> zur Beantwortung vorzulegen.<\/p>\n<p>Dr. H. Dohmeier-de Haan<br \/>\nMitglied der Vertreterversammlung<br \/>\ndes Versorgungswerkes der Zahn\u00e4rztekammer Berlin<\/p>\n<p><span style=\"color: #ffffff;\">.<\/span><\/p>\n<p><span style=\"color: #ffffff;\">.<\/span><\/p>\n","protected":false},"excerpt":{"rendered":"<p>Nach Abschluss der Vertreterversammlung des Versorgungswerkes der Zahn\u00e4rztekammer Berlin am 30.11.2013 ist deutlich geworden, dass weiterhin kein vorrangiges Interesse daran besteht, eine zeitnahe und einvernehmliche L\u00f6sung des Problems der fehlenden [&#8230;]<\/p>\n","protected":false},"author":13,"featured_media":0,"comment_status":"closed","ping_status":"closed","sticky":false,"template":"","format":"standard","meta":{"ngg_post_thumbnail":0,"iawp_total_views":3,"footnotes":""},"categories":[144],"tags":[],"class_list":["post-7808","post","type-post","status-publish","format-standard","hentry","category-dauer-wahl-abo-affaere"],"_links":{"self":[{"href":"https:\/\/iuzb.de\/index.php?rest_route=\/wp\/v2\/posts\/7808","targetHints":{"allow":["GET"]}}],"collection":[{"href":"https:\/\/iuzb.de\/index.php?rest_route=\/wp\/v2\/posts"}],"about":[{"href":"https:\/\/iuzb.de\/index.php?rest_route=\/wp\/v2\/types\/post"}],"author":[{"embeddable":true,"href":"https:\/\/iuzb.de\/index.php?rest_route=\/wp\/v2\/users\/13"}],"replies":[{"embeddable":true,"href":"https:\/\/iuzb.de\/index.php?rest_route=%2Fwp%2Fv2%2Fcomments&post=7808"}],"version-history":[{"count":3,"href":"https:\/\/iuzb.de\/index.php?rest_route=\/wp\/v2\/posts\/7808\/revisions"}],"predecessor-version":[{"id":18106,"href":"https:\/\/iuzb.de\/index.php?rest_route=\/wp\/v2\/posts\/7808\/revisions\/18106"}],"wp:attachment":[{"href":"https:\/\/iuzb.de\/index.php?rest_route=%2Fwp%2Fv2%2Fmedia&parent=7808"}],"wp:term":[{"taxonomy":"category","embeddable":true,"href":"https:\/\/iuzb.de\/index.php?rest_route=%2Fwp%2Fv2%2Fcategories&post=7808"},{"taxonomy":"post_tag","embeddable":true,"href":"https:\/\/iuzb.de\/index.php?rest_route=%2Fwp%2Fv2%2Ftags&post=7808"}],"curies":[{"name":"wp","href":"https:\/\/api.w.org\/{rel}","templated":true}]}}