{"id":7573,"date":"2013-11-15T18:33:07","date_gmt":"2013-11-15T17:33:07","guid":{"rendered":"http:\/\/www.iuzb.org\/wordpress\/?p=7573"},"modified":"2016-12-09T13:01:55","modified_gmt":"2016-12-09T12:01:55","slug":"dauer-wahl-abo-affaere-berliner-opposition-darf-nicht-in-die-brandenburger-kammerversammlung","status":"publish","type":"post","link":"https:\/\/iuzb.de\/?p=7573","title":{"rendered":"\u201eDauer-Wahl-Abo-Aff\u00e4re\u201c: Berliner Opposition darf nicht in die Brandenburger Kammerversammlung"},"content":{"rendered":"<p>E-Mail vom 13.11.2013:<\/p>\n<blockquote><p>Sehr geehrter Herr Kollege Herbert,<\/p>\n<p>in Ihrem Schreiben,\u00a0 vom <a href=\"https:\/\/iuzb.de\/wp-content\/uploads\/2013\/10\/2013_08_05_Dohmeier-de-Haan_Berliner_Wellen.pdf\" target=\"_blank\">5. August 2013<\/a> hatten Sie die Mitglieder der Landeszahn\u00e4rztekammer Brandenburg dar\u00fcber informiert, dass Sie auf der n\u00e4chsten Kammerversammlung am 16. November 2013 in Motzen zu dem Thema: \u201c Wahl der Brandenburger Delegierten zum Versorgungswerk der Zahn\u00e4rztekammer Berlin\u201c noch einmal Stellung nehmen werden.<\/p>\n<p>Sie hatten auch mitgeteilt, dass Sie ihre &#8222;Aufsicht \u00fcber diese Vorg\u00e4nge informieren\u201c werden.<\/p>\n<p>Meine Frage ist:<\/p>\n<p>Hat es seitens ihrer Aufsichtsbeh\u00f6rde eine Stellungnahme zu der nicht erfolgten Wahl der Brandenburger Delegierten zur dritten Legislaturperiode der Vertreterversammlung der Zahn\u00e4rztekammer Berlin gegeben? Wenn ja, w\u00e4ren Sie bereit, mir eine Kopie der Stellungnahme zur Verf\u00fcgung zu stellen?<\/p>\n<p>In\u00a0 Ihrem Schreiben\u00a0 an die Kolleginnen und Kollegen hatten sie auch erw\u00e4hnt, dass\u00a0 sich Ihnen das &#8222;Vorgehen des Kollegen Dohmeier&#8220; nicht erschlie\u00dft.<\/p>\n<p><strong>In diesem Zusammenhang m\u00f6chte ich Sie bitten, mir Gelegenheit zu geben, auf der Versammlung am 16. November 2013 auf eventuelle Fragen aus der Mitte der Delegiertenversammlung Stellung nehmen zu d\u00fcrfen.<\/strong><\/p>\n<p>Mit freundlichen und kollegialen Gr\u00fc\u00dfen<\/p>\n<p>Dr. Heinz-Helmut Dohmeier-de Haan<br \/>\n<small><small><span style=\"font-size: small;\">Mitglied des Versorgungswerkes der Zahn\u00e4rztekammer Berlin (Wahlliste Union 2012)<\/span><br \/>\n<\/small><\/small><\/p><\/blockquote>\n<p>Antwort vom 15.11.2013:<\/p>\n<blockquote><p>Sehr geehrter Herr Kollege Dohmeier,<\/p>\n<p>wir haben mit der Aufsicht das weitere Vorgehen besprochen und werden in der Kammerversammlung Beschl\u00fcsse fassen. Eine Stellungnahme Ihrerseits auf der KV ist nicht notwendig.<\/p>\n<p>Mit kollegialen Gr\u00fcssen<\/p>\n<p>J\u00fcrgen Herbert<\/p><\/blockquote>\n<p>Au\u00dferdem hatte Herr Gerhard Gneist telefonisch darum gebeten als <a href=\"http:\/\/www.lzkb.de\/kammer\/kammerversammlungsmitglieder\/termine\" target=\"_blank\">Gast<\/a> an der Kammerversammlung teilnehmen zu d\u00fcrfen, was ihm vom Sekretariat des Brandenburger Kammerpr\u00e4sidenten unter Verweis auf die <a href=\"http:\/\/www.lzkb.de\/images\/lzkb_inhalt\/zahnaerzte\/berufsrecht\/LZKB_Hauptsatzung.pdf\" target=\"_blank\">Hauptsatzung<\/a> (\u00a7 7 Absatz 2), wonach die Kammerversammlung lediglich f\u00fcr Kammerangeh\u00f6rige \u00f6ffentlich ist, entschieden verwehrt wurde.<\/p>\n<ul>\n<li>Termin:<br \/>\nBrandenburger <a href=\"http:\/\/www.lzkb.de\/kammer\/kammerversammlungsmitglieder\/termine\" target=\"_blank\">Kammerversammlung<\/a>, Morgen (16.11)<br \/>\nHotel Residenz am Motzener See,<br \/>\n<a href=\"https:\/\/maps.google.de\/maps?q=T%C3%B6pchiner+Stra%C3%9Fe+4,+15741+Motzen&amp;ie=UTF8&amp;hnear=T%C3%B6pchiner+Stra%C3%9Fe+4,+Motzen+15749+Mittenwalde&amp;t=m&amp;z=16\" target=\"_blank\">T\u00f6pchiner Stra\u00dfe 4<\/a>, 15741 Motzen<br \/>\nBeginn 10:00 Uhr<br \/>\nDie Tagesordnung wurde, soweit mir bekannt, vorher nicht allgemeinver\u00f6ffentlicht.<\/li>\n<\/ul>\n<p>&nbsp;<\/p>\n<p>&nbsp;<\/p>\n","protected":false},"excerpt":{"rendered":"<p>E-Mail vom 13.11.2013: Sehr geehrter Herr Kollege Herbert, in Ihrem Schreiben,\u00a0 vom 5. August 2013 hatten Sie die Mitglieder der Landeszahn\u00e4rztekammer Brandenburg dar\u00fcber informiert, dass Sie auf der n\u00e4chsten Kammerversammlung [&#8230;]<\/p>\n","protected":false},"author":13,"featured_media":0,"comment_status":"closed","ping_status":"closed","sticky":false,"template":"","format":"standard","meta":{"ngg_post_thumbnail":0,"iawp_total_views":3,"footnotes":""},"categories":[144],"tags":[],"class_list":["post-7573","post","type-post","status-publish","format-standard","hentry","category-dauer-wahl-abo-affaere"],"_links":{"self":[{"href":"https:\/\/iuzb.de\/index.php?rest_route=\/wp\/v2\/posts\/7573","targetHints":{"allow":["GET"]}}],"collection":[{"href":"https:\/\/iuzb.de\/index.php?rest_route=\/wp\/v2\/posts"}],"about":[{"href":"https:\/\/iuzb.de\/index.php?rest_route=\/wp\/v2\/types\/post"}],"author":[{"embeddable":true,"href":"https:\/\/iuzb.de\/index.php?rest_route=\/wp\/v2\/users\/13"}],"replies":[{"embeddable":true,"href":"https:\/\/iuzb.de\/index.php?rest_route=%2Fwp%2Fv2%2Fcomments&post=7573"}],"version-history":[{"count":2,"href":"https:\/\/iuzb.de\/index.php?rest_route=\/wp\/v2\/posts\/7573\/revisions"}],"predecessor-version":[{"id":18101,"href":"https:\/\/iuzb.de\/index.php?rest_route=\/wp\/v2\/posts\/7573\/revisions\/18101"}],"wp:attachment":[{"href":"https:\/\/iuzb.de\/index.php?rest_route=%2Fwp%2Fv2%2Fmedia&parent=7573"}],"wp:term":[{"taxonomy":"category","embeddable":true,"href":"https:\/\/iuzb.de\/index.php?rest_route=%2Fwp%2Fv2%2Fcategories&post=7573"},{"taxonomy":"post_tag","embeddable":true,"href":"https:\/\/iuzb.de\/index.php?rest_route=%2Fwp%2Fv2%2Ftags&post=7573"}],"curies":[{"name":"wp","href":"https:\/\/api.w.org\/{rel}","templated":true}]}}