{"id":7560,"date":"2013-11-11T11:56:23","date_gmt":"2013-11-11T10:56:23","guid":{"rendered":"http:\/\/www.iuzb.org\/wordpress\/?p=7560"},"modified":"2016-11-17T10:40:33","modified_gmt":"2016-11-17T09:40:33","slug":"wolfgang-esser-neuer-vorstandsvorsitzender-der-kzbv","status":"publish","type":"post","link":"https:\/\/iuzb.de\/?p=7560","title":{"rendered":"Wolfgang E\u00dfer neuer Vorstandsvorsitzender der KZBV"},"content":{"rendered":"<p><a href=\"http:\/\/www.kzbv.de\/pressemitteilung-vom-6-11-2013.817.de.html\" target=\"_blank\">Pressemitteilung<\/a> der KZBV vom 06.11.2013:<\/p>\n<blockquote><p>Die <a href=\"http:\/\/www.kzbv.de\/die-vertreterversammlung.355.de.html\" target=\"_blank\">Vertreterversammlung<\/a> der Kassenzahn\u00e4rztlichen Bundesvereinigung (KZBV) hat heute Abend in Frankfurt den M\u00f6nchengladbacher Zahnarzt Dr. Wolfgang E\u00dfer (59) mit gro\u00dfer Mehrheit zum neuen Vorsitzenden des dreik\u00f6pfigen Vorstands gew\u00e4hlt. Er erhielt 50 der 59 Delegiertenstimmen. E\u00dfer ist seit 2002 Vorstandsmitglied der KZBV.<\/p>\n<p>Neben ihm geh\u00f6ren die Zahn\u00e4rzte Dr. J\u00fcrgen Fedderwitz (63) und Dr. G\u00fcnther E. Buchholz (61) weiterhin als stellvertretende Vorsitzende zum Leitungsgremium der Vertragszahn\u00e4rzteorganisation.<\/p>\n<p>Zu seiner Wahl sagte E\u00dfer: \u201eDas etablierte dreik\u00f6pfige Vorstandsteam der KZBV bleibt f\u00fcr die n\u00e4chsten drei Jahre zusammen. Gemeinsam stehen wir f\u00fcr Kontinuit\u00e4t in der zahn\u00e4rztlichen Berufspolitik. Die Erfolge in der zahnmedizinischen Versorgung und der Berufspolitik der letzten Jahre haben uns darin best\u00e4rkt, diesen Weg weiter zu gehen.\u201c<\/p>\n<p>Wolfgang E\u00dfer ist Vertragsexperte und federf\u00fchrend bei Versorgungsfragen. Unter anderem war er ma\u00dfgeblich an der Entwicklung des neuen Versorgungskonzeptes der Zahn\u00e4rzteschaft f\u00fcr Pflegebed\u00fcrftige und Menschen mit Behinderung beteiligt.<\/p>\n<ul>\n<li>Dr. Wolfgang E\u00dfer &#8211; Vorsitzender des Vorstandes &#8211; <a href=\"http:\/\/www.kzbv.de\/dr-wolfgang-esser.359.de.html\" target=\"_blank\">Vita<\/a><\/li>\n<li>Dr. J\u00fcrgen Fedderwitz &#8211; Stellvertretender Vorsitzender des Vorstandes &#8211; <a href=\"http:\/\/www.kzbv.de\/dr-juergen-fedderwitz.357.de.html\" target=\"_blank\">Vit<\/a><\/li>\n<li>Dr. G\u00fcnther E. Buchholz &#8211; Stellvertretender Vorsitzender des Vorstandes &#8211; <a href=\"http:\/\/www.kzbv.de\/dr-guenther-e-buchholz.358.de.html\" target=\"_blank\">Vita<\/a><\/li>\n<\/ul>\n<\/blockquote>\n<p><span style=\"color: #ffffff;\">.<\/span><\/p>\n<p><span style=\"color: #ffffff;\">\u00a0<\/span><\/p>\n","protected":false},"excerpt":{"rendered":"<p>Pressemitteilung der KZBV vom 06.11.2013: Die Vertreterversammlung der Kassenzahn\u00e4rztlichen Bundesvereinigung (KZBV) hat heute Abend in Frankfurt den M\u00f6nchengladbacher Zahnarzt Dr. Wolfgang E\u00dfer (59) mit gro\u00dfer Mehrheit zum neuen Vorsitzenden des [&#8230;]<\/p>\n","protected":false},"author":13,"featured_media":0,"comment_status":"closed","ping_status":"closed","sticky":false,"template":"","format":"standard","meta":{"ngg_post_thumbnail":0,"iawp_total_views":1,"footnotes":""},"categories":[122],"tags":[],"class_list":["post-7560","post","type-post","status-publish","format-standard","hentry","category-kzbv"],"_links":{"self":[{"href":"https:\/\/iuzb.de\/index.php?rest_route=\/wp\/v2\/posts\/7560","targetHints":{"allow":["GET"]}}],"collection":[{"href":"https:\/\/iuzb.de\/index.php?rest_route=\/wp\/v2\/posts"}],"about":[{"href":"https:\/\/iuzb.de\/index.php?rest_route=\/wp\/v2\/types\/post"}],"author":[{"embeddable":true,"href":"https:\/\/iuzb.de\/index.php?rest_route=\/wp\/v2\/users\/13"}],"replies":[{"embeddable":true,"href":"https:\/\/iuzb.de\/index.php?rest_route=%2Fwp%2Fv2%2Fcomments&post=7560"}],"version-history":[{"count":1,"href":"https:\/\/iuzb.de\/index.php?rest_route=\/wp\/v2\/posts\/7560\/revisions"}],"predecessor-version":[{"id":16022,"href":"https:\/\/iuzb.de\/index.php?rest_route=\/wp\/v2\/posts\/7560\/revisions\/16022"}],"wp:attachment":[{"href":"https:\/\/iuzb.de\/index.php?rest_route=%2Fwp%2Fv2%2Fmedia&parent=7560"}],"wp:term":[{"taxonomy":"category","embeddable":true,"href":"https:\/\/iuzb.de\/index.php?rest_route=%2Fwp%2Fv2%2Fcategories&post=7560"},{"taxonomy":"post_tag","embeddable":true,"href":"https:\/\/iuzb.de\/index.php?rest_route=%2Fwp%2Fv2%2Ftags&post=7560"}],"curies":[{"name":"wp","href":"https:\/\/api.w.org\/{rel}","templated":true}]}}