{"id":7480,"date":"2013-10-30T10:56:26","date_gmt":"2013-10-30T09:56:26","guid":{"rendered":"http:\/\/www.iuzb.org\/wordpress\/?p=7480"},"modified":"2016-11-10T12:47:45","modified_gmt":"2016-11-10T11:47:45","slug":"vzb-einladung-vertreterversammlung-am-30-11-2013","status":"publish","type":"post","link":"https:\/\/iuzb.de\/?p=7480","title":{"rendered":"VZB: Einladung Vertreterversammlung am 30.11.2013"},"content":{"rendered":"<p><strong>EINLADUNG<\/strong><br \/>\n<span style=\"text-decoration: underline;\">zur 2. Ordentlichen Vertreterversammlung in der 3. Amtsperiode<\/span><br \/>\ndes Versorgungswerkes der Zahn\u00e4rztekammer Berlin<\/p>\n<p><strong><span style=\"color: #ff0000;\">Die Vertreterversammlung ist f\u00fcr alle Mitglieder des Versorgungswerkes \u00f6ffentlich!<br \/>\n<\/span><\/strong><\/p>\n<p>&nbsp;<\/p>\n<blockquote><p><strong>An<\/strong><br \/>\n<strong>&#8211; Vertreterversammlung<\/strong><br \/>\n<strong>&#8211; Aufsichstausschuss<\/strong><br \/>\n<strong>&#8211; Verwaltungsausschuss<\/strong><br \/>\n<strong>&#8211; SenGS \/ Sen WTF<\/strong><br \/>\n<strong>&#8211; beteiligte Kammern<\/strong><\/p>\n<p>Sehr geehrte Damen und Herren,<\/p>\n<p>hiermit laden wir Sie zu der am<\/p>\n<p style=\"text-align: center;\"><strong>Samstag, 30. November 2013, 10:00 Uhr<\/strong><br \/>\nim Zahn\u00e4rztehaus, <a href=\"https:\/\/maps.google.de\/maps?q=Georg-Wilhelm-Stra%C3%9Fe+16&amp;ie=UTF8&amp;hnear=Georg-Wilhelm-Stra%C3%9Fe+16,+10711+Berlin&amp;t=m&amp;z=16\" target=\"_blank\">Georg-Wilhelm-Stra\u00dfe 16<\/a>,<br \/>\nSitzungssaal, 10711 Berlin-Wilmersdorf<\/p>\n<p>stattfindenden<\/p>\n<p style=\"text-align: center;\"><strong>2. Ordentlichen Vertreterversammlung<\/strong><\/p>\n<p>ein.<\/p>\n<p style=\"text-align: center;\"><strong>Tagesordnung<\/strong><\/p>\n<ol>\n<li>Begr\u00fc\u00dfung und Regularien<\/li>\n<li>Antr\u00e4ge<\/li>\n<li>Bericht des Versorgungswerkes der Zahn\u00e4rztekammer Berlin \u00fcber das Kalenderjahr 2012 (Anlage 1)<\/li>\n<li>Bericht des Wirtschaftspr\u00fcfers des Versorgungswerkes der Zahn\u00e4rztekammer Berlin (Anlage 2)<\/li>\n<li>Diskussion zum TOP 3 und 4<\/li>\n<li>Verwendung der \u00dcbersch\u00fcsse \/ <strong>Beschluss<\/strong><\/li>\n<li>Feststellung des Jahresabschlusses des Versorgungswerkes der Zahn\u00e4rztekammer Berlin f\u00fcr das Kalenderjahr 2012 \/ <strong>Beschluss<\/strong><\/li>\n<li>Entlastung des Aufsichts- und des Verwaltungsaussschusses des Versorgungswerkes der Zahn\u00e4rztekammer Berlin f\u00fcr das Kalenderjahr 2012 \/<strong> Beschluss<\/strong><\/li>\n<li>Satzungs\u00e4nderungen (Anlage 3) \/ <strong>Beschluss<\/strong><\/li>\n<li>Innerbetriebliche Richtlinien f\u00fcr die Kapitalanlage (Anlage 4) \/ <strong>Beschluss<\/strong><\/li>\n<li>Ausblick auf die Jahre 2013 und 2014<\/li>\n<li>Verschiedenes<\/li>\n<\/ol>\n<p>Ein Imbiss wird bereitgestellt.<\/p>\n<p>gez. Dr. Eckehard Sch\u00e4fer<br \/>\nVorsitzender des Aufsichtsausschussus<\/p>\n<p>gez. Dr. J\u00f6rg Meyer<br \/>\nstellv. Vorsitzender des Aufsichtsausschusses<\/p><\/blockquote>\n<p>&nbsp;<\/p>\n<p>&nbsp;<\/p>\n","protected":false},"excerpt":{"rendered":"<p>EINLADUNG zur 2. Ordentlichen Vertreterversammlung in der 3. Amtsperiode des Versorgungswerkes der Zahn\u00e4rztekammer Berlin Die Vertreterversammlung ist f\u00fcr alle Mitglieder des Versorgungswerkes \u00f6ffentlich! &nbsp; An &#8211; Vertreterversammlung &#8211; Aufsichstausschuss &#8211; [&#8230;]<\/p>\n","protected":false},"author":13,"featured_media":0,"comment_status":"closed","ping_status":"closed","sticky":false,"template":"","format":"standard","meta":{"ngg_post_thumbnail":0,"iawp_total_views":0,"footnotes":""},"categories":[87],"tags":[],"class_list":["post-7480","post","type-post","status-publish","format-standard","hentry","category-vertreterversammlung"],"_links":{"self":[{"href":"https:\/\/iuzb.de\/index.php?rest_route=\/wp\/v2\/posts\/7480","targetHints":{"allow":["GET"]}}],"collection":[{"href":"https:\/\/iuzb.de\/index.php?rest_route=\/wp\/v2\/posts"}],"about":[{"href":"https:\/\/iuzb.de\/index.php?rest_route=\/wp\/v2\/types\/post"}],"author":[{"embeddable":true,"href":"https:\/\/iuzb.de\/index.php?rest_route=\/wp\/v2\/users\/13"}],"replies":[{"embeddable":true,"href":"https:\/\/iuzb.de\/index.php?rest_route=%2Fwp%2Fv2%2Fcomments&post=7480"}],"version-history":[{"count":1,"href":"https:\/\/iuzb.de\/index.php?rest_route=\/wp\/v2\/posts\/7480\/revisions"}],"predecessor-version":[{"id":15272,"href":"https:\/\/iuzb.de\/index.php?rest_route=\/wp\/v2\/posts\/7480\/revisions\/15272"}],"wp:attachment":[{"href":"https:\/\/iuzb.de\/index.php?rest_route=%2Fwp%2Fv2%2Fmedia&parent=7480"}],"wp:term":[{"taxonomy":"category","embeddable":true,"href":"https:\/\/iuzb.de\/index.php?rest_route=%2Fwp%2Fv2%2Fcategories&post=7480"},{"taxonomy":"post_tag","embeddable":true,"href":"https:\/\/iuzb.de\/index.php?rest_route=%2Fwp%2Fv2%2Ftags&post=7480"}],"curies":[{"name":"wp","href":"https:\/\/api.w.org\/{rel}","templated":true}]}}