{"id":7248,"date":"2013-10-02T10:20:34","date_gmt":"2013-10-02T09:20:34","guid":{"rendered":"http:\/\/www.iuzb.org\/wordpress\/?p=7248"},"modified":"2016-12-09T12:33:52","modified_gmt":"2016-12-09T11:33:52","slug":"dauer-wahl-abo-affaere-opposition-erleichtert-ueber-zunaechst-teilweise-rechtssicherheit","status":"publish","type":"post","link":"https:\/\/iuzb.de\/?p=7248","title":{"rendered":"\u201eDauer-Wahl-Abo-Aff\u00e4re\u201c: Opposition &#8222;erleichtert&#8220; \u00fcber zun\u00e4chst teilweise Rechtssicherheit &#8211; Erg\u00e4nzungsfragen notwendig"},"content":{"rendered":"<p>Schreiben von<br \/>\nDr. Helmut Dohmeier-de Haan (UNION 2012)<br \/>\nWinnetou Kampmann (Fraktion Gesundheit)<br \/>\nDr. Lutz-Stephan Wei\u00df (UNION 2012)<br \/>\nMitglieder der <a href=\"http:\/\/vzberlin.org\/_DasVZB\/Ansprechpartner\/VA.htm\" target=\"_blank\">Vertreterversammlung<\/a> des Versorgungswerk der Zahn\u00e4rztekammer Berlin<br \/>\nvom 01.10.2013 an das Versorgungswerk:<\/p>\n<p>&nbsp;<\/p>\n<blockquote><p>Sehr geehrter Herr Wohltmann,<\/p>\n<p>vielen Dank f\u00fcr Ihre beiden Emails vom <a href=\"http:\/\/www.iuzb.de\/?p=6759\" target=\"_blank\">26.09.2013<\/a> und die \u00dcbermittlung der <a href=\"https:\/\/iuzb.de\/wp-content\/uploads\/2013\/10\/2013-09-13-Stellungnahme-Ewer.pdf\" target=\"_blank\">Stellungnahme<\/a> von Herrn <a href=\"http:\/\/www.weissleder-ewer.de\/ewer.html\" target=\"_blank\">Professor Dr. Ewer<\/a> vom 13.09.2013.<\/p>\n<p>Damit erscheint der in Frage stehende Sachverhalt insoweit gekl\u00e4rt, als dass die asymmetrische Konstituierung der Vertreterversammlung (Berlin versus Brandenburg und Bremen) und die daraus abzuleitenden Ausschusswahlen zun\u00e4chst scheinbar keine Risiken oder Nachteile f\u00fcr unser Versorgungswerk darstellen. Das erleichtert uns sehr!<\/p>\n<p class=\"MsoNormal\">Aber auch wenn die von Herrn Professor Dr. Ewer vorgelegte Argumentationslinie nachvollziehbar erscheint, so k\u00f6nnen wir doch nicht sicher sein, ob ein Gericht den Sachverhalt zu einem sp\u00e4teren Zeitpunkt nicht doch enger bzw. anders bewerten w\u00fcrde.<\/p>\n<p class=\"MsoNormal\">Da wir ein fundamentales Interesse daran haben, dass ein H\u00f6chstma\u00dfan Rechtssicherheit f\u00fcr unser Versorgungswerk erreicht wird, ist es notwendig, dasszus\u00e4tzlich noch einige weitere relevanten Rechtsfragen beleuchtet werden, die von Prof Ewer bisher noch nicht evaluiert und beantwortet sind.<span style=\"font-size: 14.0pt;\"><br \/>\n<\/span><\/p>\n<p class=\"MsoNormal\">Nach unserer Auffassung beantwortet die <a href=\"https:\/\/iuzb.de\/wp-content\/uploads\/2013\/10\/2013-09-13-Stellungnahme-Ewer.pdf\" target=\"_blank\">Stellungnahme<\/a> von Herrn Prof. Ewer nicht die Frage, ob die drei benannten Brandenburger Vertreter in der aktuellen Vertreterversammlung ihre Sitze zu Recht eingenommen haben.<span style=\"font-size: 14.0pt;\"><br \/>\n<\/span><\/p>\n<p>Es gibt ein grundlegendes Prinzip im Rahmen der Herleitung von Herrschaftsbefugnissen aus einem durch Wahl bestimmten Mandat und dem Prinzip der \u201eHerrschaft auf Zeit\u201c, welches besagt, dass ein Mandat nur solange demokratisch legitimiert sein kann, wie das legitimationsstiftende Gremium selbst existiert.<\/p>\n<p>Die Entsendungswahl der drei Brandenburger Mitglieder am <a href=\"https:\/\/iuzb.de\/wp-content\/uploads\/2013\/10\/2013_08_05_Dohmeier-de-Haan_Berliner_Wellen.pdf\" target=\"_blank\">09.04.2011<\/a> bezog sich auf<\/p>\n<p style=\"padding-left: 30px;\"><i style=\"mso-bidi-font-style: normal;\">\u201edie neue Legislaturperiode des Versorgungswerkes&#8220;<\/i>.<i style=\"mso-bidi-font-style: normal;\"> <\/i><\/p>\n<p>Dabei handelte es sich damals um die <b style=\"mso-bidi-font-weight: normal;\"><span style=\"text-decoration: underline;\">2.<\/span><\/b> Amtsperiode des VZB.<\/p>\n<p class=\"MsoNormal\">Die damalige Kammerversammlung in Brandenburg hat der Kollegin und den beiden Kollegen aus Brandenburg somit kein Mandat f\u00fcr die mittlerweile bestehende <b style=\"mso-bidi-font-weight: normal;\"><span style=\"text-decoration: underline;\">3. <\/span><\/b>Amtsperiode des Versorgungswerkes erteilt.\u00a0 <span style=\"font-size: 14.0pt;\"><br \/>\n<\/span><\/p>\n<p class=\"MsoBodyText\">Komplizierend kommt noch hinzu, dass sich am <a href=\"https:\/\/iuzb.de\/wp-content\/uploads\/2013\/10\/2013_08_05_Dohmeier-de-Haan_Berliner_Wellen.pdf\" target=\"_blank\">24.03.2012<\/a> &#8211; also noch weit vor der konstituierende Vertreterversammlung f\u00fcr die 3. Amtsperiode des VZB am 13.04.2013 &#8211;<i style=\"mso-bidi-font-style: normal;\"> <\/i>in Brandenburg eine <a href=\"http:\/\/www.lzkb.de\/kammer\/kammerversammlungsmitglieder\/mitglieder\" target=\"_blank\">neue Kammerversammlung<\/a> konstituiert hatte.<\/p>\n<p class=\"MsoBodyText\">Die Verk\u00fcndung des Kammerpr\u00e4sidenten der Zahn\u00e4rztekammer in Brandenburg in der Kammerversammlung vom <a href=\"https:\/\/iuzb.de\/wp-content\/uploads\/2013\/10\/2013_08_05_Dohmeier-de-Haan_Berliner_Wellen.pdf\" target=\"_blank\">24.03.2012<\/a>:<\/p>\n<p class=\"MsoNormal\" style=\"padding-left: 30px;\">\u201e<em>Im Versorgungswerk beginnt eine neue Legislaturperiode, die bereits gew\u00e4hlten brandenburgischen Vertreter Frau Dr. J\u00f6decke, Herr Dr. Steglich und Herr Herbert arbeiten weiter in der Vertreterversammlung<\/em>\u201c<span style=\"font-size: 14.0pt;\"><br \/>\n<\/span><\/p>\n<p>kann diesen Legitimationsmangel aus unserer Sicht nicht heilen.<\/p>\n<p class=\"MsoNormal\">Wir m\u00f6chten hier an einen anderen \u00e4hnlich gelagerten Sachverhalt erinnern, welcher gerade auch in der Zahn\u00e4rztekammer Berlin diskutiert wird und auf eine \u00e4hnliche Problematik zur\u00fcck geht. Sie l\u00e4sst sich unter der folgenden Frage subsumieren:<span style=\"font-size: 14.0pt;\"><br \/>\n<\/span><\/p>\n<ul>\n<li>Darf die Stimme eines durch ein Fremdgremium (z.B. Universit\u00e4ten oder die Vorst\u00e4nde beigetretenden Kammern) bestimmten\/entsendeten und demokratisch nicht legitimierten Vertreters\/Delegierten genauso z\u00e4hlen und wertig sein, wie die eines vom Wahlvolk gew\u00e4hlten und damit demokratisch legitimierten Vertreters\/Delegierten oder kann wegen der fehlenden Legitimation nur ein beratendes Mandat beansprucht werden? (Anm.: Das Gleiche gilt f\u00fcr Vertreterinnen und Delegierte)<\/li>\n<\/ul>\n<p class=\"MsoNormal\">Dieser Frage kommt im VZB eine besondere Bedeutung insoweit zu, als das die Zahl der nicht demokratisch legitimierten Vertreter in der zw\u00f6lfk\u00f6pfigen Vertreterversammlung einen nennenswerten Anteil ausmacht.<span style=\"font-size: 14.0pt;\"><br \/>\n<\/span><\/p>\n<p class=\"MsoNormal\">Will man sich dieser Problematik nicht aussetzen und ein Maximum an Rechtssicherheit in unserem Versorgungswerk erreichen, dann h\u00e4tte in Brandenburg eine (best\u00e4tigende) Entsendungswahl durchgef\u00fchrt werden m\u00fcssen.<b style=\"mso-bidi-font-weight: normal;\"><span style=\"font-size: 14.0pt;\"><br \/>\n<\/span><\/b><\/p>\n<p class=\"MsoNormal\">Ferner stellt sich die Frage, welche formellen Voraussetzungen nach Ansicht von Herrn Prof. Ewer erf\u00fcllt sein m\u00fcssen, damit die \u201eEntsendung\u201c von Vertreter aus Brandenburg und Bremen zu den Gremien des Versorgungswerkes als rechtswirksam angesehen werden k\u00f6nnen und f\u00fcr welchen Zeitraum die Entsendungslegitimationen und in welcher Form archiviert werden m\u00fcssen.<span style=\"font-size: 14.0pt;\"><br \/>\n<\/span><\/p>\n<p class=\"MsoBodyText\">Insofern m\u00f6chten wir anregen, die eben geschilderten Problematiken durch Herrn Professor Ewer erg\u00e4nzend beurteilen zu lassen, damit f\u00fcr alle betroffenen, beteiligten und ausf\u00fchrenden Personen ein H\u00f6chstma\u00df an Rechtssicherheit garantiert werden kann.<\/p>\n<p class=\"MsoNormal\">Mit freundlichen Gr\u00fc\u00dfen<br \/>\nauch im Namen meiner Kollegen\u00a0\u00a0 <span style=\"font-size: 14.0pt;\"><br \/>\n<\/span><\/p>\n<p>Dr. H. Dohmeier-de Haan<\/p><\/blockquote>\n<p><span style=\"color: #ffffff;\">.<\/span><\/p>\n<p><span style=\"color: #ffffff;\">.<\/span><\/p>\n<p>&nbsp;<\/p>\n","protected":false},"excerpt":{"rendered":"<p>Schreiben von Dr. Helmut Dohmeier-de Haan (UNION 2012) Winnetou Kampmann (Fraktion Gesundheit) Dr. Lutz-Stephan Wei\u00df (UNION 2012) Mitglieder der Vertreterversammlung des Versorgungswerk der Zahn\u00e4rztekammer Berlin vom 01.10.2013 an das Versorgungswerk: [&#8230;]<\/p>\n","protected":false},"author":13,"featured_media":0,"comment_status":"closed","ping_status":"closed","sticky":false,"template":"","format":"standard","meta":{"ngg_post_thumbnail":0,"iawp_total_views":2,"footnotes":""},"categories":[144],"tags":[],"class_list":["post-7248","post","type-post","status-publish","format-standard","hentry","category-dauer-wahl-abo-affaere"],"_links":{"self":[{"href":"https:\/\/iuzb.de\/index.php?rest_route=\/wp\/v2\/posts\/7248","targetHints":{"allow":["GET"]}}],"collection":[{"href":"https:\/\/iuzb.de\/index.php?rest_route=\/wp\/v2\/posts"}],"about":[{"href":"https:\/\/iuzb.de\/index.php?rest_route=\/wp\/v2\/types\/post"}],"author":[{"embeddable":true,"href":"https:\/\/iuzb.de\/index.php?rest_route=\/wp\/v2\/users\/13"}],"replies":[{"embeddable":true,"href":"https:\/\/iuzb.de\/index.php?rest_route=%2Fwp%2Fv2%2Fcomments&post=7248"}],"version-history":[{"count":6,"href":"https:\/\/iuzb.de\/index.php?rest_route=\/wp\/v2\/posts\/7248\/revisions"}],"predecessor-version":[{"id":18096,"href":"https:\/\/iuzb.de\/index.php?rest_route=\/wp\/v2\/posts\/7248\/revisions\/18096"}],"wp:attachment":[{"href":"https:\/\/iuzb.de\/index.php?rest_route=%2Fwp%2Fv2%2Fmedia&parent=7248"}],"wp:term":[{"taxonomy":"category","embeddable":true,"href":"https:\/\/iuzb.de\/index.php?rest_route=%2Fwp%2Fv2%2Fcategories&post=7248"},{"taxonomy":"post_tag","embeddable":true,"href":"https:\/\/iuzb.de\/index.php?rest_route=%2Fwp%2Fv2%2Ftags&post=7248"}],"curies":[{"name":"wp","href":"https:\/\/api.w.org\/{rel}","templated":true}]}}