{"id":7231,"date":"2013-10-01T20:40:22","date_gmt":"2013-10-01T19:40:22","guid":{"rendered":"http:\/\/www.iuzb.org\/wordpress\/?p=7231"},"modified":"2016-12-09T19:44:54","modified_gmt":"2016-12-09T18:44:54","slug":"tag-der-offenen-tuer-im-vzb","status":"publish","type":"post","link":"https:\/\/iuzb.de\/?p=7231","title":{"rendered":"VZB: Neuer Dienstsitz &#8211; Tag der offenen T\u00fcr im VZB"},"content":{"rendered":"<p class=\"MsoNormal\" style=\"text-align: justify;\">Der Verwaltungsausschuss des Versorgungswerkes der Zahn\u00e4rztekammer Berlin l\u00e4dt alle Mitglieder<\/p>\n<ul style=\"text-align: justify;\">\n<li><strong>am Mittwoch, den 30. Oktober 2013 von 10 bis 17 Uhr<\/strong><\/li>\n<li>in die neuen Verwaltungsr\u00e4umlichkeiten in der <a href=\"https:\/\/maps.google.de\/maps?q=Klaus-Groth-Stra%C3%9Fe+3&amp;ie=UTF8&amp;oe=utf-8&amp;client=firefox-a&amp;hnear=Klaus-Groth-Stra%C3%9Fe+3,+14050+Berlin&amp;t=m&amp;z=16\" target=\"_blank\">Klaus-Groth-Stra\u00dfe 3<\/a>, 14050 Berlin-Charlottenburg\/Westend<\/li>\n<\/ul>\n<p style=\"text-align: justify;\">ein.<\/p>\n<p style=\"text-align: justify;\">Schauen Sie sich die R\u00e4umlichkeiten \u201ehinter den Kulissen\u201c an, stellen Sie uns, den gew\u00e4hlten Mitgliedern des Verwaltungsausschusses die Sie interessierenden Fragen zu Ihrer Altersversorgung oder lassen Sie sich von unseren Mitarbeiterinnen und Mitarbeitern kompetent beraten.<\/p>\n<p style=\"text-align: justify;\">F\u00fcr Ihr leibliches Wohl wird in der Zeit von 12 bis 14 Uhr gesorgt.<\/p>\n<p style=\"text-align: justify;\">Ihr <a href=\"http:\/\/vzberlin.org\/_DasVZB\/Ansprechpartner\/VA.htm#Verwaltungsausschuss_des_Versorgungswerk\" target=\"_blank\">Verwaltungsausschuss<\/a><br \/>\ndes Versorgungswerkes der Zahn\u00e4rztekammer Berlin<\/p>\n<p><a href=\"http:\/\/www.vzberlin.org\/\" target=\"_blank\">www.vzberlin.org<\/a><\/p>\n<p>&nbsp;<\/p>\n","protected":false},"excerpt":{"rendered":"<p>Der Verwaltungsausschuss des Versorgungswerkes der Zahn\u00e4rztekammer Berlin l\u00e4dt alle Mitglieder am Mittwoch, den 30. Oktober 2013 von 10 bis 17 Uhr in die neuen Verwaltungsr\u00e4umlichkeiten in der Klaus-Groth-Stra\u00dfe 3, 14050 [&#8230;]<\/p>\n","protected":false},"author":13,"featured_media":0,"comment_status":"closed","ping_status":"closed","sticky":false,"template":"","format":"standard","meta":{"ngg_post_thumbnail":0,"iawp_total_views":0,"footnotes":""},"categories":[47],"tags":[],"class_list":["post-7231","post","type-post","status-publish","format-standard","hentry","category-versorgungswerk-vzb"],"_links":{"self":[{"href":"https:\/\/iuzb.de\/index.php?rest_route=\/wp\/v2\/posts\/7231","targetHints":{"allow":["GET"]}}],"collection":[{"href":"https:\/\/iuzb.de\/index.php?rest_route=\/wp\/v2\/posts"}],"about":[{"href":"https:\/\/iuzb.de\/index.php?rest_route=\/wp\/v2\/types\/post"}],"author":[{"embeddable":true,"href":"https:\/\/iuzb.de\/index.php?rest_route=\/wp\/v2\/users\/13"}],"replies":[{"embeddable":true,"href":"https:\/\/iuzb.de\/index.php?rest_route=%2Fwp%2Fv2%2Fcomments&post=7231"}],"version-history":[{"count":2,"href":"https:\/\/iuzb.de\/index.php?rest_route=\/wp\/v2\/posts\/7231\/revisions"}],"predecessor-version":[{"id":18191,"href":"https:\/\/iuzb.de\/index.php?rest_route=\/wp\/v2\/posts\/7231\/revisions\/18191"}],"wp:attachment":[{"href":"https:\/\/iuzb.de\/index.php?rest_route=%2Fwp%2Fv2%2Fmedia&parent=7231"}],"wp:term":[{"taxonomy":"category","embeddable":true,"href":"https:\/\/iuzb.de\/index.php?rest_route=%2Fwp%2Fv2%2Fcategories&post=7231"},{"taxonomy":"post_tag","embeddable":true,"href":"https:\/\/iuzb.de\/index.php?rest_route=%2Fwp%2Fv2%2Ftags&post=7231"}],"curies":[{"name":"wp","href":"https:\/\/api.w.org\/{rel}","templated":true}]}}