{"id":7155,"date":"2013-09-23T11:16:39","date_gmt":"2013-09-23T10:16:39","guid":{"rendered":"http:\/\/www.iuzb.org\/wordpress\/?p=7155"},"modified":"2016-11-22T18:47:13","modified_gmt":"2016-11-22T17:47:13","slug":"iuzb-vorstand-neu-gewaehlt","status":"publish","type":"post","link":"https:\/\/iuzb.de\/?p=7155","title":{"rendered":"IUZB Vorstand neu gew\u00e4hlt"},"content":{"rendered":"<blockquote><p>&#8222;<i>Die Initiative Unabh\u00e4ngige Zahn\u00e4rzte Berlin begreift sich nicht als weiterer konkurrierender Berufsverband neben anderen bereits bestehenden Zusammenschl\u00fcssen von Zahn\u00e4rzten in Berlin. Der Verein will vielmehr die M\u00f6glichkeit schaffen, Zersplitterung zu \u00fcberwinden. Der Verein arbeitet mit anderen Zusammenschl\u00fcssen und Verb\u00e4nden zusammen \u2013 bis hin zum Zusammenschluss \u2013 und steht auch den Mitgliedern anderer Zusammenschl\u00fcsse offen. Ziel und Auftrag des Vereins ist die B\u00fcndelung aller Kr\u00e4fte zum Wohl der Berliner Zahn\u00e4rzteschaft.<\/i>&#8222;<\/p><\/blockquote>\n<p style=\"text-align: justify;\">So lautet die Pr\u00e4ambel der <a href=\"https:\/\/iuzb.de\/wp-content\/uploads\/2008\/06\/IUZB-Satzung-ab-2010-07-09.pdf\" target=\"_blank\">Satzung<\/a> der IUZB.<\/p>\n<p style=\"text-align: justify;\"><strong>Die Mitgliederversammlung der IUZB hat am Sonnabend, den 21. September 2013 einstimmig folgenden Vorstand gew\u00e4hlt:<\/strong><\/p>\n<ul style=\"text-align: justify;\">\n<li><strong>Gerhard Gneist<\/strong>, 1. Vorsitzender<\/li>\n<li><strong>Karola Hein<\/strong>, 2. Vorsitzende und Schatzmeisterin<\/li>\n<li><strong>Dr. Peter Zemlin<\/strong>, Schriftf\u00fchrer<\/li>\n<li><strong>Dr. Helmut Dohmeier-de Haan<\/strong>, Beisitzer<\/li>\n<li><strong>Alexander Klutke<\/strong>, Beisitzer<\/li>\n<li><strong>Dr. Lutz-Stephan Wei\u00df<\/strong>, Beisitzer<\/li>\n<\/ul>\n<p style=\"text-align: justify;\">W\u00e4hrend Gerhard Gneist, Karola Hein, Dr. Peter Zemlin und Dr. Lutz Stephan Wei\u00df in ihren \u00c4mtern best\u00e4tigt wurden, schieden die Mitglieder Frank Bloch und Erich Mei\u00dfner auf eigenen Wunsch aus dem Vorstand aus. Die Mitgliederversammlung dankte beiden f\u00fcr ihr langj\u00e4hriges, erfolgreiches Engagement.<\/p>\n<p style=\"text-align: justify;\">Neu in den Vorstand gew\u00e4hlt wurden Dr. Helmut Dohmeier-de Haan (zus\u00e4tzlich aktiv bei <a href=\"http:\/\/www.drdohmeier.de\/\" target=\"_blank\">BUZ<\/a>\/Berlins Unabh\u00e4ngige Zahn\u00e4rzte) und Alexander Klutke (zus\u00e4tzlich aktiv in der <a href=\"http:\/\/www.freie-liste-fl.de\/\" target=\"_blank\">Freien Liste<\/a>). Das wiedergew\u00e4hlte Vorstandsmitglied Dr. Lutz-Stephan Wei\u00df ist zudem aktiv in der Wahlliste <a href=\"http:\/\/www.gpz-in-berlin.de\/\" target=\"_blank\">GpZ<\/a>\/Gemeinsam praktizierende Zahn\u00e4rzte in Berlin.<\/p>\n<p style=\"text-align: justify;\">Alle Mitglieder unseres Vorstandes sind auf ideeller Grundlage rein ehrenamtlich t\u00e4tig.<\/p>\n<p>IUZB &#8211; <a href=\"https:\/\/iuzb.de\/?page_id=14\" target=\"_blank\">\u00dcber uns<\/a><br \/>\nIUZB &#8211; <a href=\"https:\/\/iuzb.de\/?page_id=7\" target=\"_blank\">Ansprechpartner<\/a><\/p>\n<p>&nbsp;<\/p>\n","protected":false},"excerpt":{"rendered":"<p>&#8222;Die Initiative Unabh\u00e4ngige Zahn\u00e4rzte Berlin begreift sich nicht als weiterer konkurrierender Berufsverband neben anderen bereits bestehenden Zusammenschl\u00fcssen von Zahn\u00e4rzten in Berlin. Der Verein will vielmehr die M\u00f6glichkeit schaffen, Zersplitterung zu [&#8230;]<\/p>\n","protected":false},"author":13,"featured_media":0,"comment_status":"closed","ping_status":"closed","sticky":false,"template":"","format":"standard","meta":{"ngg_post_thumbnail":0,"iawp_total_views":2,"footnotes":""},"categories":[48],"tags":[],"class_list":["post-7155","post","type-post","status-publish","format-standard","hentry","category-iuzb"],"_links":{"self":[{"href":"https:\/\/iuzb.de\/index.php?rest_route=\/wp\/v2\/posts\/7155","targetHints":{"allow":["GET"]}}],"collection":[{"href":"https:\/\/iuzb.de\/index.php?rest_route=\/wp\/v2\/posts"}],"about":[{"href":"https:\/\/iuzb.de\/index.php?rest_route=\/wp\/v2\/types\/post"}],"author":[{"embeddable":true,"href":"https:\/\/iuzb.de\/index.php?rest_route=\/wp\/v2\/users\/13"}],"replies":[{"embeddable":true,"href":"https:\/\/iuzb.de\/index.php?rest_route=%2Fwp%2Fv2%2Fcomments&post=7155"}],"version-history":[{"count":5,"href":"https:\/\/iuzb.de\/index.php?rest_route=\/wp\/v2\/posts\/7155\/revisions"}],"predecessor-version":[{"id":16552,"href":"https:\/\/iuzb.de\/index.php?rest_route=\/wp\/v2\/posts\/7155\/revisions\/16552"}],"wp:attachment":[{"href":"https:\/\/iuzb.de\/index.php?rest_route=%2Fwp%2Fv2%2Fmedia&parent=7155"}],"wp:term":[{"taxonomy":"category","embeddable":true,"href":"https:\/\/iuzb.de\/index.php?rest_route=%2Fwp%2Fv2%2Fcategories&post=7155"},{"taxonomy":"post_tag","embeddable":true,"href":"https:\/\/iuzb.de\/index.php?rest_route=%2Fwp%2Fv2%2Ftags&post=7155"}],"curies":[{"name":"wp","href":"https:\/\/api.w.org\/{rel}","templated":true}]}}