{"id":6570,"date":"2013-08-03T12:34:18","date_gmt":"2013-08-03T11:34:18","guid":{"rendered":"http:\/\/www.iuzb.org\/wordpress\/?p=6570"},"modified":"2016-11-22T08:54:21","modified_gmt":"2016-11-22T07:54:21","slug":"vzb-weshalb-gilt-fur-die-drei-brandenburger-vertreter-ein-dauer-wahl-abo","status":"publish","type":"post","link":"https:\/\/iuzb.de\/?p=6570","title":{"rendered":"VZB: Weshalb gilt f\u00fcr die drei Brandenburger Vertreter ein \u201eDauer-Wahl-Abo&#8220;?"},"content":{"rendered":"<p>Es gibt Zweifel an der Rechtm\u00e4\u00dfigkeit der Mandate von drei Brandenburger Mitgliedern in der Vertreterversammlung des Versorgungswerkes der Zahn\u00e4rztekammer Berlin. Nachfolgend ver\u00f6ffentlichen wir dazu ein Schreiben unserer Berliner UNION 2012-Mitglieder in der Vertreterversammlung an das Versorgungswerk.<\/p>\n<p><strong>Pr\u00e4sident Herbert schweigt &#8211; bisher jedenfalls<\/strong><\/p>\n<p>Vorangegangen waren auch Bem\u00fchungen seitens unserer Redaktion, vom Pr\u00e4sidenten der Landeszahn\u00e4rztekammer Brandenburg, Herrn J\u00fcrgen Herbert, das Kammerversammlungsprotokoll der Entsendungswahl f\u00fcr die 3. Amtsperiode des Versorgungswerkes (die Vertreterversammlung konstituierte sich am <a href=\"https:\/\/iuzb.de\/?p=5219\" target=\"_blank\">13.04.2012<\/a>) zu erhalten. Leider vergeblich &#8211; drei schriftliche Anfragen der Redaktion blieben vom Pr\u00e4sidenten unbeantwortet. F\u00fcr eine K\u00f6rperschaft des \u00f6ffentlichen Rechts ungew\u00f6hnlich.<\/p>\n<p>Hintergrund war in unserer Redaktion die Fragestellung, weshalb von der Kammer Brandenburg die selben drei Vertreter wie auch schon in der 2. Amtsperiode des VZB entsandt wurden, obwohl es doch in der sich am 24.03.2012 neu konstituierten Kammerversammlung jetzt auch mehrere Oppositionswahllisten gibt. Weshalb wurde also kein Mitglied einer Oppositionswahlliste in die konstituierende Vertreterversammlung des Versorgungswerkes entsandt? Zu diesem Zweck wollten wir einfach nur das Kammerversammlungsprotokoll lesen, um den dortigen Wahlverlauf nachzuvollziehen.<\/p>\n<p><strong>&#8222;Eingesperrte Protokolle?!&#8220;<\/strong><\/p>\n<p>Die Landeszahn\u00e4rztekammer Brandenburg berichtet in ihrem Kammer-Magazin &#8222;<a href=\"http:\/\/www.lzkb.de\/archiv\/fotogalerie\" target=\"_blank\">ZBB<\/a>&#8220; regelm\u00e4\u00dfig auch \u00fcber die Kammerversammlungen, allerdings nur redaktionell aufbereitet. Dort haben wir aber keinen Hinweis auf eine Entsendungswahl f\u00fcr die 3. Amtsperiode des VZB gefunden. Kammerversammlungsprotokolle auf der <a href=\"http:\/\/www.lzkb.de\/\" target=\"_blank\">Kammer-Webseite<\/a>? Leider auch Fehlanzeige!\u00a0 Da sich die IUZB seit rund zehn Jahren nachhaltig f\u00fcr die Schaffung von Transparenz in den Selbstverwaltungsk\u00f6rperschaften einsetzt, bleibt es zu hoffen, dass dieser &#8222;Fall&#8220; als Ansatzpunkt dient und die Brandenburger Kammermitglieder auch die Ver\u00f6ffentlichung &#8222;IHRER&#8220; Kammerversammlungsprotokolle auf der Webseite der Brandenburger Kammer einfordern. Denn es gibt keine bessere M\u00f6glichkeit sich objektiviert \u00fcber die Kammerarbeit zu informieren, als das Lesen von Protokollen. In Berlin ist die freie Ver\u00f6ffentlichung \u00fcbrigens schon seit Jahren sowohl in der <a href=\"http:\/\/www.zaek-berlin.de\/kammer\/gremien-und-ausschuesse\/dv-archiv.html\" target=\"_blank\">Berliner Zahn\u00e4rztekammer<\/a> als auch im <a href=\"http:\/\/vzberlin.org\/_DasVZB\/Geschaeftsberichte\/protokolle.htm\" target=\"_blank\">Versorgungswerk<\/a> Usus &#8211; ohne, dass sich daraus f\u00fcr die Berliner Zahn\u00e4rzteschaft irgendein Nachteil ergeben hat.<\/p>\n<p>Hier nun das Schreiben unserer UNION 2012 Vertreter vom 02.08.2013, aus welchem sich zun\u00e4chst alles Weitere ergibt:<\/p>\n<p><a href=\"https:\/\/iuzb.de\/wp-content\/uploads\/2013\/08\/2013-08-02-VZB-UNION-2012-Vertreter-an-Herrn-Direktor-Wohltmann.pdf\" target=\"_blank\"><img loading=\"lazy\" decoding=\"async\" class=\"alignnone size-full wp-image-16476\" src=\"https:\/\/iuzb.de\/wp-content\/uploads\/2013\/08\/2013-08-02-VZB-UNION-2012-Vertreter-an-Herrn-Direktor-Wohltmann-Bild.jpg\" alt=\"2013-08-02-vzb-union-2012-vertreter-an-herrn-direktor-wohltmann-bild\" width=\"533\" height=\"750\" srcset=\"https:\/\/iuzb.de\/wp-content\/uploads\/2013\/08\/2013-08-02-VZB-UNION-2012-Vertreter-an-Herrn-Direktor-Wohltmann-Bild.jpg 533w, https:\/\/iuzb.de\/wp-content\/uploads\/2013\/08\/2013-08-02-VZB-UNION-2012-Vertreter-an-Herrn-Direktor-Wohltmann-Bild-213x300.jpg 213w\" sizes=\"auto, (max-width: 533px) 100vw, 533px\" \/><\/a><\/p>\n<p>&nbsp;<\/p>\n<p>&nbsp;<\/p>\n","protected":false},"excerpt":{"rendered":"<p>Es gibt Zweifel an der Rechtm\u00e4\u00dfigkeit der Mandate von drei Brandenburger Mitgliedern in der Vertreterversammlung des Versorgungswerkes der Zahn\u00e4rztekammer Berlin. Nachfolgend ver\u00f6ffentlichen wir dazu ein Schreiben unserer Berliner UNION 2012-Mitglieder [&#8230;]<\/p>\n","protected":false},"author":13,"featured_media":0,"comment_status":"closed","ping_status":"closed","sticky":false,"template":"","format":"standard","meta":{"ngg_post_thumbnail":0,"iawp_total_views":1,"footnotes":""},"categories":[144],"tags":[],"class_list":["post-6570","post","type-post","status-publish","format-standard","hentry","category-dauer-wahl-abo-affaere"],"_links":{"self":[{"href":"https:\/\/iuzb.de\/index.php?rest_route=\/wp\/v2\/posts\/6570","targetHints":{"allow":["GET"]}}],"collection":[{"href":"https:\/\/iuzb.de\/index.php?rest_route=\/wp\/v2\/posts"}],"about":[{"href":"https:\/\/iuzb.de\/index.php?rest_route=\/wp\/v2\/types\/post"}],"author":[{"embeddable":true,"href":"https:\/\/iuzb.de\/index.php?rest_route=\/wp\/v2\/users\/13"}],"replies":[{"embeddable":true,"href":"https:\/\/iuzb.de\/index.php?rest_route=%2Fwp%2Fv2%2Fcomments&post=6570"}],"version-history":[{"count":6,"href":"https:\/\/iuzb.de\/index.php?rest_route=\/wp\/v2\/posts\/6570\/revisions"}],"predecessor-version":[{"id":16482,"href":"https:\/\/iuzb.de\/index.php?rest_route=\/wp\/v2\/posts\/6570\/revisions\/16482"}],"wp:attachment":[{"href":"https:\/\/iuzb.de\/index.php?rest_route=%2Fwp%2Fv2%2Fmedia&parent=6570"}],"wp:term":[{"taxonomy":"category","embeddable":true,"href":"https:\/\/iuzb.de\/index.php?rest_route=%2Fwp%2Fv2%2Fcategories&post=6570"},{"taxonomy":"post_tag","embeddable":true,"href":"https:\/\/iuzb.de\/index.php?rest_route=%2Fwp%2Fv2%2Ftags&post=6570"}],"curies":[{"name":"wp","href":"https:\/\/api.w.org\/{rel}","templated":true}]}}