{"id":6044,"date":"2013-06-08T11:45:15","date_gmt":"2013-06-08T10:45:15","guid":{"rendered":"http:\/\/www.iuzb.org\/wordpress\/?p=6044"},"modified":"2016-11-17T10:58:05","modified_gmt":"2016-11-17T09:58:05","slug":"kv-mitarbeiter-und-staatsanwalte-durch-detektei-uberwacht-gps-observation","status":"publish","type":"post","link":"https:\/\/iuzb.de\/?p=6044","title":{"rendered":"Update: KV-Mitarbeiter und Staatsanw\u00e4lte durch Detektei \u00fcberwacht (GPS-Observation)"},"content":{"rendered":"<p>Das Landgericht Mannheim hat mit Urteil vom 18. Oktober 2012 (<a href=\"http:\/\/www.lg-mannheim.de\/servlet\/PB\/menu\/1279582\/index.html?ROOT=1160629\" target=\"_blank\">4 KLs 408 Js 27973\/08<\/a>, Urteil leider <a href=\"http:\/\/lrbw.juris.de\/cgi-bin\/laender_rechtsprechung\/list.py?Gericht=bw&amp;amp;GerichtAuswahl=Landgerichte&amp;amp;Art=en&amp;SuchFehler=1&amp;Fehler=Es+wurden+keine+mit+Ihrer+Suchanfrage+%26uuml%3Bbereinstimmenden+Dokumente+gefunden.&amp;felder=az%7C%7C4+KLs+408+Js+27973%2F08\" target=\"_blank\">nicht<\/a> ver\u00f6ffentlicht) den Inhaber einer Detektei zu einer Freiheitsstrafe von 18 Monaten auf Bew\u00e4hrung und zwei seiner Mitarbeiter zu je 8 Monaten auf Bew\u00e4hrung verurteilt. Und zwar wegen Verletzung von Datenschutzvorschriften in 29 F\u00e4llen.<\/p>\n<ul>\n<li>In einem der 29 F\u00e4lle hat ein Auftraggeber, gegen den eine Kassen\u00e4rztliche Vereinigung (KV) wegen Unregelm\u00e4\u00dfigkeiten bei Abrechnungen vorgegangen war, dort t\u00e4tige Personen sowie die in diesem Zusammenhang gegen ihn ermittelnde Staatsanw\u00e4lte durch die Detektei \u00fcberwachen lassen, um diese Zielpersonen durch Erkenntnisse aus deren Berufs- und Privatleben kompromittieren zu k\u00f6nnen.<\/li>\n<\/ul>\n<p>Vor dem Bundesgerichtshof beginnt heute die Revisionshauptverhandlung.<\/p>\n<ul>\n<li>BGH, Pressemitteilung <a href=\"http:\/\/juris.bundesgerichtshof.de\/cgi-bin\/rechtsprechung\/document.py?Gericht=bgh&amp;Art=pm&amp;pm_nummer=0094\/13\" target=\"_blank\">94\/2013<\/a> zu 1 StR 32\/13<b> <\/b><\/li>\n<\/ul>\n<p>Weiterf\u00fchrend:<\/p>\n<ul>\n<li>Datenschutz-Praxis &#8211; <a href=\"http:\/\/www.datenschutz-praxis.de\/fachwissen\/fachartikel\/illegale-uberwachung-mit-gps-18-monate-freiheitsstrafe\/\" target=\"_blank\">Illegale \u00dcberwachung mit GPS: 18 Monate Freiheitsstrafe!<\/a><\/li>\n<li>Udo Vetter &#8211; <a title=\"Permanent Link: Ein selbstverst\u00e4ndliches Gesch\u00e4ftsmodell\" href=\"http:\/\/www.lawblog.de\/index.php\/archives\/2011\/07\/27\/ein-selbstverstndliches-geschftsmodell\/\" target=\"_blank\" rel=\"bookmark\">Ein selbstverst\u00e4ndliches Gesch\u00e4ftsmodell<\/a><\/li>\n<\/ul>\n<p>&nbsp;<\/p>\n<p><span style=\"color: #ff0000;\">Update<\/span> der obigen Meldung vom 04.06.2013:<\/p>\n<p>Der Bundesgerichtshof hat <a href=\"http:\/\/juris.bundesgerichtshof.de\/cgi-bin\/rechtsprechung\/document.py?Gericht=bgh&amp;Art=pm&amp;pm_nummer=0096\/13\" target=\"_blank\">entschieden<\/a>:<\/p>\n<blockquote>\n<h2 style=\"text-align: left;\" align=\"center\"><span style=\"font-size: small;\"><b>\u00dcberwachung von Personen mittels <\/b><\/span><span style=\"font-size: small;\"><b>an Fahrzeugen angebrachter GPS-Empf\u00e4nger ist grunds\u00e4tzlich strafbar &#8211; <a href=\"http:\/\/juris.bundesgerichtshof.de\/cgi-bin\/rechtsprechung\/document.py?Gericht=bgh&amp;Art=pm&amp;pm_nummer=0096\/13\" target=\"_blank\">lesen <\/a><\/b><\/span><\/h2>\n<p>&#8230;Der 1. Strafsenat des Bundesgerichtshofs hat entschieden, dass die heimliche \u00dcberwachung der &#8222;Zielpersonen&#8220; mittels eines GPS-Empf\u00e4ngers grunds\u00e4tzlich strafbar ist. Zwar ist eine Abw\u00e4gung der widerstreitenden Interessen im Einzelfall erforderlich. Jedoch kann lediglich bei Vorliegen eines starken berechtigten Interesses an dieser Datenerhebung die Abw\u00e4gung ausnahmsweise (etwa in notwehr\u00e4hnlichen Situationen) ergeben, dass das Merkmal des unbefugten Handelns bei diesen Eins\u00e4tzen von GPS-Empf\u00e4ngern zu verneinen ist&#8230;<\/p><\/blockquote>\n<p>&nbsp;<\/p>\n","protected":false},"excerpt":{"rendered":"<p>Das Landgericht Mannheim hat mit Urteil vom 18. Oktober 2012 (4 KLs 408 Js 27973\/08, Urteil leider nicht ver\u00f6ffentlicht) den Inhaber einer Detektei zu einer Freiheitsstrafe von 18 Monaten auf [&#8230;]<\/p>\n","protected":false},"author":13,"featured_media":0,"comment_status":"closed","ping_status":"closed","sticky":false,"template":"","format":"standard","meta":{"ngg_post_thumbnail":0,"iawp_total_views":2,"footnotes":""},"categories":[82],"tags":[],"class_list":["post-6044","post","type-post","status-publish","format-standard","hentry","category-bgh"],"_links":{"self":[{"href":"https:\/\/iuzb.de\/index.php?rest_route=\/wp\/v2\/posts\/6044","targetHints":{"allow":["GET"]}}],"collection":[{"href":"https:\/\/iuzb.de\/index.php?rest_route=\/wp\/v2\/posts"}],"about":[{"href":"https:\/\/iuzb.de\/index.php?rest_route=\/wp\/v2\/types\/post"}],"author":[{"embeddable":true,"href":"https:\/\/iuzb.de\/index.php?rest_route=\/wp\/v2\/users\/13"}],"replies":[{"embeddable":true,"href":"https:\/\/iuzb.de\/index.php?rest_route=%2Fwp%2Fv2%2Fcomments&post=6044"}],"version-history":[{"count":1,"href":"https:\/\/iuzb.de\/index.php?rest_route=\/wp\/v2\/posts\/6044\/revisions"}],"predecessor-version":[{"id":16045,"href":"https:\/\/iuzb.de\/index.php?rest_route=\/wp\/v2\/posts\/6044\/revisions\/16045"}],"wp:attachment":[{"href":"https:\/\/iuzb.de\/index.php?rest_route=%2Fwp%2Fv2%2Fmedia&parent=6044"}],"wp:term":[{"taxonomy":"category","embeddable":true,"href":"https:\/\/iuzb.de\/index.php?rest_route=%2Fwp%2Fv2%2Fcategories&post=6044"},{"taxonomy":"post_tag","embeddable":true,"href":"https:\/\/iuzb.de\/index.php?rest_route=%2Fwp%2Fv2%2Ftags&post=6044"}],"curies":[{"name":"wp","href":"https:\/\/api.w.org\/{rel}","templated":true}]}}