{"id":5945,"date":"2013-05-26T09:32:42","date_gmt":"2013-05-26T08:32:42","guid":{"rendered":"http:\/\/www.iuzb.org\/wordpress\/?p=5945"},"modified":"2016-11-17T11:00:37","modified_gmt":"2016-11-17T10:00:37","slug":"abgelehnte-bewerber-haben-keinen-auskunftsanspruch","status":"publish","type":"post","link":"https:\/\/iuzb.de\/?p=5945","title":{"rendered":"Abgelehnte Bewerber haben keinen Auskunftsanspruch"},"content":{"rendered":"<p><em>Eine Vermutung alleine gen\u00fcgt nicht.<\/em><\/p>\n<blockquote><p><strong>Ein abgelehnter Stellenbewerber hat gegen den Arbeitgeber keinen Anspruch auf Auskunft, ob dieser einen anderen Bewerber eingestellt hat.<\/strong><\/p>\n<p>Die 1961 in der Russischen SSR geborene Kl\u00e4gerin hatte sich im Jahre 2006 auf die von der Beklagten ausgeschriebene Stelle eines\/einer Softwareentwicklers\/-in erfolglos beworben. Die Beklagte teilte ihr nicht mit, ob sie einen anderen Bewerber eingestellt hatte und gegebenenfalls, welche Kriterien f\u00fcr diese Entscheidung ma\u00dfgeblich gewesen waren. Die Kl\u00e4gerin behauptet, sie habe die Voraussetzungen f\u00fcr die ausgeschriebene Stelle erf\u00fcllt und sei lediglich wegen ihres Geschlechts, ihres Alters und ihrer Herkunft nicht zu einem Vorstellungsgespr\u00e4ch eingeladen und damit unter Versto\u00df gegen das Allgemeine Gleichbehandlungsgesetz (<a href=\"http:\/\/www.gesetze-im-internet.de\/agg\/BJNR189710006.html\" target=\"_blank\">AGG<\/a>) diskriminiert worden. Sie hat von der Beklagten eine angemessene Entsch\u00e4digung in Geld verlangt. Die Vorinstanzen haben die Klage abgewiesen.<\/p>\n<p>Einen Anspruch der Kl\u00e4gerin auf Auskunft gegen die Beklagte, ob diese einen anderen Bewerber eingestellt hat und gegebenenfalls aufgrund welcher Kriterien, sah der Achte Senat des Bundesarbeitsgerichts nach nationalem Recht nicht. Auf seine Vorlage an den EuGH hatte dieser mit Urteil vom 19.\u00a0April 2012 (-\u00a0<a href=\"http:\/\/curia.europa.eu\/juris\/liste.jsf?language=de&amp;jur=C,T,F&amp;num=C-415\/10&amp;td=ALL\" target=\"_blank\">C-415\/10<\/a>\u00a0-) entschieden, dass sich ein solcher Auskunftsanspruch auch nicht aufgrund des Gemeinschaftsrechts ergibt, die Verweigerung jedes Zugangs zu Informationen durch einen Arbeitgeber jedoch unter Umst\u00e4nden einen Gesichtspunkt darstellen kann, welcher beim Nachweis der Tatsachen heranzuziehen ist, die eine Diskriminierung vermuten lassen.<\/p>\n<p>Unter Zugrundelegung dieser Rechtsprechung des EuGH blieb die Entsch\u00e4digungsklage vor dem Achten Senat des Bundesarbeitsgerichts ohne Erfolg.<\/p>\n<p>Die Kl\u00e4gerin hat zwar auf ihr Geschlecht, ihr Alter und ihre Herkunft hingewiesen, jedoch keine ausreichenden Indizien dargelegt, welche eine Benachteiligung wegen eines in <a href=\"http:\/\/www.gesetze-im-internet.de\/agg\/__1.html\" target=\"_blank\">\u00a7\u00a01<\/a> AGG genannten Grundes vermuten lassen und die nach <a href=\"http:\/\/www.gesetze-im-internet.de\/agg\/__22.html\" target=\"_blank\">\u00a7\u00a022<\/a> AGG zu einer Beweislast der Beklagten daf\u00fcr f\u00fchren w\u00fcrden, dass kein Versto\u00df gegen die Bestimmungen zum Schutz vor Benachteiligungen vorgelegen hat.<\/p>\n<p>Auch die Verweigerung jeglicher Auskunft durch die Beklagte begr\u00fcndete im Streitfalle nicht die Vermutung einer unzul\u00e4ssigen Benachteiligung der Kl\u00e4gerin iSd.<a href=\"http:\/\/www.gesetze-im-internet.de\/agg\/__7.html\" target=\"_blank\"> \u00a7\u00a07<\/a> AGG.<\/p><\/blockquote>\n<p>Bundesarbeitsgericht PM <a href=\"28\/13\" target=\"_blank\">28\/13<br \/>\n<\/a>Bundesarbeisgericht, Urteil vom 25.\u00a0April 2013 &#8211;\u00a08\u00a0AZR 287\/08\u00a0&#8211;<\/p>\n<p><strong><span style=\"color: #ff0000;\">Aber<\/span><\/strong>, es ist nicht auszuschlie\u00dfen, dass eine Auskunftsverweigerung ein Indiz f\u00fcr eine Diskriminierung darstellen kann, &#8222;der im Rahmen des Nachweises von Tatsachen, die das Vorliegen einer unmittelbaren oder mittelbaren Diskriminierung vermuten lassen, heranzuziehen ist&#8220;, so der EuGH in seinem o. g. Urteil vom 19. April 2012 (-\u00a0<a href=\"http:\/\/curia.europa.eu\/juris\/liste.jsf?language=de&amp;jur=C,T,F&amp;num=C-415\/10&amp;td=ALL\" target=\"_blank\">C-415\/10<\/a>\u00a0&#8211; <a href=\"http:\/\/curia.europa.eu\/juris\/document\/document.jsf?text=&amp;docid=121741&amp;pageIndex=0&amp;doclang=de&amp;mode=lst&amp;dir=&amp;occ=first&amp;part=1&amp;cid=3469105\" target=\"_blank\">Textstelle ganz unten<\/a>).<\/p>\n<p>&nbsp;<\/p>\n","protected":false},"excerpt":{"rendered":"<p>Eine Vermutung alleine gen\u00fcgt nicht. Ein abgelehnter Stellenbewerber hat gegen den Arbeitgeber keinen Anspruch auf Auskunft, ob dieser einen anderen Bewerber eingestellt hat. Die 1961 in der Russischen SSR geborene [&#8230;]<\/p>\n","protected":false},"author":13,"featured_media":0,"comment_status":"closed","ping_status":"closed","sticky":false,"template":"","format":"standard","meta":{"ngg_post_thumbnail":0,"iawp_total_views":0,"footnotes":""},"categories":[163],"tags":[],"class_list":["post-5945","post","type-post","status-publish","format-standard","hentry","category-bag"],"_links":{"self":[{"href":"https:\/\/iuzb.de\/index.php?rest_route=\/wp\/v2\/posts\/5945","targetHints":{"allow":["GET"]}}],"collection":[{"href":"https:\/\/iuzb.de\/index.php?rest_route=\/wp\/v2\/posts"}],"about":[{"href":"https:\/\/iuzb.de\/index.php?rest_route=\/wp\/v2\/types\/post"}],"author":[{"embeddable":true,"href":"https:\/\/iuzb.de\/index.php?rest_route=\/wp\/v2\/users\/13"}],"replies":[{"embeddable":true,"href":"https:\/\/iuzb.de\/index.php?rest_route=%2Fwp%2Fv2%2Fcomments&post=5945"}],"version-history":[{"count":1,"href":"https:\/\/iuzb.de\/index.php?rest_route=\/wp\/v2\/posts\/5945\/revisions"}],"predecessor-version":[{"id":16048,"href":"https:\/\/iuzb.de\/index.php?rest_route=\/wp\/v2\/posts\/5945\/revisions\/16048"}],"wp:attachment":[{"href":"https:\/\/iuzb.de\/index.php?rest_route=%2Fwp%2Fv2%2Fmedia&parent=5945"}],"wp:term":[{"taxonomy":"category","embeddable":true,"href":"https:\/\/iuzb.de\/index.php?rest_route=%2Fwp%2Fv2%2Fcategories&post=5945"},{"taxonomy":"post_tag","embeddable":true,"href":"https:\/\/iuzb.de\/index.php?rest_route=%2Fwp%2Fv2%2Ftags&post=5945"}],"curies":[{"name":"wp","href":"https:\/\/api.w.org\/{rel}","templated":true}]}}