{"id":5439,"date":"2013-04-19T10:02:34","date_gmt":"2013-04-19T09:02:34","guid":{"rendered":"http:\/\/www.iuzb.org\/wordpress\/?p=5439"},"modified":"2016-11-09T19:03:03","modified_gmt":"2016-11-09T18:03:03","slug":"altersgrenzen-fur-den-beitritt-zu-berufsstandischen-versorgungswerken-sind-zulassig","status":"publish","type":"post","link":"https:\/\/iuzb.de\/?p=5439","title":{"rendered":"Altersgrenzen f\u00fcr den Beitritt zu berufsst\u00e4ndischen Versorgungswerken sind zul\u00e4ssig"},"content":{"rendered":"<p>Altersgrenzen f\u00fcr den Beitritt zu berufsst\u00e4ndischen Versorgungswerken sind zul\u00e4ssig und stellen auch keine Verletzung h\u00f6herrangigen Rechts dar, so die Richtungsentscheidung eines Urteils des Verwaltunsgericht Freiburg (<a href=\"http:\/\/lrbw.juris.de\/cgi-bin\/laender_rechtsprechung\/document.py?Gericht=bw&amp;GerichtAuswahl=Verwaltungsgerichte&amp;Art=en&amp;Datum=2013-3&amp;Seite=1&amp;nr=16760&amp;pos=12&amp;anz=23\" target=\"_blank\">Az 1 K 454\/11<\/a> vom 13.3.2013) in Bezug auf einen Fall des <a href=\"http:\/\/www.vw-ra.de\/\" target=\"_blank\">Versorgungswerkes der Rechtsanw\u00e4lte in Baden-W\u00fcrttemberg<\/a>.<\/p>\n<p><a href=\"http:\/\/lrbw.juris.de\/cgi-bin\/laender_rechtsprechung\/document.py?Gericht=bw&amp;GerichtAuswahl=Verwaltungsgerichte&amp;Art=en&amp;Datum=2013-3&amp;Seite=1&amp;nr=16760&amp;pos=12&amp;anz=23\" target=\"_blank\">Rand Nr. 20 und 21<\/a> &#8211; Auszug -:<\/p>\n<blockquote><p>Die Altersgrenze dient der Abgrenzung des Kreises der Mitglieder des Versorgungswerks.<\/p>\n<p>Der Gesetz- bzw. Satzungsgeber ist berechtigt, diese Abgrenzung so vorzunehmen, wie es f\u00fcr die Begr\u00fcndung einer leistungsf\u00e4higen Solidargemeinschaft erforderlich ist .<\/p>\n<p>Dabei ist zu ber\u00fccksichtigen, dass das Finanzierungssystem des Beklagten sich von dem der gesetzlichen Rentenversicherung unterscheidet und auf dem sogenannten \u201eoffenen Deckungsplanverfahren\u201c basiert.<\/p>\n<p>Zu den Eigent\u00fcmlichkeiten dieses Versorgungskonzepts geh\u00f6rt, dass die H\u00f6he der sp\u00e4teren Alters- oder Berufsunf\u00e4higkeitsrente sich nach einem pers\u00f6nlichen durchschnittlichen Beitragsquotienten richtet, der f\u00fcr die Beitragszeit des jeweiligen Mitglieds linear ermittelt wird. Die Rentenh\u00f6he wird mithin nicht dadurch beeinflusst, wie lange ein gezahlter Beitrag bis zum Eintritt des Versorgungsfalls dem Beklagten zur Verf\u00fcgung stand. Der Zinsvorteil aus einer langen Verweildauer eines Beitrags kommt damit nicht dem jeweiligen Rechtsanwalt selbst, sondern mittels des j\u00e4hrlich neu festgesetzten Rentensteigerungsbetrages\u00a0 allen Mitgliedern des Beklagten gleicherma\u00dfen zu. Dies f\u00fchrt dazu, dass Anw\u00e4lte mit ihren in j\u00fcngeren Berufsjahren geleisteten Beitr\u00e4gen \u00fcberproportional, mit den in sp\u00e4teren Berufsjahren geleisteten Beitr\u00e4gen hingegen nur unterdurchschnittlich zu den Versorgungsleistungen beitragen. Versicherungsmathematisch werden durch die Beitr\u00e4ge der j\u00fcngeren Mitglieder damit Gewinne erzielt, mit denen die Beitragsstabilit\u00e4t f\u00fcr \u00e4ltere Teilnehmer gesichert werden kann; durch die Zinswirkung der geleisteten Versorgungsabgaben tragen die Beitr\u00e4ge der j\u00fcngeren Mitglieder diejenigen der \u00e4lteren mit. Hieraus erkl\u00e4rt sich das Interesse des Beklagten, eine Teilnahme am Versorgungswerk, die erst in sp\u00e4teren Berufsjahren beginnt oder erheblich ausgeweitet wird, m\u00f6glichst zu verhindern. Zudem hat der Beklagte zu Recht darauf hingewiesen, dass er nicht nur Altersrente, sondern etwa auch Rente wegen Berufsunf\u00e4higkeit gew\u00e4hrt und das Risiko, berufsunf\u00e4hig zu werden, gerade bei steigendem Lebensalter zunimmt, wobei in diesen F\u00e4llen keine Beitragszahlungen mehr geleistet werden.<\/p>\n<p>Diesen Besonderheiten tr\u00e4gt die Altersgrenze von 45 Jahren Rechnung.<\/p>\n<p>Sie soll einerseits Personen, die erst in mittleren Lebensjahren erstmals als Rechtsanw\u00e4lte zugelassen werden oder sonst die Voraussetzungen f\u00fcr die Mitgliedschaft erf\u00fcllen, noch den Zugang zum Versorgungswerk erm\u00f6glichen, andererseits aber \u00e4ltere Rechtsanw\u00e4lte, die das Versorgungswerk \u00fcberproportional belasten w\u00fcrden, fernhalten. Dies ist unter dem Blickwinkel des allgemeinen Gleichheitssatzes unbedenklich.<\/p><\/blockquote>\n<p>&nbsp;<\/p>\n<p>&nbsp;<\/p>\n<p>&nbsp;<\/p>\n","protected":false},"excerpt":{"rendered":"<p>Altersgrenzen f\u00fcr den Beitritt zu berufsst\u00e4ndischen Versorgungswerken sind zul\u00e4ssig und stellen auch keine Verletzung h\u00f6herrangigen Rechts dar, so die Richtungsentscheidung eines Urteils des Verwaltunsgericht Freiburg (Az 1 K 454\/11 vom [&#8230;]<\/p>\n","protected":false},"author":13,"featured_media":0,"comment_status":"open","ping_status":"open","sticky":false,"template":"","format":"standard","meta":{"ngg_post_thumbnail":0,"iawp_total_views":2,"footnotes":""},"categories":[68],"tags":[],"class_list":["post-5439","post","type-post","status-publish","format-standard","hentry","category-recht"],"_links":{"self":[{"href":"https:\/\/iuzb.de\/index.php?rest_route=\/wp\/v2\/posts\/5439","targetHints":{"allow":["GET"]}}],"collection":[{"href":"https:\/\/iuzb.de\/index.php?rest_route=\/wp\/v2\/posts"}],"about":[{"href":"https:\/\/iuzb.de\/index.php?rest_route=\/wp\/v2\/types\/post"}],"author":[{"embeddable":true,"href":"https:\/\/iuzb.de\/index.php?rest_route=\/wp\/v2\/users\/13"}],"replies":[{"embeddable":true,"href":"https:\/\/iuzb.de\/index.php?rest_route=%2Fwp%2Fv2%2Fcomments&post=5439"}],"version-history":[{"count":1,"href":"https:\/\/iuzb.de\/index.php?rest_route=\/wp\/v2\/posts\/5439\/revisions"}],"predecessor-version":[{"id":15176,"href":"https:\/\/iuzb.de\/index.php?rest_route=\/wp\/v2\/posts\/5439\/revisions\/15176"}],"wp:attachment":[{"href":"https:\/\/iuzb.de\/index.php?rest_route=%2Fwp%2Fv2%2Fmedia&parent=5439"}],"wp:term":[{"taxonomy":"category","embeddable":true,"href":"https:\/\/iuzb.de\/index.php?rest_route=%2Fwp%2Fv2%2Fcategories&post=5439"},{"taxonomy":"post_tag","embeddable":true,"href":"https:\/\/iuzb.de\/index.php?rest_route=%2Fwp%2Fv2%2Ftags&post=5439"}],"curies":[{"name":"wp","href":"https:\/\/api.w.org\/{rel}","templated":true}]}}