{"id":53787,"date":"2026-09-04T19:33:04","date_gmt":"2026-09-04T17:33:04","guid":{"rendered":"https:\/\/iuzb.de\/?p=53787"},"modified":"2026-09-04T19:37:17","modified_gmt":"2026-09-04T17:37:17","slug":"tag-der-zahngesundheit-am-04-09-2026-gesund-beginnt-im-mund-kau-dich-fit-erfolgreicher-aktionstag-fuer-schulkinder-von-zahnaerztekammer-berlin-und-charite","status":"publish","type":"post","link":"https:\/\/iuzb.de\/?p=53787","title":{"rendered":"Tag der Zahngesundheit am 04.09.2026: \u201eGesund beginnt im Mund \u2013 Kau dich fit!\u201c Erfolgreicher Aktionstag f\u00fcr Schulkinder von Zahn\u00e4rztekammer Berlin und Charit\u00e9"},"content":{"rendered":"<p style=\"text-align: justify;\"><span style=\"font-family: arial, helvetica, sans-serif; font-size: 12pt;\">Ausnahmsweise nicht Studierende f\u00fcllten heute den gro\u00dfen H\u00f6rsaal im Institut f\u00fcr Zahn-, Mund- und Kieferheilkunde an der Charit\u00e9 \u2013 Universit\u00e4tsmedizin Berlin in Wilmersdorf und sorgten f\u00fcr lebhafte Stimmung: Rund 200 Grundschulkinder nahmen am gro\u00dfen Aktionstag zum Tag der Zahngesundheit begeistert \u2013 und beim Auftritt von Kroko, dem lebensgro\u00dfen Zahnputz-Krokodil \u2013 auch lautstark teil. <strong>Dr. Bianca G\u00f6pner-Fleige<\/strong>, Pr\u00e4sidentin der Zahn\u00e4rztekammer (Z\u00c4K) Berlin, und <strong>Univ.-Prof. Dr. Kathrin Becker<\/strong>, Direktorin der Abteilung f\u00fcr Kieferorthop\u00e4die und Orthodontie der Charit\u00e9 \u2013 Universit\u00e4tsmedizin Berlin, begr\u00fc\u00dften um 9 Uhr die Sch\u00fclerinnen und Sch\u00fcler. Veranstaltet wird der Aktionstag von Zahn\u00e4rztekammer Berlin und Charit\u00e9 \u2013 Universit\u00e4tsmedizin Berlin, in Zusammenarbeit mit der Landesarbeitsgemeinschaft Berlin zur Verh\u00fctung von Zahnerkrankungen e. V. (LAG Berlin), den Zahn\u00e4rztlichen Diensten der Berliner Bezirke und der Mitteldeutschen Zahntechniker-Innung. Das gemeinsame Ziel aller Beteiligten ist es, das wichtige Thema Mundgesundheit spielerisch und altersgerecht in das Bewusstsein der Kinder zu bringen. Mit kindgerechten Vortr\u00e4gen im Uni-H\u00f6rsaal, dem \u201eKino Mundgesundheit\u201c, dem Erkunden des Behandlungsstuhls und vielen anderen originellen Mitmach-Aktionen wurde den jungen \u201eStudierenden\u201c das Thema Pr\u00e4vention nahegebracht.<\/span><\/p>\n<p style=\"text-align: justify;\"><span style=\"font-family: arial, helvetica, sans-serif; font-size: 12pt;\"><strong>Dr. Ina Czyborra, Senatorin f\u00fcr Wissenschaft, Gesundheit und Pflege<\/strong>: <\/span><\/p>\n<blockquote>\n<p style=\"text-align: justify;\"><span style=\"font-family: arial, helvetica, sans-serif; font-size: 12pt;\">\u201eGesund aufwachsen beginnt mit gesunden Z\u00e4hnen. Gesunde Z\u00e4hne sind eine wichtige Voraussetzung f\u00fcr den Spracherwerb und die positive Entwicklung von Kindern. Deshalb ist es so wertvoll, dass auch am diesj\u00e4hrigen Tag der Zahngesundheit Kindern wichtiges Wissen vermittelt und f\u00fcr Zahngesundheit sensibilisiert wird. Dass bei dieser Veranstaltung der Spa\u00df im Vordergrund steht und Kinder erst gar keine Ber\u00fchrungs\u00e4ngste mit dem Zahnarztstuhl entwickeln, tr\u00e4gt wesentlich zur St\u00e4rkung der Vorsorge bei. Die Zahn\u00e4rztinnen und Zahn\u00e4rzte in den Praxen und im Zahn\u00e4rztlichen Dienst der Gesundheits\u00e4mter helfen gemeinsam mit Kroko, dass Kinder fr\u00fchzeitig \u00fcber das richtige Z\u00e4hneputzen, zu viel Zuckerkonsum und gesunde Alternativen Bescheid wissen. &nbsp;Mein herzlicher Dank gilt allen, die sich daf\u00fcr engagieren. Gemeinsam k\u00f6nnen wir dazu beitragen, dass jedes Kind gesund aufw\u00e4chst und von Anfang an gute Chancen auf ein gesundes Leben hat.\u201c<\/span><\/p>\n<\/blockquote>\n<p style=\"text-align: justify;\"><span style=\"font-family: arial, helvetica, sans-serif; font-size: 12pt;\"><strong>Univ.-Prof. Dr. Kathrin Becker, Direktorin der Abteilung f\u00fcr Kieferorthop\u00e4die und Orthodontie der Charit\u00e9 \u2013 Universit\u00e4tsmedizin Berlin:<\/strong> <\/span><\/p>\n<blockquote>\n<p style=\"text-align: justify;\"><span style=\"font-family: arial, helvetica, sans-serif; font-size: 12pt;\">\u201eDer Grundstein f\u00fcr lebenslange Mundgesundheit wird bereits im Kindesalter gelegt. Gesunde Z\u00e4hne sind dabei weit mehr als eine Frage von \u00c4sthetik und Sprache: Sie sind Voraussetzung f\u00fcr gutes Kauen, eine ausgewogene Ern\u00e4hrung und leisten damit einen wichtigen Beitrag zur allgemeinen Gesundheit. Auch f\u00fcr die Zahnklinik der Charit\u00e9 hat der Tag der Zahngesundheit einen hohen Stellenwert, da wir hier Heranwachsende spielerisch an das wichtige Thema Mundgesundheit heranf\u00fchren und das Bewusstsein f\u00fcr das Thema st\u00e4rken k\u00f6nnen. Erlebnisse und Erfahrungen aus jungen Jahren sind oft f\u00fcr das gesamte Leben pr\u00e4gend \u2013 und gerade der Kariestunnel und Kroko sind neben den Aktionsst\u00e4nden immer eine spannende und erinnerungsw\u00fcrdige Abwechslung f\u00fcr unsere jungen G\u00e4ste.\u201c&nbsp;<\/span><\/p>\n<\/blockquote>\n<p style=\"text-align: justify;\"><span style=\"font-family: arial, helvetica, sans-serif; font-size: 12pt;\"><strong>Dr. Bianca G\u00f6pner-Fleige, Pr\u00e4sidentin der Z\u00c4K Berlin:<\/strong> <\/span><\/p>\n<blockquote>\n<p style=\"text-align: justify;\"><span style=\"font-family: arial, helvetica, sans-serif; font-size: 12pt;\">\u201eDie j\u00e4hrliche Veranstaltung anl\u00e4sslich des Tages der Zahngesundheit ist eine wichtige und sch\u00f6ne M\u00f6glichkeit, die Mundgesundheitskompetenz dieser Zielgruppe zu st\u00e4rken und die breite \u00d6ffentlichkeit f\u00fcr das Thema in Berlin zu sensibilisieren. In diesem Jahr lautet das bundesweite Motto des Aktionstages \u201aGesund beginnt im Mund \u2013 Kau dich fit!\u2018. Die positiven Auswirkungen von richtigem Kauen werden meist untersch\u00e4tzt: Gute Kauf\u00e4higkeit f\u00f6rdert nicht nur die Verdauung und die Mund- und Allgemeingesundheit, sondern beeinflusst auch die Sprachentwicklung und den Erhalt von kognitiven F\u00e4higkeiten bis ins Alter. Den Kindern, ihren Eltern und den Lehrkr\u00e4ften diese Zusammenh\u00e4nge und grunds\u00e4tzliches, ganz praktisches Wissen zur t\u00e4glichen Anwendung zu Hause zum Thema Mundgesundheit spielerisch zu vermitteln, liegt uns sehr am Herzen.\u201c&nbsp;<\/span><\/p>\n<\/blockquote>\n<p style=\"text-align: justify;\"><span style=\"font-family: arial, helvetica, sans-serif; font-size: 12pt;\"><strong>Hintergrund \u2013 Tag der Zahngesundheit:&nbsp;<\/strong><\/span><br \/>\n<span style=\"font-family: arial, helvetica, sans-serif; font-size: 12pt;\">Seit 1991 kl\u00e4rt der Tag der Zahngesundheit am 25. September die \u00d6ffentlichkeit mit bundesweiten Veranstaltungen und j\u00e4hrlich wechselnden Themenschwerpunkten \u00fcber Aspekte der Mundgesundheit auf und tr\u00e4gt dazu bei, Zahn-, Mund- und Kiefererkrankungen zu vermeiden. Die Z\u00c4K Berlin l\u00e4dt mit vielen Partnern allj\u00e4hrlich Berliner Grundschulkinder zum gro\u00dfen Aktionstag ins Institut f\u00fcr Zahn-, Mund- und Kieferheilkunde an der Charit\u00e9 \u2013 Universit\u00e4tsmedizin Berlin ein.&nbsp;<\/span><\/p>\n<p style=\"text-align: justify;\">&nbsp;<\/p>\n<p style=\"text-align: justify;\"><span style=\"font-family: arial, helvetica, sans-serif; font-size: 12pt;\">Quelle: Zahn\u00e4rztekammer Berlin, Pressemitteilung vom 04.09.2026<\/span><\/p>\n<div class=\"notranslate\" style=\"all: initial;\">&nbsp;<\/div>\n","protected":false},"excerpt":{"rendered":"<p>Ausnahmsweise nicht Studierende f\u00fcllten heute den gro\u00dfen H\u00f6rsaal im Institut f\u00fcr Zahn-, Mund- und Kieferheilkunde an der Charit\u00e9 \u2013 Universit\u00e4tsmedizin Berlin in Wilmersdorf und sorgten f\u00fcr lebhafte Stimmung: Rund 200 [&#8230;]<\/p>\n","protected":false},"author":13,"featured_media":0,"comment_status":"closed","ping_status":"closed","sticky":false,"template":"","format":"standard","meta":{"ngg_post_thumbnail":0,"iawp_total_views":1,"footnotes":""},"categories":[1,281,301,46],"tags":[],"class_list":["post-53787","post","type-post","status-publish","format-standard","hentry","category-allgemein","category-charite","category-tag-der-zahngesundheit","category-zahnaerztekammer-berlin"],"_links":{"self":[{"href":"https:\/\/iuzb.de\/index.php?rest_route=\/wp\/v2\/posts\/53787","targetHints":{"allow":["GET"]}}],"collection":[{"href":"https:\/\/iuzb.de\/index.php?rest_route=\/wp\/v2\/posts"}],"about":[{"href":"https:\/\/iuzb.de\/index.php?rest_route=\/wp\/v2\/types\/post"}],"author":[{"embeddable":true,"href":"https:\/\/iuzb.de\/index.php?rest_route=\/wp\/v2\/users\/13"}],"replies":[{"embeddable":true,"href":"https:\/\/iuzb.de\/index.php?rest_route=%2Fwp%2Fv2%2Fcomments&post=53787"}],"version-history":[{"count":2,"href":"https:\/\/iuzb.de\/index.php?rest_route=\/wp\/v2\/posts\/53787\/revisions"}],"predecessor-version":[{"id":53789,"href":"https:\/\/iuzb.de\/index.php?rest_route=\/wp\/v2\/posts\/53787\/revisions\/53789"}],"wp:attachment":[{"href":"https:\/\/iuzb.de\/index.php?rest_route=%2Fwp%2Fv2%2Fmedia&parent=53787"}],"wp:term":[{"taxonomy":"category","embeddable":true,"href":"https:\/\/iuzb.de\/index.php?rest_route=%2Fwp%2Fv2%2Fcategories&post=53787"},{"taxonomy":"post_tag","embeddable":true,"href":"https:\/\/iuzb.de\/index.php?rest_route=%2Fwp%2Fv2%2Ftags&post=53787"}],"curies":[{"name":"wp","href":"https:\/\/api.w.org\/{rel}","templated":true}]}}