{"id":53783,"date":"2026-09-04T18:44:16","date_gmt":"2026-09-04T16:44:16","guid":{"rendered":"https:\/\/iuzb.de\/?p=53783"},"modified":"2026-09-04T19:26:59","modified_gmt":"2026-09-04T17:26:59","slug":"zuzug-auslaendischer-aerzte-und-apotheker-soll-erleichtert-werden","status":"publish","type":"post","link":"https:\/\/iuzb.de\/?p=53783","title":{"rendered":"Zuzug ausl\u00e4ndischer \u00c4rzte und Apotheker soll erleichtert werden"},"content":{"rendered":"<p style=\"text-align: justify;\"><span style=\"font-family: arial, helvetica, sans-serif; font-size: 12pt;\">Spiegel: <a href=\"https:\/\/www.spiegel.de\/politik\/deutschland\/fachkraeftemangel-aerzte-und-apotheker-sollen-leichter-nach-deutschland-kommen-a-540b4b37-c447-432e-b0b3-dca27afe47a8\" target=\"_blank\" rel=\"noopener\">So sollen \u00c4rzte und Apotheker leichter nach Deutschland kommen<\/a><\/span><\/p>\n<blockquote>\n<p style=\"text-align: justify;\"><span style=\"font-family: arial, helvetica, sans-serif; font-size: 12pt;\">Linnemanns Verordnung erg\u00e4nzt ein bereits beschlossenes Gesetz zur Beschleunigung der Anerkennungsverfahren ausl\u00e4ndischer Berufsqualifikationen in Heilberufen. Der Bundesrat soll sich mit der Verordnung am 16. Oktober befassen.<\/span><\/p>\n<\/blockquote>\n<p>&nbsp;<\/p>\n<p>&nbsp;<\/p>\n<p>&nbsp;<\/p>\n<p>&nbsp;<\/p>\n","protected":false},"excerpt":{"rendered":"<p>Spiegel: So sollen \u00c4rzte und Apotheker leichter nach Deutschland kommen Linnemanns Verordnung erg\u00e4nzt ein bereits beschlossenes Gesetz zur Beschleunigung der Anerkennungsverfahren ausl\u00e4ndischer Berufsqualifikationen in Heilberufen. Der Bundesrat soll sich mit [&#8230;]<\/p>\n","protected":false},"author":13,"featured_media":0,"comment_status":"closed","ping_status":"closed","sticky":false,"template":"","format":"standard","meta":{"ngg_post_thumbnail":0,"iawp_total_views":0,"footnotes":""},"categories":[290,363,287],"tags":[],"class_list":["post-53783","post","type-post","status-publish","format-standard","hentry","category-bundesgesundheitsministerium","category-bundesrat","category-deutscher-bundestag"],"_links":{"self":[{"href":"https:\/\/iuzb.de\/index.php?rest_route=\/wp\/v2\/posts\/53783","targetHints":{"allow":["GET"]}}],"collection":[{"href":"https:\/\/iuzb.de\/index.php?rest_route=\/wp\/v2\/posts"}],"about":[{"href":"https:\/\/iuzb.de\/index.php?rest_route=\/wp\/v2\/types\/post"}],"author":[{"embeddable":true,"href":"https:\/\/iuzb.de\/index.php?rest_route=\/wp\/v2\/users\/13"}],"replies":[{"embeddable":true,"href":"https:\/\/iuzb.de\/index.php?rest_route=%2Fwp%2Fv2%2Fcomments&post=53783"}],"version-history":[{"count":2,"href":"https:\/\/iuzb.de\/index.php?rest_route=\/wp\/v2\/posts\/53783\/revisions"}],"predecessor-version":[{"id":53785,"href":"https:\/\/iuzb.de\/index.php?rest_route=\/wp\/v2\/posts\/53783\/revisions\/53785"}],"wp:attachment":[{"href":"https:\/\/iuzb.de\/index.php?rest_route=%2Fwp%2Fv2%2Fmedia&parent=53783"}],"wp:term":[{"taxonomy":"category","embeddable":true,"href":"https:\/\/iuzb.de\/index.php?rest_route=%2Fwp%2Fv2%2Fcategories&post=53783"},{"taxonomy":"post_tag","embeddable":true,"href":"https:\/\/iuzb.de\/index.php?rest_route=%2Fwp%2Fv2%2Ftags&post=53783"}],"curies":[{"name":"wp","href":"https:\/\/api.w.org\/{rel}","templated":true}]}}