{"id":53760,"date":"2026-09-03T12:48:50","date_gmt":"2026-09-03T10:48:50","guid":{"rendered":"https:\/\/iuzb.de\/?p=53760"},"modified":"2026-09-03T12:49:23","modified_gmt":"2026-09-03T10:49:23","slug":"berlin-baden-wuerttemberg-und-bayern-gemeinsam-fuer-einen-digitalen-oegd-der-zukunft","status":"publish","type":"post","link":"https:\/\/iuzb.de\/?p=53760","title":{"rendered":"Berlin, Baden-W\u00fcrttemberg und Bayern: Gemeinsam f\u00fcr einen digitalen \u00d6GD der Zukunft"},"content":{"rendered":"<p style=\"text-align: justify;\"><span style=\"font-family: arial, helvetica, sans-serif; font-size: 12pt;\">Seit dem 1. September arbeitet Berlin im \u00d6ffentlichen Gesundheitsdienst (\u00d6GD) Hand in Hand mit Baden-W\u00fcrttemberg und Bayern. Das Land Berlin ist der l\u00e4nder\u00fcbergreifenden Kooperation \u201eEinheitliches Digitales \u00d6kosystem \u00d6GD (ED\u00d6\u00b2)\u201c beigetreten, die von Baden-W\u00fcrttemberg und Bayern initiiert wurde \u2013 ein wichtiger Schritt, um die Digitalisierung der Gesundheits\u00e4mter effizienter, kosteng\u00fcnstiger und zukunftssicher zu gestalten.<\/span><\/p>\n<p style=\"text-align: justify;\"><span style=\"font-family: arial, helvetica, sans-serif; font-size: 12pt;\">Im Rahmen der Vereinbarung entwickeln und betreiben die drei L\u00e4nder eine gemeinsame, modular aufgebaute Fachanwendungslandschaft f\u00fcr die Gesundheits\u00e4mter. Basis ist die Plattform \u201e\u00d6GDigital\u201c, die in Baden-W\u00fcrttemberg bereits fl\u00e4chendeckend im Einsatz ist und aktuell in Bayern ausgerollt wird. Der Vorteil: Bestehende Module lassen sich mitnutzen, w\u00e4hrend neue Funktionen in abgestimmter Zusammenarbeit entstehen. So werden Entwicklungs- und Betriebskosten geteilt \u2013 und Doppelarbeit vermieden.<\/span><\/p>\n<p style=\"text-align: justify;\"><span style=\"font-family: arial, helvetica, sans-serif; font-size: 12pt;\">Die Kooperation setzt damit eine zentrale Forderung des Paktes f\u00fcr den \u00d6GD um, den Bund und L\u00e4nder 2021 beschlossen haben. Statt Insell\u00f6sungen zu schaffen, entsteht so ein einheitliches digitales \u00d6kosystem mit klaren Vorteilen:<\/span><\/p>\n<ul style=\"text-align: justify;\">\n<li><span style=\"font-family: arial, helvetica, sans-serif; font-size: 12pt;\">Arbeitsteilung: Aufgaben werden gemeinsam priorisiert und umgesetzt.<\/span><\/li>\n<li><span style=\"font-family: arial, helvetica, sans-serif; font-size: 12pt;\">Kosteneffizienz: Entwicklungsaufwand und Betriebskosten werden fair aufgeteilt.<\/span><\/li>\n<li><span style=\"font-family: arial, helvetica, sans-serif; font-size: 12pt;\">Flexibilit\u00e4t: Jedes Land kann Module an seine Bed\u00fcrfnisse anpassen und gleichzeitig von den L\u00f6sungen der anderen profitieren.<\/span><\/li>\n<\/ul>\n<p style=\"text-align: justify;\"><span style=\"font-family: arial, helvetica, sans-serif; font-size: 12pt;\"><strong>Dazu Dr. Ina Czyborra, Senatorin f\u00fcr Wissenschaft, Gesundheit und Pflege:<\/strong> <\/span><\/p>\n<blockquote>\n<p style=\"text-align: justify;\"><span style=\"font-family: arial, helvetica, sans-serif; font-size: 12pt;\">\u201eDie Digitalisierung des \u00d6ffentlichen Gesundheitsdienstes ist eine Daueraufgabe, die kein Land allein stemmen kann. Mit unserem Beitritt zur Kooperation st\u00e4rken wir nicht nur den Berliner \u00d6GD, sondern machen ihn auch leistungsf\u00e4higer f\u00fcr ganz Deutschland. Unsere Berliner Gesundheits\u00e4mter profitieren von der Vorarbeit Baden-W\u00fcrttembergs und Bayerns \u2013 und umgekehrt. So schaffen wir Synergien, sparen Ressourcen und setzen auf eine nachhaltige Digitalisierung.\u201c<\/span><\/p>\n<\/blockquote>\n<p style=\"text-align: justify;\"><span style=\"font-family: arial, helvetica, sans-serif; font-size: 12pt;\"><strong>Dazu Oliver Hildenbrand, Minister f\u00fcr Soziales, Arbeit und Gesundheit, Baden-W\u00fcrttemberg:<\/strong><\/span><\/p>\n<blockquote>\n<p style=\"text-align: justify;\"><span style=\"font-family: arial, helvetica, sans-serif; font-size: 12pt;\">\u201eDie Digitalisierung des \u00d6ffentlichen Gesundheitsdienstes ist eine der zentralen Aufgaben unserer Zeit. Wie unverzichtbar leistungsf\u00e4hige Gesundheits\u00e4mter sind, haben die Pandemieerfahrungen der vergangenen Jahre eindr\u00fccklich gezeigt. Mit der Digitalisierung heben wir Potenziale, st\u00e4rken die Gesundheits\u00e4mter und verbessern den Service f\u00fcr die B\u00fcrgerinnen und B\u00fcrger sowie den Arbeitsalltag der Besch\u00e4ftigten. Dass Berlin nun zu unserer Kooperation mit Bayern hinzukommt, ist ein starkes Signal: Gemeinsam bringen wir den \u00d6GD voran. Berlin hei\u00dfen wir herzlich willkommen.\u201d<\/span><\/p>\n<\/blockquote>\n<p style=\"text-align: justify;\"><span style=\"font-family: arial, helvetica, sans-serif; font-size: 12pt;\"><strong>Dazu Bayerns Gesundheitsministerin Judith Gerlach:<\/strong> <\/span><\/p>\n<blockquote>\n<p style=\"text-align: justify;\"><span style=\"font-family: arial, helvetica, sans-serif; font-size: 12pt;\">\u201eEin leistungsf\u00e4higer \u00d6ffentlicher Gesundheitsdienst ist der Schl\u00fcssel f\u00fcr einen nachhaltigen Schutz der Gesundheit unserer Bev\u00f6lkerung. Zentral ist dabei, dass wir deutschlandweit ein einheitliches Digitales \u00d6kosystem entwickeln und nicht jedes Land auf Insell\u00f6sungen setzt. Ich freue mich deshalb, dass unsere Kooperation mit Baden-W\u00fcrttemberg ausgeweitet und damit die \u00e4mter- und l\u00e4nder\u00fcbergreifende Zusammenarbeit gest\u00e4rkt wird. So k\u00f6nnen Entwicklungen ausgetauscht und mitgenutzt werden. Bayern bringt hier seine Kompetenzen und Investitionen unter anderem aus der Entwicklung der Fachmodule zur Trinkwasser- und Badegew\u00e4sser\u00fcberwachung ein, die in die Plattform \u00d6GDigital integriert sind.\u201c<\/span><\/p>\n<\/blockquote>\n<p style=\"text-align: justify;\"><span style=\"font-family: arial, helvetica, sans-serif; font-size: 12pt;\">Als erstes beitretendes Bundesland st\u00e4rkt Berlin die Grundlage f\u00fcr eine bundesweite Ausweitung der Kooperation. Der Schritt ist das Ergebnis monatelanger Vorarbeit: Bereits im August 2025 unterzeichnete Berlin eine Absichtserkl\u00e4rung. Erste Tests mit dem Landesamt f\u00fcr Gesundheit und Soziales und vier Bezirken zur Anbindung an das Berliner Landesnetz verliefen erfolgreich, weitere folgen schrittweise.<\/span><\/p>\n<p style=\"text-align: justify;\"><span style=\"font-family: arial, helvetica, sans-serif; font-size: 12pt;\">Mit seinem klientenzentrierten Fallbearbeitungssystem \u201eKliFaB\u201c steuert Berlin einen eigenen Baustein zur L\u00e4nderkooperation bei. Ab 2027 soll das System die veralteten MS-Access-L\u00f6sungen in den zw\u00f6lf Berliner Gesundheits\u00e4mtern ersetzen und zentrale Prozesse digital abbilden \u2013 von der Falldokumentation \u00fcber Termin- und Dokumentenmanagement bis hin zum Berichtswesen in den Sozialpsychiatrischen Diensten (SpD), den Kinder- und Jugendpsychiatrischen Diensten (KJPD), den Beratungsstellen f\u00fcr Menschen mit Behinderung, Krebs und chronischen Erkrankungen (BfB) und den Zentren f\u00fcr sinnesbehinderte Menschen.<\/span><\/p>\n<p style=\"text-align: justify;\"><span style=\"font-family: arial, helvetica, sans-serif; font-size: 12pt;\">Die B\u00fcrgerinnen und B\u00fcrger profitieren von den schnelleren und effizienteren Dienstleistungen der digitalen Prozesse. Mitarbeitende im \u00d6GD werden durch moderne, integrierte Arbeitsabl\u00e4ufe entlastet. Sensible Gesundheitsdaten werden im Zuge des zentralen Betriebs besser gesch\u00fctzt. Zudem k\u00f6nnen Baden-W\u00fcrttemberg und Bayern das Berliner Modul KliFaB an ihre Prozesse anpassen, w\u00e4hrend Berlin umgekehrt von bereits entwickelten L\u00f6sungen (z.B. der Schnittstelle zu SHAPTH, der bundesweiten Austauschplattform f\u00fcr Trinkwasserhygiene) profitiert.<\/span><\/p>\n<p style=\"text-align: justify;\"><span style=\"font-family: arial, helvetica, sans-serif; font-size: 12pt;\">Das Vorhaben baut auf dem Pakt f\u00fcr den \u00d6GD (2021-2026) auf, aus dem Berlin bereits rund 21 Millionen Euro in die Digitalisierung investiert hat. Das ITDZ Berlin begleitet das Projekt fachlich \u2013 etwa bei der Anbindung an das Berliner Landesnetz und der Einbindung der Berliner IKT-Basisdienste.<\/span><\/p>\n<p style=\"text-align: justify;\"><span style=\"font-family: arial, helvetica, sans-serif; font-size: 12pt;\">Quelle: Senatsverwaltung f\u00fcr Wissenschaft, Gesundheit und Pflege, <a href=\"https:\/\/www.berlin.de\/sen\/wgp\/presse\/2026\/pressemitteilung.1709929.php\" target=\"_blank\" rel=\"noopener\">Pressemitteilung<\/a> vom 03.09.2026<\/span><\/p>\n","protected":false},"excerpt":{"rendered":"<p>Seit dem 1. September arbeitet Berlin im \u00d6ffentlichen Gesundheitsdienst (\u00d6GD) Hand in Hand mit Baden-W\u00fcrttemberg und Bayern. Das Land Berlin ist der l\u00e4nder\u00fcbergreifenden Kooperation \u201eEinheitliches Digitales \u00d6kosystem \u00d6GD (ED\u00d6\u00b2)\u201c beigetreten, [&#8230;]<\/p>\n","protected":false},"author":13,"featured_media":0,"comment_status":"closed","ping_status":"closed","sticky":false,"template":"","format":"standard","meta":{"ngg_post_thumbnail":0,"iawp_total_views":2,"footnotes":""},"categories":[177,150,182],"tags":[],"class_list":["post-53760","post","type-post","status-publish","format-standard","hentry","category-berlin","category-lageso","category-senat"],"_links":{"self":[{"href":"https:\/\/iuzb.de\/index.php?rest_route=\/wp\/v2\/posts\/53760","targetHints":{"allow":["GET"]}}],"collection":[{"href":"https:\/\/iuzb.de\/index.php?rest_route=\/wp\/v2\/posts"}],"about":[{"href":"https:\/\/iuzb.de\/index.php?rest_route=\/wp\/v2\/types\/post"}],"author":[{"embeddable":true,"href":"https:\/\/iuzb.de\/index.php?rest_route=\/wp\/v2\/users\/13"}],"replies":[{"embeddable":true,"href":"https:\/\/iuzb.de\/index.php?rest_route=%2Fwp%2Fv2%2Fcomments&post=53760"}],"version-history":[{"count":2,"href":"https:\/\/iuzb.de\/index.php?rest_route=\/wp\/v2\/posts\/53760\/revisions"}],"predecessor-version":[{"id":53762,"href":"https:\/\/iuzb.de\/index.php?rest_route=\/wp\/v2\/posts\/53760\/revisions\/53762"}],"wp:attachment":[{"href":"https:\/\/iuzb.de\/index.php?rest_route=%2Fwp%2Fv2%2Fmedia&parent=53760"}],"wp:term":[{"taxonomy":"category","embeddable":true,"href":"https:\/\/iuzb.de\/index.php?rest_route=%2Fwp%2Fv2%2Fcategories&post=53760"},{"taxonomy":"post_tag","embeddable":true,"href":"https:\/\/iuzb.de\/index.php?rest_route=%2Fwp%2Fv2%2Ftags&post=53760"}],"curies":[{"name":"wp","href":"https:\/\/api.w.org\/{rel}","templated":true}]}}