{"id":5352,"date":"2013-04-13T17:37:59","date_gmt":"2013-04-13T16:37:59","guid":{"rendered":"http:\/\/www.iuzb.org\/wordpress\/?p=5352"},"modified":"2023-04-12T10:09:48","modified_gmt":"2023-04-12T08:09:48","slug":"vzb-zahlreiche-wahllisten-nicht-reprasentiert","status":"publish","type":"post","link":"https:\/\/iuzb.de\/?p=5352","title":{"rendered":"VZB: Zahlreiche Wahllisten nicht repr\u00e4sentiert"},"content":{"rendered":"<p style=\"text-align: justify;\">Ein Kommentar:<\/p>\n<p style=\"text-align: justify;\">Wir berichten per <a href=\"http:\/\/www.iuzb.de\/?p=5219\" target=\"_blank\" rel=\"noopener\">Live-Ticker<\/a> aus der heutigen konstituierenden Vertreterversammlung des Versorgungswerkes der Zahn\u00e4rztekammer Berlin.<\/p>\n<p style=\"text-align: justify;\">Bedauerlicherweise werden auch in Zukunft alle wichtigen \u00c4mter im Aufsichtsausschuss und im Verwaltungsausschuss wieder nur von den einigen wenigen Wahllisten besetzt. Unterst\u00fctzt durch drei Amtsinhaber, welche nicht einmal bei der ma\u00dfgeblichen letzten Kammerwahl auf einer Wahlliste kandidiert haben.<\/p>\n<p style=\"text-align: justify;\">Die UNION 2012 und die Fraktion Gesundheit sind zwar in der Vertreterversammlung vertreten, die in den Bundesl\u00e4ndern Berlin, Brandenburg und Bremen machthabenden Wahllisten, insbesondere<\/p>\n<ol style=\"text-align: justify;\">\n<li>Verband der Zahn\u00e4rzte von Berlin,<\/li>\n<li>Verband Niedergelassener Zahn\u00e4rzte Land Brandenburg,<\/li>\n<li>Freier Verband Deutscher Zahn\u00e4rzte und<\/li>\n<li>Aktiv f\u00fcr Freiberuflichkeit<\/li>\n<\/ol>\n<p style=\"text-align: justify;\">haben jedoch ihre Mehrheit ausgenutzt, um den Zugang der Berliner Opposition zum Aufsichtsausschuss und Verwaltungsausschuss zu verhindern.<\/p>\n<p style=\"text-align: justify;\">Das ist aber nicht alles: Bedingt durch eine zu geringe Anzahl an Pl\u00e4tzen in der <span style=\"text-decoration: underline;\">Vertreterversammlung<\/span> &#8211; es gibt dort Kraft dem <a href=\"http:\/\/www.zaek-berlin.de\/fileadmin\/dokumente\/Zentraler_Hauptordner\/Kammerhandbuch\/2_Berliner_Kammergesetz.pdf\" target=\"_blank\" rel=\"noopener\">Berliner Kammergesetz<\/a> (\u00a7 4b Absatz 5)&nbsp; <span style=\"text-decoration: underline;\">nur 12 Sitze<\/span>, <span style=\"text-decoration: underline;\">bei<\/span> rd. <span style=\"text-decoration: underline;\">8000 Mitgliedern<\/span> (!) &#8211; sind au\u00dferdem eine Vielzahl von Wahllisten, welche bei den jeweils letzten Wahlen in ihrem Kammerbereich von der W\u00e4hlerschaft mindestens ein Mandat erhalten haben, noch nicht einmal in der Vertreterversammlung vertreten.<\/p>\n<p style=\"text-align: justify;\"><strong>Das hat zur Folge, dass ein Gro\u00dfteil der W\u00e4hlerschaft<\/strong>, \u00fcber die von Ihnen gew\u00e4hlten oppositionellen Wahllisten<strong>, nicht in den Organen des Versorgungswerkes repr\u00e4sentiert wird.<\/strong><\/p>\n<p style=\"text-align: justify;\">Betroffen sind hiervon grunds\u00e4tzlich die W\u00e4hlerinnen und W\u00e4hler folgender Wahllisten:<\/p>\n<ul style=\"text-align: justify;\">\n<li>Berlin: UNION 2012<\/li>\n<li>Berlin: Fraktion Gesundheit<\/li>\n<li>Berlin: Kieferorthop\u00e4die<\/li>\n<li>Berlin: Chirurgie in der Zahnmedizin<\/li>\n<li>Brandenburg: Gemeinsam Praktizierende Zahn\u00e4rzte Brandenburg<\/li>\n<li>Brandenburg: Zahn\u00e4rztinnen Brandenburg<\/li>\n<li>Brandenburg: Zahn\u00e4rzte im Ruhestand Brandenburg<\/li>\n<li>Brandenburg: Zahn\u00e4rzteverein Schwedt \u2013 offene Liste<\/li>\n<li>Brandenburg: Zahn\u00e4rztinnen und Zahn\u00e4rzte \u2013 \u00d6ffentlicher Gesundheitsdienst<\/li>\n<li>Brandenburg: Liste unabh\u00e4ngiger Kandidaten<\/li>\n<li>Bremen: Ab in die Zukunft<\/li>\n<li>Bremen: Aktion Kritische Zahn\u00e4rztInnen<\/li>\n<li>Bremen: Dr. Katja Feyer<\/li>\n<li>Bremen: Interessengemeinschaft unabh\u00e4ngiger Zahn\u00e4rzte<\/li>\n<li>Bremen: Wir engagieren uns<\/li>\n<li>Bremerhaven: 3 Kandidaten<\/li>\n<\/ul>\n<p style=\"text-align: justify;\">Auch wenn einige dieser Wahllisten die vier oben aufgef\u00fchrten machthabenden Verb\u00e4nde unterst\u00fctzen und mit einer untergeordneten Rolle ganz zufrieden sein m\u00f6gen,&nbsp; \u00e4ndert dies aber nichts an dem grunds\u00e4tzlichen Problem, dass im Versorgungswerk zu viel Handlungsmacht auf zu wenige Wahllisten versammelt ist, w\u00e4hrend zu viele Wahllisten und deren W\u00e4hlerschaft einfach ausgeschlossen sind.<\/p>\n<p style=\"text-align: justify;\">Wie k\u00f6nnte man dies \u00e4ndern?<\/p>\n<ol style=\"text-align: justify;\">\n<li>Durch eine gesetzliche \u00c4nderung des Berliner Kammergesetztes, wonach die Anzahl der Sitze in der Vertreterversammlung zu erh\u00f6hen ist, und<\/li>\n<li>da es freiwillig offensichtlich unerf\u00fcllbar ist, durch eine gesetzliche Festschreibung, dass auch die Sitze im Verwaltungsausschuss, insbesondere aber im Aufsichtsausschuss, spiegelbildlich zu besetzten sind, oder aber eben<\/li>\n<li>durch eine Entscheidung der W\u00e4hlerschaft, k\u00fcnftig Wahllisten zu w\u00e4hlen, welche sich nachhaltig f\u00fcr das demokratische Prinzip der Spiegelbildlichkeit einsetzen.<\/li>\n<\/ol>\n<p style=\"text-align: justify;\">&nbsp;<\/p>\n","protected":false},"excerpt":{"rendered":"<p>Ein Kommentar: Wir berichten per Live-Ticker aus der heutigen konstituierenden Vertreterversammlung des Versorgungswerkes der Zahn\u00e4rztekammer Berlin. Bedauerlicherweise werden auch in Zukunft alle wichtigen \u00c4mter im Aufsichtsausschuss und im Verwaltungsausschuss wieder [&#8230;]<\/p>\n","protected":false},"author":13,"featured_media":0,"comment_status":"closed","ping_status":"closed","sticky":false,"template":"","format":"standard","meta":{"ngg_post_thumbnail":0,"iawp_total_views":1,"footnotes":""},"categories":[217,94,87],"tags":[],"class_list":["post-5352","post","type-post","status-publish","format-standard","hentry","category-berliner-kammergesetz","category-spiegelbildlichkeit-versorgungswerk-vzb","category-vertreterversammlung"],"_links":{"self":[{"href":"https:\/\/iuzb.de\/index.php?rest_route=\/wp\/v2\/posts\/5352","targetHints":{"allow":["GET"]}}],"collection":[{"href":"https:\/\/iuzb.de\/index.php?rest_route=\/wp\/v2\/posts"}],"about":[{"href":"https:\/\/iuzb.de\/index.php?rest_route=\/wp\/v2\/types\/post"}],"author":[{"embeddable":true,"href":"https:\/\/iuzb.de\/index.php?rest_route=\/wp\/v2\/users\/13"}],"replies":[{"embeddable":true,"href":"https:\/\/iuzb.de\/index.php?rest_route=%2Fwp%2Fv2%2Fcomments&post=5352"}],"version-history":[{"count":9,"href":"https:\/\/iuzb.de\/index.php?rest_route=\/wp\/v2\/posts\/5352\/revisions"}],"predecessor-version":[{"id":41929,"href":"https:\/\/iuzb.de\/index.php?rest_route=\/wp\/v2\/posts\/5352\/revisions\/41929"}],"wp:attachment":[{"href":"https:\/\/iuzb.de\/index.php?rest_route=%2Fwp%2Fv2%2Fmedia&parent=5352"}],"wp:term":[{"taxonomy":"category","embeddable":true,"href":"https:\/\/iuzb.de\/index.php?rest_route=%2Fwp%2Fv2%2Fcategories&post=5352"},{"taxonomy":"post_tag","embeddable":true,"href":"https:\/\/iuzb.de\/index.php?rest_route=%2Fwp%2Fv2%2Ftags&post=5352"}],"curies":[{"name":"wp","href":"https:\/\/api.w.org\/{rel}","templated":true}]}}