{"id":5219,"date":"2013-04-13T07:44:45","date_gmt":"2013-04-13T06:44:45","guid":{"rendered":"http:\/\/www.iuzb.org\/wordpress\/?p=5219"},"modified":"2025-10-31T14:38:46","modified_gmt":"2025-10-31T13:38:46","slug":"vzb-live-aus-der-konstituierenden-vertreterversammlung-wahlergebnisse","status":"publish","type":"post","link":"https:\/\/iuzb.de\/?p=5219","title":{"rendered":"VZB: Live-Ticker aus der konstituierenden Vertreterversammlung &#8211; Wahlergebnisse"},"content":{"rendered":"<h4>W\u00e4hlerschaft der Berliner Opposition UNION 2012 und Fraktion Gesundheit erneut<\/h4>\n<h4 style=\"padding-left: 30px;\">nicht im Aufsichtsausschuss und<\/h4>\n<h4 style=\"padding-left: 30px;\">nicht im Verwaltungsausschuss<\/h4>\n<h4>repr\u00e4sentiert!<\/h4>\n<p>&nbsp;<\/p>\n<p><span style=\"color: #ff0000;\"><em>Live-Ticker aus der konstituierenden Vertreterversammlung vom 13.04.2013, Beginn 10:00 Uhr &#8211; <a href=\"http:\/\/www.iuzb.de\/?p=5215\" target=\"_blank\" rel=\"noopener\">Tagesordnung<\/a> -:<br \/>\n<span style=\"font-size: x-small;\">(Vorbehaltlich versehentlicher \u00dcbermittlungsfehler )<\/span><br \/>\n<\/em><\/span><\/p>\n<table style=\"width: 722.967px; height: 608px;\" border=\"0\">\n<tbody>\n<tr>\n<td style=\"width: 45px;\"><span style=\"color: #ff0000;\">10:21<\/span><\/td>\n<td style=\"width: 624.967px;\">Herr Albert Essink (Listenf\u00fchrer FVDZ-LV Berlin), bisheriger Vorsitzender des Verwaltungsausschusses, nicht anwesend.<br \/>\nHerr Lars Eichmann (2. Listenplatz FVDZ-LV Berlin), anwesend, nimmt Wahl nicht an.<br \/>\nFrau Thekla Wandelt (3. Listenplatz FVDZ-LV Berlin), nimmt Wahl an.<br \/>\nMitglieder der anderen Wahllisten nehmen alle die Wahl an.<\/td>\n<\/tr>\n<tr>\n<td style=\"width: 45px;\"><span style=\"color: #ff0000;\">10:40<\/span><\/td>\n<td style=\"width: 624.967px;\"><strong>Wahl des Aufsichtsausschuss<br \/>\n<\/strong>Vorsitzenden: Kampmann schl\u00e4gt Sch\u00e4fer vor, &#8211; Mit 12 Stimmen gew\u00e4hlt.Stellvertreter: Sch\u00e4fer schl\u00e4gt Meyer vor,<br \/>\nDohmeier schl\u00e4gt Karola Hein vor<br \/>\n9:3 f\u00fcr Meyer<\/td>\n<\/tr>\n<tr>\n<td style=\"width: 45px;\"><span style=\"color: #ff0000;\">10:43<\/span><\/td>\n<td style=\"width: 624.967px;\">Beisitzer: Dr. Hoops 11 ja 1 Enthaltung<\/td>\n<\/tr>\n<tr>\n<td style=\"width: 45px;\"><span style=\"color: #ff0000;\">10:48<\/span><\/td>\n<td style=\"width: 624.967px;\">Beisitzer: Radtke gegen Schleithoff 9:3<\/td>\n<\/tr>\n<tr>\n<td style=\"width: 45px;\"><span style=\"color: #ff0000;\">10:53<\/span><\/td>\n<td style=\"width: 624.967px;\">Beisitzer: Sch\u00e4fer schl\u00e4gt Sch\u00fctte vor<br \/>\nKampmann schl\u00e4gt Schleithoff vor<br \/>\n11 abgegeben 7 Sch\u00fctte 3 Schleithoff 1 Enthaltung<\/td>\n<\/tr>\n<tr>\n<td style=\"width: 45px;\"><span style=\"color: #ff0000;\">10:57<\/span><\/td>\n<td style=\"width: 624.967px;\">Beisitzer: Cwiertnia gegen Wei\u00df 9:3<\/td>\n<\/tr>\n<tr>\n<td style=\"width: 45px;\"><span style=\"color: #ff0000;\">10:59<\/span><\/td>\n<td style=\"width: 624.967px;\">Sch\u00fctte ist nicht anwesend. Schriftlich hat er die Annahme aber wohl erkl\u00e4rt.<\/td>\n<\/tr>\n<tr>\n<td style=\"width: 45px;\"><span style=\"color: #ff0000;\">11:05<\/span><\/td>\n<td style=\"width: 624.967px;\">Wahl des Verwaltungsausschusses<br \/>\nVorsitzender: Schmiedel schl\u00e4gt Rellermeier vor<br \/>\nKampmann schl\u00e4gt Roggensack vor der nicht zur Verf\u00fcgung steht. 9 ja 3 nein<\/td>\n<\/tr>\n<tr>\n<td style=\"width: 45px;\"><span style=\"color: #ff0000;\">11:12<\/span><\/td>\n<td style=\"width: 624.967px;\">Stellvertreter: Wandelt schl\u00e4gt Dr. Rolf Kisro vor<br \/>\nWei\u00df schl\u00e4gt Kampmann vor<br \/>\n7:3 und 2 Enthaltungen<\/td>\n<\/tr>\n<tr>\n<td style=\"width: 45px;\"><span style=\"color: #ff0000;\">11:16<\/span><\/td>\n<td style=\"width: 624.967px;\">Beisitzer: Geuther, Michael, Dr. 10 ja 1 nein 1 Enthaltung<\/td>\n<\/tr>\n<tr>\n<td style=\"width: 45px;\"><span style=\"color: #ff0000;\">11:20<\/span><\/td>\n<td style=\"width: 624.967px;\">Beistzer: Weggen, Rolf ( Bremen) 9 ja 2 Enthaltungen 1 ung\u00fcltige<\/td>\n<\/tr>\n<tr>\n<td style=\"width: 45px;\"><span style=\"color: #ff0000;\">11:29<\/span><\/td>\n<td style=\"width: 624.967px;\">Beisitzer: Schmiedel schl\u00e4gt Roggensack vor<br \/>\nWei\u00df schl\u00e4gt Kampmann vor<br \/>\n9:3 f\u00fcr RoggensackBeisitzer: Dohmeier schl\u00e4gt Cornehlsen vor<br \/>\nWandelt schl\u00e4gt Lars Eichmann vor<br \/>\n9-2 f\u00fcr Eichmann 1 ung\u00fcltig, muss einer von uns sein<\/td>\n<\/tr>\n<tr>\n<td style=\"width: 45px;\"><span style=\"color: #ff0000;\">11:31<\/span><\/td>\n<td style=\"width: 624.967px;\">Nachr\u00fccker f\u00fcr Rellermeier VdZvB ist Dr. Gutsche<\/td>\n<\/tr>\n<tr>\n<td style=\"width: 45px;\"><span style=\"color: #ff0000;\">11:39<\/span><\/td>\n<td style=\"width: 624.967px;\">Essink ist sp\u00e4ter gekommen, VV nun:<br \/>\n&#8211; FVDZ Berlin: Wandelt<br \/>\n&#8211; VdZvB : Gutsche, Seifert, Kopp, Schmiedel<br \/>\n&#8211; FG: Kampmann<br \/>\n&#8211; UNION 2012: Dohmeier und Wei\u00df<br \/>\nSowie 3 Brandenburg 1 Bremen<\/td>\n<\/tr>\n<\/tbody>\n<\/table>\n<p>&nbsp;<\/p>\n<p><span style=\"text-decoration: underline;\"><strong>Die Zusammensetzung der neuen Vertreterversammlung:<\/strong><\/span><\/p>\n<table style=\"width: 1028.78px;\" border=\"0\">\n<tbody>\n<tr>\n<td style=\"width: 443px;\"><span style=\"text-decoration: underline;\">Name<\/span><\/td>\n<td style=\"width: 119px;\"><span style=\"text-decoration: underline;\">Bundesland<\/span><\/td>\n<td style=\"width: 119px;\"><span style=\"text-decoration: underline;\">Wahlliste\u00b2<\/span><\/td>\n<td style=\"width: 537.783px;\"><span style=\"text-decoration: underline;\">Anmerkung<\/span><\/td>\n<\/tr>\n<tr>\n<td style=\"width: 443px;\">Wei\u00df, Dr. Lutz-Stephan<\/td>\n<td style=\"width: 119px;\">Berlin<\/td>\n<td style=\"width: 119px;\">&nbsp;<strong><a href=\"http:\/\/www.union-2012.de\/\" target=\"_blank\" rel=\"noopener\">UNION 2012<\/a><\/strong><\/td>\n<td style=\"width: 537.783px;\">&nbsp;<\/td>\n<\/tr>\n<tr>\n<td style=\"width: 443px;\">Dohmeier-de Haan, Dr. Helmut<\/td>\n<td style=\"width: 119px;\">Berlin<\/td>\n<td style=\"width: 119px;\">&nbsp;<strong><a href=\"http:\/\/www.union-2012.de\/\" target=\"_blank\" rel=\"noopener\">UNION 2012<\/a><\/strong><\/td>\n<td style=\"width: 537.783px;\">&nbsp;<\/td>\n<\/tr>\n<tr>\n<td style=\"width: 443px;\">Kampmann, Winnetou<\/td>\n<td style=\"width: 119px;\">Berlin<\/td>\n<td style=\"width: 119px;\"><strong>&nbsp;Fraktion Gesundheit<\/strong><\/td>\n<td style=\"width: 537.783px;\">&nbsp;<\/td>\n<\/tr>\n<tr>\n<td style=\"width: 443px;\">Wandelt, Thekla<\/td>\n<td style=\"width: 119px;\">Berlin<\/td>\n<td style=\"width: 119px;\">&nbsp;FVDZ<\/td>\n<td style=\"width: 537.783px;\">&nbsp;<\/td>\n<\/tr>\n<tr>\n<td style=\"width: 443px;\">Schmiedel, Dr. Wolfgang<\/td>\n<td style=\"width: 119px;\">Berlin<\/td>\n<td style=\"width: 119px;\">&nbsp;VdZvB<\/td>\n<td style=\"width: 537.783px;\">Pr\u00e4sident Z\u00c4K Berlin<\/td>\n<\/tr>\n<tr>\n<td style=\"width: 443px;\">Kopp, Dr. Wolfgang<\/td>\n<td style=\"width: 119px;\">Berlin<\/td>\n<td style=\"width: 119px;\">&nbsp;VdZvB<\/td>\n<td style=\"width: 537.783px;\">&nbsp;<\/td>\n<\/tr>\n<tr>\n<td style=\"width: 443px;\">Seifert, Sigrid<\/td>\n<td style=\"width: 119px;\">Berlin<\/td>\n<td style=\"width: 119px;\">&nbsp;VdZvB<\/td>\n<td style=\"width: 537.783px;\">&nbsp;<\/td>\n<\/tr>\n<tr>\n<td style=\"width: 443px;\">Rellermeier, Dr. Ingo, sp\u00e4ter in VWA gew\u00e4hlt,<br \/>\nNachr\u00fccker: Gutsche, Dr. Peter<\/td>\n<td style=\"width: 119px;\">Berlin<\/td>\n<td style=\"width: 119px;\">&nbsp;VdZvB<\/td>\n<td style=\"width: 537.783px;\">&nbsp;<\/td>\n<\/tr>\n<tr>\n<td style=\"width: 443px;\">Herbert, J\u00fcrgen<\/td>\n<td style=\"width: 119px;\">Brandenburg<\/td>\n<td style=\"width: 119px;\">&nbsp;VNZLB<\/td>\n<td style=\"width: 537.783px;\">Pr\u00e4sident LZ\u00c4K Brandenburg<\/td>\n<\/tr>\n<tr>\n<td style=\"width: 443px;\">Steglich, Dr. Eberhard<\/td>\n<td style=\"width: 119px;\">Brandenburg<\/td>\n<td style=\"width: 119px;\">&nbsp;VNZLB<\/td>\n<td style=\"width: 537.783px;\">Vorstandsvorsitzender KZV Brandenburg<\/td>\n<\/tr>\n<tr>\n<td style=\"width: 443px;\">J\u00f6decke, Dr. Ute<\/td>\n<td style=\"width: 119px;\">Brandenburg<\/td>\n<td style=\"width: 119px;\">&nbsp;VNZLB<\/td>\n<td style=\"width: 537.783px;\">&nbsp;<\/td>\n<\/tr>\n<tr>\n<td style=\"width: 443px;\">Menke, Dr. Wolfgang<\/td>\n<td style=\"width: 119px;\">Bremen<\/td>\n<td style=\"width: 119px;\">&nbsp;AFF<\/td>\n<td style=\"width: 537.783px;\">Pr\u00e4sident Z\u00c4K Bremen<\/td>\n<\/tr>\n<\/tbody>\n<\/table>\n<p>&nbsp;<\/p>\n<p><span style=\"text-decoration: underline;\"><strong>Ausgang der Wahl zum Aufsichtsausschuss:<\/strong><\/span><\/p>\n<table style=\"width: 1071px;\" border=\"0\">\n<tbody>\n<tr>\n<td style=\"width: 93px;\"><span style=\"text-decoration: underline;\">Amt<\/span><\/td>\n<td style=\"width: 266px;\"><span style=\"text-decoration: underline;\">Kandidat\/in<\/span><\/td>\n<td style=\"width: 20px;\"><span style=\"text-decoration: underline;\">Bundesland<\/span><\/td>\n<td style=\"width: 64px;\"><span style=\"text-decoration: underline;\">Wahlliste\u00b2<\/span><\/td>\n<td style=\"width: 21px;\"><span style=\"text-decoration: underline; font-size: 8pt;\">gegen<\/span><\/td>\n<td style=\"width: 122px;\"><span style=\"text-decoration: underline;\">Kandidat\/in<\/span><\/td>\n<td style=\"width: 76px;\"><span style=\"text-decoration: underline;\">Bundesland<\/span><\/td>\n<td style=\"width: 91.8667px;\"><span style=\"text-decoration: underline;\">Wahlliste<\/span><\/td>\n<td style=\"width: 178.133px;\"><span style=\"text-decoration: underline;\">Ergebnis<\/span><\/td>\n<\/tr>\n<tr>\n<td style=\"width: 93px;\">Vorsitzender<\/td>\n<td style=\"width: 266px;\">Sch\u00e4fer, Dr. Eckehart<\/td>\n<td style=\"width: 20px;\">Brandenburg<\/td>\n<td style=\"width: 64px;\">FVDZ<\/td>\n<td style=\"width: 21px;\">&nbsp;<\/td>\n<td style=\"width: 122px;\">&nbsp;<\/td>\n<td style=\"width: 76px;\">&nbsp;<\/td>\n<td style=\"width: 91.8667px;\">&nbsp;<\/td>\n<td style=\"width: 178.133px;\">12 ja<\/td>\n<\/tr>\n<tr>\n<td style=\"width: 93px;\">Stellv. Vorsitzender<\/td>\n<td style=\"width: 266px;\">Meyer, Dr. J\u00f6rg<\/td>\n<td style=\"width: 20px;\">Berlin<\/td>\n<td style=\"width: 64px;\">VdZvB<\/td>\n<td style=\"width: 21px;\">&nbsp;<\/td>\n<td style=\"width: 122px;\">Hein, Karola<\/td>\n<td style=\"width: 76px;\">Berlin<\/td>\n<td style=\"width: 91.8667px;\"><strong><a href=\"http:\/\/www.union-2012.de\/\" target=\"_blank\" rel=\"noopener\">UNION 2012<\/a><\/strong><\/td>\n<td style=\"width: 178.133px;\">9 : 3<\/td>\n<\/tr>\n<tr>\n<td style=\"width: 93px;\">Beisitzer<\/td>\n<td style=\"width: 266px;\">Hoops, Dr. Gunnar<\/td>\n<td style=\"width: 20px;\">Bremen<\/td>\n<td style=\"width: 64px;\"><span style=\"color: #ff0000;\">*<\/span><\/td>\n<td style=\"width: 21px;\">&nbsp;<\/td>\n<td style=\"width: 122px;\">&nbsp;<\/td>\n<td style=\"width: 76px;\">&nbsp;<\/td>\n<td style=\"width: 91.8667px;\"><span style=\"color: #ff0000;\"><strong>&nbsp;<\/strong><\/span><\/td>\n<td style=\"width: 178.133px;\">11 ja, 1 Enthaltung<\/td>\n<\/tr>\n<tr>\n<td style=\"width: 93px;\">Beisitzer<\/td>\n<td style=\"width: 266px;\">Radtke, Dr. Marius<\/td>\n<td style=\"width: 20px;\">Berlin<\/td>\n<td style=\"width: 64px;\">FVDZ<\/td>\n<td style=\"width: 21px;\">&nbsp;<\/td>\n<td style=\"width: 122px;\">Schleithoff, Dr. Heinrich<\/td>\n<td style=\"width: 76px;\">Berlin<\/td>\n<td style=\"width: 91.8667px;\"><span style=\"color: #000000;\"><strong>FG<\/strong><\/span><\/td>\n<td style=\"width: 178.133px;\">9 : 3<\/td>\n<\/tr>\n<tr>\n<td style=\"width: 93px;\">Beisitzer<\/td>\n<td style=\"width: 266px;\">Sch\u00fctte, Dr. Eberhardt<\/td>\n<td style=\"width: 20px;\">Berlin<\/td>\n<td style=\"width: 64px;\"><span style=\"color: #ff0000;\">*<\/span><\/td>\n<td style=\"width: 21px;\">&nbsp;<\/td>\n<td style=\"width: 122px;\">Schleithoff, Dr. Heinrich<\/td>\n<td style=\"width: 76px;\">Berlin<\/td>\n<td style=\"width: 91.8667px;\"><span style=\"color: #ff0000;\"><strong><span style=\"color: #000000;\">FG<\/span> <\/strong><\/span><\/td>\n<td style=\"width: 178.133px;\">7 : 3, 1 Enthaltung<\/td>\n<\/tr>\n<tr>\n<td style=\"width: 93px;\">Beisitzer<\/td>\n<td style=\"width: 266px;\">Cwiertnia, Dr. Franz-Josef<\/td>\n<td style=\"width: 20px;\">Berlin<\/td>\n<td style=\"width: 64px;\">VdZvB<\/td>\n<td style=\"width: 21px;\">&nbsp;<\/td>\n<td style=\"width: 122px;\">Wei\u00df, Dr. Lutz-Stephan<\/td>\n<td style=\"width: 76px;\">Berlin<\/td>\n<td style=\"width: 91.8667px;\"><a href=\"http:\/\/www.union-2012.de\/\" target=\"_blank\" rel=\"noopener\"><strong>UNION 2012<\/strong><\/a><\/td>\n<td style=\"width: 178.133px;\">9 : 3<\/td>\n<\/tr>\n<\/tbody>\n<\/table>\n<p>&nbsp;<\/p>\n<p><span style=\"text-decoration: underline;\"><strong>Ausgang der Wahl zum Verwaltungsausschuss:<\/strong><\/span><\/p>\n<table style=\"width: 1065px;\" border=\"0\">\n<tbody>\n<tr>\n<td style=\"width: 93px;\"><span style=\"text-decoration: underline;\">Amt<\/span><\/td>\n<td style=\"width: 241px;\"><span style=\"text-decoration: underline;\">Kandidat\/in<\/span><\/td>\n<td style=\"width: 10px;\"><span style=\"text-decoration: underline;\">Bundesland<\/span><\/td>\n<td style=\"width: 72px;\"><span style=\"text-decoration: underline;\">Wahlliste\u00b2<\/span><\/td>\n<td style=\"width: 42px;\"><span style=\"text-decoration: underline; font-size: 8pt;\">gegen<\/span><\/td>\n<td style=\"width: 124px;\"><span style=\"text-decoration: underline;\">Kandidat\/in<\/span><\/td>\n<td style=\"width: 68.6167px;\"><span style=\"text-decoration: underline;\">Bundesland<\/span><\/td>\n<td style=\"width: 95.3833px;\"><span style=\"text-decoration: underline;\">Wahlliste<\/span><\/td>\n<td style=\"width: 142px;\"><span style=\"text-decoration: underline;\">Ergebnis<\/span><\/td>\n<\/tr>\n<tr>\n<td style=\"width: 93px;\">Vorsitzender<\/td>\n<td style=\"width: 241px;\">Rellermeier, Dr. Ingo<\/td>\n<td style=\"width: 10px;\">Berlin<\/td>\n<td style=\"width: 72px;\">VdZvB<\/td>\n<td style=\"width: 42px;\">&nbsp;<\/td>\n<td style=\"width: 124px;\">&nbsp;<\/td>\n<td style=\"width: 68.6167px;\">&nbsp;<\/td>\n<td style=\"width: 95.3833px;\">&nbsp;<\/td>\n<td style=\"width: 142px;\">9 ja, 3 nein<\/td>\n<\/tr>\n<tr>\n<td style=\"width: 93px;\">Stellv. Vorsitzender<\/td>\n<td style=\"width: 241px;\">Kisro, Dr. Rolf<\/td>\n<td style=\"width: 10px;\">Berlin<strong><br \/>\n<\/strong><\/td>\n<td style=\"width: 72px;\"><span style=\"color: #ff0000;\"><span style=\"color: #000000;\">(FVDZ)<\/span>*<br \/>\n<\/span><\/td>\n<td style=\"width: 42px;\">&nbsp;<\/td>\n<td style=\"width: 124px;\">Kampmann, Winnetou<\/td>\n<td style=\"width: 68.6167px;\">Berlin<\/td>\n<td style=\"width: 95.3833px;\"><strong>FG<\/strong><\/td>\n<td style=\"width: 142px;\">7 : 3, 2 Enthaltungen<\/td>\n<\/tr>\n<tr>\n<td style=\"width: 93px;\">Beisitzer<\/td>\n<td style=\"width: 241px;\">Geuther, Dr. Michael<\/td>\n<td style=\"width: 10px;\">Brandenburg<strong><br \/>\n<\/strong><\/td>\n<td style=\"width: 72px;\">VNZLB<\/td>\n<td style=\"width: 42px;\">&nbsp;<\/td>\n<td style=\"width: 124px;\">&nbsp;<\/td>\n<td style=\"width: 68.6167px;\">&nbsp;<\/td>\n<td style=\"width: 95.3833px;\"><span style=\"color: #ff0000;\"><strong>&nbsp;<\/strong><\/span><\/td>\n<td style=\"width: 142px;\">10 ja, 1 nein, 1 Enthaltung<\/td>\n<\/tr>\n<tr>\n<td style=\"width: 93px;\">Beisitzer<\/td>\n<td style=\"width: 241px;\">Weggen, Rolf<\/td>\n<td style=\"width: 10px;\">Bremen<\/td>\n<td style=\"width: 72px;\">FVDZ<\/td>\n<td style=\"width: 42px;\">&nbsp;<\/td>\n<td style=\"width: 124px;\">&nbsp;<\/td>\n<td style=\"width: 68.6167px;\">&nbsp;<\/td>\n<td style=\"width: 95.3833px;\"><span style=\"color: #ff0000;\">&nbsp;<\/span><\/td>\n<td style=\"width: 142px;\">9 ja, 2 Enthaltungen, 1 ung\u00fcltig<\/td>\n<\/tr>\n<tr>\n<td style=\"width: 93px;\">Beisitzer<\/td>\n<td style=\"width: 241px;\">Roggensack, Dr. Markus<\/td>\n<td style=\"width: 10px;\">Berlin<\/td>\n<td style=\"width: 72px;\">VdZvB<\/td>\n<td style=\"width: 42px;\">&nbsp;<\/td>\n<td style=\"width: 124px;\">Kampmann, Winnetou<\/td>\n<td style=\"width: 68.6167px;\">Berlin<\/td>\n<td style=\"width: 95.3833px;\"><strong>FG<\/strong><\/td>\n<td style=\"width: 142px;\">9 : 3<\/td>\n<\/tr>\n<tr>\n<td style=\"width: 93px;\">Beisitzer<\/td>\n<td style=\"width: 241px;\">Eichmann, Lars<\/td>\n<td style=\"width: 10px;\">Berlin<\/td>\n<td style=\"width: 72px;\">FVDZ<\/td>\n<td style=\"width: 42px;\">&nbsp;<\/td>\n<td style=\"width: 124px;\">Cornehlsen, Olaf<\/td>\n<td style=\"width: 68.6167px;\">Berlin<\/td>\n<td style=\"width: 95.3833px;\"><a href=\"http:\/\/www.union-2012.de\/\" target=\"_blank\" rel=\"noopener\"><strong>UNION 2012<\/strong><\/a><\/td>\n<td style=\"width: 142px;\">9 : 2, 1 ung\u00fcltig<\/td>\n<\/tr>\n<\/tbody>\n<\/table>\n<p><span style=\"color: #ffffff;\">.<\/span><\/p>\n<p><span style=\"color: #ffffff;\">.<\/span><\/p>\n<p><span style=\"color: #ff0000;\">*<\/span> Kandidierten bei den letzten Wahlen in den jeweiligen Kammerbereichen auf keiner Wahlliste.<\/p>\n<p>\u00b2 \u00dcbersicht der Wahllisten der jeweils letzten Kammerwahl in <a href=\"http:\/\/www.iuzb.org\/wordpress\/wp-content\/uploads\/2013\/04\/ZAEK-Berlin-Wahllisten.pdf\" target=\"_blank\" rel=\"noopener\">Berlin<\/a>, <a href=\"http:\/\/www.iuzb.org\/wordpress\/wp-content\/uploads\/2013\/04\/ZAEK-Brandenburg-Wahllisten.pdf\" target=\"_blank\" rel=\"noopener\">Brandenburg<\/a> und <a href=\"http:\/\/www.iuzb.org\/wordpress\/wp-content\/uploads\/2013\/04\/ZAEK-Bremen-Wahllisten.pdf\" target=\"_blank\" rel=\"noopener\">Bremen<\/a>:<br \/>\n<a href=\"https:\/\/iuzb.de\/wp-content\/uploads\/2013\/04\/ZAEK-Berlin-Wahllisten.pdf\"><img loading=\"lazy\" decoding=\"async\" class=\"alignnone size-full wp-image-16954\" src=\"https:\/\/iuzb.de\/wp-content\/uploads\/2013\/04\/Wahllisten-Berlin-106x150.jpg\" alt=\"wahllisten-berlin-106x150\" width=\"106\" height=\"150\"><\/a>&nbsp; <a href=\"https:\/\/iuzb.de\/wp-content\/uploads\/2013\/04\/ZAEK-Brandenburg-Wahllisten.pdf\"><img loading=\"lazy\" decoding=\"async\" class=\"alignnone size-full wp-image-16957\" src=\"https:\/\/iuzb.de\/wp-content\/uploads\/2013\/04\/Wahllisten-Brandenburg-105x150.jpg\" alt=\"wahllisten-brandenburg-105x150\" width=\"105\" height=\"150\"><\/a>&nbsp; <a href=\"https:\/\/iuzb.de\/wp-content\/uploads\/2013\/04\/ZAEK-Bremen-Wahllisten.pdf\"><img loading=\"lazy\" decoding=\"async\" class=\"alignnone size-full wp-image-16960\" src=\"https:\/\/iuzb.de\/wp-content\/uploads\/2013\/04\/Wahllisten-Bremen-106x150.jpg\" alt=\"wahllisten-bremen-106x150\" width=\"106\" height=\"150\"><\/a><\/p>\n","protected":false},"excerpt":{"rendered":"<p>W\u00e4hlerschaft der Berliner Opposition UNION 2012 und Fraktion Gesundheit erneut nicht im Aufsichtsausschuss und nicht im Verwaltungsausschuss repr\u00e4sentiert! &nbsp; Live-Ticker aus der konstituierenden Vertreterversammlung vom 13.04.2013, Beginn 10:00 Uhr &#8211; [&#8230;]<\/p>\n","protected":false},"author":13,"featured_media":0,"comment_status":"closed","ping_status":"closed","sticky":false,"template":"","format":"standard","meta":{"ngg_post_thumbnail":0,"iawp_total_views":13,"footnotes":""},"categories":[417,94,47,219],"tags":[],"class_list":["post-5219","post","type-post","status-publish","format-standard","hentry","category-aufsichtsausschuss","category-spiegelbildlichkeit-versorgungswerk-vzb","category-versorgungswerk-vzb","category-verwaltungsausschuss"],"_links":{"self":[{"href":"https:\/\/iuzb.de\/index.php?rest_route=\/wp\/v2\/posts\/5219","targetHints":{"allow":["GET"]}}],"collection":[{"href":"https:\/\/iuzb.de\/index.php?rest_route=\/wp\/v2\/posts"}],"about":[{"href":"https:\/\/iuzb.de\/index.php?rest_route=\/wp\/v2\/types\/post"}],"author":[{"embeddable":true,"href":"https:\/\/iuzb.de\/index.php?rest_route=\/wp\/v2\/users\/13"}],"replies":[{"embeddable":true,"href":"https:\/\/iuzb.de\/index.php?rest_route=%2Fwp%2Fv2%2Fcomments&post=5219"}],"version-history":[{"count":8,"href":"https:\/\/iuzb.de\/index.php?rest_route=\/wp\/v2\/posts\/5219\/revisions"}],"predecessor-version":[{"id":50096,"href":"https:\/\/iuzb.de\/index.php?rest_route=\/wp\/v2\/posts\/5219\/revisions\/50096"}],"wp:attachment":[{"href":"https:\/\/iuzb.de\/index.php?rest_route=%2Fwp%2Fv2%2Fmedia&parent=5219"}],"wp:term":[{"taxonomy":"category","embeddable":true,"href":"https:\/\/iuzb.de\/index.php?rest_route=%2Fwp%2Fv2%2Fcategories&post=5219"},{"taxonomy":"post_tag","embeddable":true,"href":"https:\/\/iuzb.de\/index.php?rest_route=%2Fwp%2Fv2%2Ftags&post=5219"}],"curies":[{"name":"wp","href":"https:\/\/api.w.org\/{rel}","templated":true}]}}