{"id":51526,"date":"2026-08-24T13:50:18","date_gmt":"2026-08-24T11:50:18","guid":{"rendered":"https:\/\/iuzb.de\/?p=51526"},"modified":"2026-08-24T14:06:33","modified_gmt":"2026-08-24T12:06:33","slug":"iuzb-gerichtsspiegel-zum-vzb","status":"publish","type":"post","link":"https:\/\/iuzb.de\/?p=51526","title":{"rendered":"IUZB Gerichtsspiegel zum VZB"},"content":{"rendered":"<p><span style=\"text-decoration: underline; font-size: 14pt;\"><strong><span style=\"font-family: arial, helvetica, sans-serif;\">Zivilverfahren<\/span><\/strong><\/span><\/p>\n<p>&nbsp;<\/p>\n<table style=\"border-collapse: collapse; width: 100%;\">\n<tbody>\n<tr>\n<td style=\"width: 100%; background-color: #d3d3d3;\"><span style=\"font-family: arial, helvetica, sans-serif; font-size: 12pt;\"><strong>Arbeitsgerichtsbarkeit<\/strong><\/span><\/td>\n<\/tr>\n<\/tbody>\n<\/table>\n<p><strong><span style=\"font-family: arial, helvetica, sans-serif; font-size: 12pt;\">Arbeitsgericht Berlin<\/span><\/strong><br \/>\n<span style=\"font-family: arial, helvetica, sans-serif; font-size: 12pt;\">VZB gegen ehem. Direktor W.<\/span><br \/>\n<span style=\"font-family: arial, helvetica, sans-serif; font-size: 12pt;\">Schadenersatzklage \u00fcber 50 Millionen Euro<\/span><\/p>\n<table style=\"border-collapse: collapse; width: 100%;\">\n<tbody>\n<tr>\n<td style=\"width: 16.1904%; text-align: left; vertical-align: top;\"><span style=\"font-family: arial, helvetica, sans-serif; font-size: 12pt;\"><span style=\"font-family: arial, helvetica, sans-serif; font-size: 12pt;\">09.07.2026<br \/>\n<\/span><\/span>&nbsp;<\/td>\n<td style=\"width: 18.9048%; text-align: left; vertical-align: top;\"><span style=\"font-family: arial, helvetica, sans-serif; font-size: 12pt;\">56 Ca 5895\/26<\/span><\/td>\n<td style=\"width: 64.9047%; text-align: left; vertical-align: top;\"><span style=\"font-family: arial, helvetica, sans-serif; font-size: 12pt;\">Zahlreichste Medien berichten, so z.B.<br \/>\n<a href=\"https:\/\/www.bloomberg.com\/news\/articles\/2026-04-08\/vzb-verklagt-ex-geschaftsfuhrer-wohltmann-auf-50-millionen-euro\" target=\"_blank\" rel=\"noopener\">\u2192 Bloomberg am 08.04.2026<\/a>.<\/span><br \/>\n<span style=\"font-family: arial, helvetica, sans-serif; font-size: 12pt;\">\u2192 <a href=\"https:\/\/iuzb.de\/?p=49233\" target=\"_blank\" rel=\"noopener\">IUZB Pressespiel zum VZB<\/a><br \/>\n\u2192 <a href=\"https:\/\/www.stern.de\/gesellschaft\/regional\/berlin-brandenburg\/finanzanlage--zahnaerzte-versorgungswerk-fordert-millionen-schadenersatz-37330392.html\" target=\"_blank\" rel=\"noopener\">stern<\/a>, 21.04.2026<br \/>\n<\/span><span style=\"font-family: arial, helvetica, sans-serif; font-size: 12pt;\">\u2192 <a href=\"https:\/\/iuzb.de\/?p=53111\" target=\"_blank\" rel=\"noopener\">Arbeitsgericht Berlin Pressemitteilung vom 09.07.2026<\/a>:<\/span><br \/>\n<span style=\"font-family: arial, helvetica, sans-serif; font-size: 12pt;\">Versorgungswerk der Zahn\u00e4rztekammer Berlin verlangt ca. 50 Mio. EUR Schadensersatz von ehemaligem Direktor \u2013 Vorab-Entscheidung \u00fcber den Rechtsweg<br \/>\n&#8212;&#8212;&#8212;-<br \/>\n<a href=\"https:\/\/iuzb.de\/?p=53111#comment-5039\" target=\"_blank\" rel=\"noopener\">IUZB Redaktion 21.08.2026<\/a>:<br \/>\nZwischenstand: &#8222;<em>Die Kammer hat \u00fcber die Frage der Zul\u00e4ssigkeit des Rechtsweges bisher noch nicht entschieden. <\/em>&#8222;<\/span><\/td>\n<\/tr>\n<\/tbody>\n<\/table>\n<p>&nbsp;<\/p>\n<p><span style=\"font-family: arial, helvetica, sans-serif; font-size: 12pt;\"><strong>Landesarbeitsgericht Berlin-Brandenburg<\/strong><\/span><br \/>\n<span style=\"font-family: arial, helvetica, sans-serif; font-size: 12pt;\">Ehem. Direktor W. gegen VZB<\/span><br \/>\n<span style=\"font-family: arial, helvetica, sans-serif; font-size: 12pt;\">K\u00fcndigungsschutzklage<\/span><\/p>\n<table style=\"border-collapse: collapse; width: 100%;\">\n<tbody>\n<tr>\n<td style=\"width: 16.4762%; text-align: left; vertical-align: top;\"><span style=\"font-family: arial, helvetica, sans-serif; font-size: 12pt;\">03.02.2026<\/span><\/td>\n<td style=\"width: 21.1904%; text-align: left; vertical-align: top;\"><span style=\"font-family: arial, helvetica, sans-serif; font-size: 12pt;\">ArbG<\/span><br \/>\n<span style=\"font-family: arial, helvetica, sans-serif; font-size: 12pt;\">21 Ca 13264\/25<\/span><\/td>\n<td style=\"width: 62.3333%; text-align: left; vertical-align: top;\"><span style=\"font-family: arial, helvetica, sans-serif; font-size: 12pt;\">\u2192 <a href=\"https:\/\/iuzb.de\/?p=51006\" target=\"_blank\" rel=\"noopener\">Pressemitteilung<\/a>: Ordentliche K\u00fcndigung des Direktors des Versorgungswerks der Zahn\u00e4rztekammer Berlin wirksam.<\/span><br \/>\n<span style=\"font-family: arial, helvetica, sans-serif; font-size: 12pt;\">\u2192 Juris &#8222;<a href=\"https:\/\/www.juris.de\/static\/infodienst\/autoren\/MedizinR-29.04.2026.htm#D_NJRE001639485.htm\" target=\"_blank\" rel=\"noopener\">Medizinrecht 07-\/25 bis 04\/26<\/a>&#8220; :&nbsp;<\/span><br \/>\n<span style=\"font-family: arial, helvetica, sans-serif; font-size: 12pt;\">\u2192\u2192 <a href=\"https:\/\/www.juris.de\/static\/infodienst\/autoren\/D_NJRE001639485.htm\" target=\"_blank\" rel=\"noopener\">Urteil<\/a> (anonymisiert)<\/span><br \/>\n<span style=\"font-family: arial, helvetica, sans-serif; font-size: 12pt;\">&#8212;&#8212;&#8212;-<\/span><br \/>\n<span style=\"font-family: arial, helvetica, sans-serif; font-size: 12pt;\">Es wurde Berufung eingelegt. Das Urteil ist somit nicht rechtskr\u00e4ftig.<\/span><\/td>\n<\/tr>\n<tr>\n<td style=\"width: 16.4762%; text-align: left; vertical-align: top;\"><span style=\"font-family: arial, helvetica, sans-serif; font-size: 12pt;\">Jan. 2027<\/span><\/td>\n<td style=\"width: 21.1904%; text-align: left; vertical-align: top;\"><span style=\"font-family: arial, helvetica, sans-serif; font-size: 12pt;\">LAG Berufung<\/span><br \/>\n<span style=\"font-family: arial, helvetica, sans-serif; font-size: 12pt;\">12 Sa 313\/26<\/span><\/td>\n<td style=\"width: 62.3333%; text-align: left; vertical-align: top;\">&nbsp;<\/td>\n<\/tr>\n<\/tbody>\n<\/table>\n<p>&nbsp;<\/p>\n<p><strong>Landesarbeitsgericht Berlin-Brandenburg<\/strong><br \/>\n(Ehem.) Personalstelle AL-PM gegen VZB<br \/>\nK\u00fcndigungsschutzklage<\/p>\n<table style=\"border-collapse: collapse; width: 100%;\">\n<tbody>\n<tr>\n<td style=\"width: 16.7619%; text-align: left; vertical-align: top;\">26.06.2026<\/td>\n<td style=\"width: 21.7619%; text-align: left; vertical-align: top;\">ArbG<\/p>\n<p>22 Ca 13829\/25<\/td>\n<td style=\"width: 61.4761%; text-align: left; vertical-align: top;\">\u2192 <a href=\"https:\/\/iuzb.de\/?p=51526\" target=\"_blank\" rel=\"noopener\">IUZB Terminbericht vom 26.06.2026<\/a><br \/>\n\u2192 <a href=\"https:\/\/iuzb.de\/?p=53011\" target=\"_blank\" rel=\"noopener\">Arbeitsgericht Berlin Pressemitteilung vom 29.06.2026<\/a>:<br \/>\n&#8222;K\u00fcndigung der Abteilungsleiterin Portfoliomanagement des Versorgungswerks der Zahn\u00e4rztekammer Berlin unwirksam&#8220;<br \/>\n&#8222;Gegen das Urteil kann von beiden Parteien <strong>Berufung<\/strong> zum Landesarbeitsgericht Berlin-Brandenburg eingelegt werden.&#8220;<br \/>\n\u2192 <a href=\"https:\/\/www.it-boltwise.de\/kuendigungsschutz-zwei-formfehler-entkraeften-entlassungen-was-arbeitgeber-jetzt-lernen.html\" target=\"_blank\" rel=\"noopener\">IT Boltwiese, 30.06.2026<\/a>:&nbsp;K\u00fcndigungsschutz: Zwei Formfehler entkr\u00e4ften Entlassungen \u2013 was Arbeitgeber jetzt lernen<br \/>\n\u2192 Weitere siehe <a href=\"https:\/\/iuzb.de\/?p=49233\" target=\"_blank\" rel=\"noopener\">IUZB Pressespiegel zum VZB<\/a>&#8212;&#8212;&#8212;-<\/p>\n<p><a href=\"https:\/\/iuzb.de\/?p=53011#comment-5040\" target=\"_blank\" rel=\"noopener\">IUZB-Redaktion 24.08.2026<\/a>:<br \/>\nDas VZB hat Berufung eingelegt. Das Urteil ist somit nicht rechtskr\u00e4ftig.<\/td>\n<\/tr>\n<tr>\n<td style=\"width: 16.7619%; text-align: left; vertical-align: top;\">?<\/td>\n<td style=\"width: 21.7619%; text-align: left; vertical-align: top;\">LAG-Berufung:<br \/>\n11 SLa 700\/26<\/td>\n<td style=\"width: 61.4761%; text-align: left; vertical-align: top;\">&nbsp;<\/td>\n<\/tr>\n<\/tbody>\n<\/table>\n<p>&nbsp;<\/p>\n<p>&nbsp;<\/p>\n<table style=\"border-collapse: collapse; width: 100%;\">\n<tbody>\n<tr>\n<td style=\"width: 100%; background-color: #d3d3d3;\"><span style=\"font-family: arial, helvetica, sans-serif; font-size: 12pt;\"><strong>Ordentliche Gerichtsbarkeit<\/strong><\/span><\/td>\n<\/tr>\n<\/tbody>\n<\/table>\n<p><strong><span style=\"font-family: arial, helvetica, sans-serif; font-size: 12pt;\">Landgericht Berlin II<\/span><\/strong><br \/>\n<span style=\"font-family: arial, helvetica, sans-serif; font-size: 12pt;\">VZB gegen zw\u00f6lf Parteien<br \/>\n(<span style=\"font-size: 10pt;\">Stand 04.08.2026: Bei den Beklagten handelt es sich um drei ehemalige Mitglieder des Verwaltungsausschusses des VZB, sechs ehemalige Mitglieder des Aufsichtsausschusses des VZB, eine ehemalige Abschlusspr\u00fcferin, das Land Berlin als zust\u00e4ndige Versicherungsaufsicht sowie eine Bank, die die Verpflichtung \u00fcbernommen hatte, f\u00fcr das Versorgungswerk Risikoanalysen zu erstellen.<\/span>)<br \/>\nSchadenersatz<\/span><\/p>\n<table style=\"border-collapse: collapse; width: 100%;\">\n<tbody>\n<tr>\n<td style=\"width: 15.9047%; text-align: left; vertical-align: top;\"><span style=\"font-family: arial, helvetica, sans-serif; font-size: 12pt;\">2027<\/span><\/td>\n<td style=\"width: 19.0476%; text-align: left; vertical-align: top;\"><span style=\"font-family: arial, helvetica, sans-serif; font-size: 12pt;\">35 O 222\/25<\/span><\/td>\n<td style=\"width: 65.0476%; text-align: left; vertical-align: top;\"><span style=\"font-family: arial, helvetica, sans-serif; font-size: 12pt;\">\u2190 19.02.2026 Kammergericht Berlin Az. 18 UH 20\/25 (<a href=\"https:\/\/www.berlin.de\/gerichte\/presse\/pressemitteilungen-der-ordentlichen-gerichtsbarkeit\/2026\/pressemitteilung.1644849.php\" target=\"_blank\" rel=\"noopener\">PM<\/a>)<\/span><\/p>\n<p><span style=\"font-family: arial, helvetica, sans-serif; font-size: 12pt;\">\u2192 VZB 20.05.2026:<\/span><br \/>\n<span style=\"font-family: arial, helvetica, sans-serif; font-size: 12pt;\"><a href=\"https:\/\/www.vzberlin.org\/\" target=\"_blank\" rel=\"noopener\">Pressemitteilung: Schadenersatzklage eingereicht<\/a><\/span><\/p>\n<p><span style=\"font-family: arial, helvetica, sans-serif; font-size: 12pt;\">\u2192 Diverse Presseartikel, siehe:<\/span><br \/>\n<span style=\"font-family: arial, helvetica, sans-serif; font-size: 12pt;\"><a href=\"https:\/\/iuzb.de\/?p=49233\" target=\"_blank\" rel=\"noopener\">IUZB Pressespiegel zum VZB<\/a><\/span><\/td>\n<\/tr>\n<\/tbody>\n<\/table>\n<p><strong>Landgericht Neubrandenburg<\/strong><br \/>\nNL Firma gegen VZB<\/p>\n<table style=\"border-collapse: collapse; width: 100%; height: 24px;\">\n<tbody>\n<tr style=\"height: 24px;\">\n<td style=\"width: 16.9047%; text-align: left; vertical-align: top; height: 24px;\"><span style=\"font-family: arial, helvetica, sans-serif; font-size: 12pt;\">11.06.2026<\/span><\/td>\n<td style=\"width: 18.3333%; text-align: left; vertical-align: top; height: 24px;\"><span style=\"font-family: arial, helvetica, sans-serif; font-size: 12pt;\"> 4 O 516\/25<\/span><\/td>\n<td style=\"width: 64.7619%; text-align: left; vertical-align: top; height: 24px;\"><span style=\"font-family: arial, helvetica, sans-serif; font-size: 12pt;\">\u2192 <a href=\"https:\/\/www.tagesspiegel.de\/berlin\/berliner-wirtschaft\/skandal-um-zahnarzte-versorgungswerk-in-berlin-firma-fordert-1205-millionen-euro-schadenersatz-von-pensionskasse-15480666.html\" target=\"_blank\" rel=\"noopener\">Tagesspiegel 24.04.2026<\/a>: (+) Skandal um Zahn\u00e4rzte-Versorgungswerk in Berlin: Firma fordert 120,5 Millionen Euro Schadenersatz von Pensionskasse<\/span><br \/>\n<span style=\"font-family: arial, helvetica, sans-serif; font-size: 12pt;\">\u2192 NDR 11.06.2026 <a href=\"https:\/\/www.ndr.de\/radiomv\/nach-milliardenloch-klage-belastet-fleesensee-investment,audio-3293428.html\" target=\"_blank\" rel=\"noopener\">Audio 12:30 Uhr<\/a>: Nach Milliardenloch: Klage belastet Fleesensee-Investment<\/span><br \/>\n<span style=\"font-family: arial, helvetica, sans-serif; font-size: 12pt;\">\u2192 NDR 11.06.2026 <a href=\"https:\/\/www.ndr.de\/nachrichten\/mecklenburg-vorpommern\/nach-milliardenloch-klage-belastet-fleesensee-investment,klage-114.html\" target=\"_blank\" rel=\"noopener\">Print 14:03 Uhr<\/a>: Nach Milliardenloch: Klage belastet Fleesensee-Investment<\/span><\/td>\n<\/tr>\n<\/tbody>\n<\/table>\n<p><span style=\"font-family: arial, helvetica, sans-serif; font-size: 12pt;\"><strong>Kammergericht Berlin<\/strong><\/span><br \/>\n<span style=\"font-family: arial, helvetica, sans-serif; font-size: 12pt;\">VZB gegen 12 Parteien<\/span><br \/>\n<span style=\"font-family: arial, helvetica, sans-serif; font-size: 12pt;\">Gerichtszust\u00e4ndigkeitsverfahren f\u00fcr Schadenersatz<\/span><\/p>\n<table style=\"border-collapse: collapse; width: 100%;\">\n<tbody>\n<tr>\n<td style=\"width: 15.9047%; text-align: left; vertical-align: top;\"><span style=\"font-family: arial, helvetica, sans-serif; font-size: 12pt;\">19.02.2026<\/span><\/td>\n<td style=\"width: 19.1905%; text-align: left; vertical-align: top;\"><span style=\"font-family: arial, helvetica, sans-serif; font-size: 12pt;\">18 UH 20\/25<\/span><\/td>\n<td style=\"width: 64.9047%; text-align: left; vertical-align: top;\"><span style=\"font-family: arial, helvetica, sans-serif; font-size: 12pt;\">\u2192 <a href=\"https:\/\/iuzb.de\/?p=51167\" target=\"_blank\" rel=\"noopener\">Pressemitteilung<\/a>: Kammergericht bestimmt Landgerichts Berlin II als zust\u00e4ndiges Gericht f\u00fcr eine beabsichtigte Klage des Versorgungswerks der Zahn\u00e4rztekammer Berlin<\/span><br \/>\n<span style=\"font-family: arial, helvetica, sans-serif; font-size: 12pt;\">\u2192 <a href=\"https:\/\/gesetze.berlin.de\/bsbe\/document\/NJRE001635142\" target=\" target=\">Rechtsprechungsdatenbank<\/a>: Beschluss<\/span><\/td>\n<\/tr>\n<\/tbody>\n<\/table>\n<p><span style=\"font-family: arial, helvetica, sans-serif; font-size: 12pt;\"><strong>Kammergericht Berlin<\/strong><\/span><br \/>\n<span style=\"font-family: arial, helvetica, sans-serif; font-size: 12pt;\">Antrag des VZB vom 10.02.2026 auf Bestellung eines Abschlusspr\u00fcfers f\u00fcr die Gesch\u00e4ftsjahre 2024 und 2025<\/span><\/p>\n<table style=\"border-collapse: collapse; width: 100%; height: 48px;\">\n<tbody>\n<tr style=\"height: 48px;\">\n<td style=\"width: 15.7619%; height: 48px; text-align: left; vertical-align: top;\"><span style=\"font-family: arial, helvetica, sans-serif; font-size: 12pt;\">27.04.2026<\/span><\/td>\n<td style=\"width: 19.3333%; height: 48px; text-align: left; vertical-align: top;\"><span style=\"font-family: arial, helvetica, sans-serif; font-size: 12pt;\">AG Charltbg.<\/span><br \/>\n<span style=\"font-family: arial, helvetica, sans-serif; font-size: 12pt;\">99 AR 1744\/26<\/span><\/td>\n<td style=\"width: 64.9047%; height: 48px; text-align: left; vertical-align: top;\"><span style=\"font-family: arial, helvetica, sans-serif; font-size: 12pt;\">\u2192 Beschluss: Der Antrag wurde am 27.04.2026 vom AG zur\u00fcckgewiesen.<\/span><br \/>\n<span style=\"font-family: arial, helvetica, sans-serif; font-size: 12pt;\">\u2192 <a href=\"https:\/\/iuzb.de\/?p=52711\" target=\"_blank\" rel=\"noopener\">IUZB Berichterstattung vom 09.06.2026<\/a><\/span><br \/>\n<span style=\"font-family: arial, helvetica, sans-serif; font-size: 12pt;\">\u2192 Beschwerdeverfahren des VZB vor dem Kammergericht l\u00e4uft (Stand 05.06.2026)<\/span><\/td>\n<\/tr>\n<tr>\n<td style=\"width: 15.7619%; text-align: left; vertical-align: top;\"><span style=\"font-family: arial, helvetica, sans-serif; font-size: 12pt;\">?<\/span><\/td>\n<td style=\"width: 19.3333%; text-align: left; vertical-align: top;\"><span style=\"font-family: arial, helvetica, sans-serif; font-size: 12pt;\">KG Berlin<br \/>\nBeschwerde<br \/>\n22 W 24\/26<br \/>\n<\/span><\/td>\n<td style=\"width: 64.9047%; text-align: left; vertical-align: top;\"><span style=\"font-family: arial, helvetica, sans-serif; font-size: 12pt;\">&nbsp;\u2192 <a href=\"https:\/\/iuzb.de\/?p=52711#comment-5035\" target=\"_blank\" rel=\"noopener\">Zwischensachstand vom 10.07.2026<\/a><br \/>\nDas Beschwerdeverfahren vor dem Kammergericht Berlin wird schriftlich gef\u00fchrt und es ist noch keine Entscheidung gefallen.<br \/>\n\u2192 Zwischenstand 10.08.2026:<br \/>\nDer Senat hat inzwischen einen &#8211; nicht \u00f6ffentlichen Termin zur Er\u00f6rterung der Sache mit den Beteiligten bestimmt.&nbsp;<\/span><\/td>\n<\/tr>\n<\/tbody>\n<\/table>\n<p>&nbsp;<\/p>\n<p>&nbsp;<\/p>\n<table style=\"border-collapse: collapse; width: 100%;\">\n<tbody>\n<tr>\n<td style=\"width: 100%; background-color: #d3d3d3;\"><span style=\"font-family: arial, helvetica, sans-serif; font-size: 12pt;\"><strong>Verwaltungsgerichtsbarkeit<\/strong><\/span><\/td>\n<\/tr>\n<\/tbody>\n<\/table>\n<p><span style=\"font-family: arial, helvetica, sans-serif; font-size: 12pt;\"><strong>Verwaltungsgericht Berlin<\/strong><\/span><br \/>\n<span style=\"font-family: arial, helvetica, sans-serif; font-size: 12pt;\">Ehem. Verwaltungsausssussvorsitzender gegen VZB<\/span><br \/>\n<span style=\"font-family: arial, helvetica, sans-serif; font-size: 12pt;\">Ehrenamtsabberufungsschutzverfahren<\/span><\/p>\n<table style=\"border-collapse: collapse; width: 100%; height: 23px;\">\n<tbody>\n<tr style=\"height: 23px;\">\n<td style=\"width: 16.3333%; height: 23px; text-align: left; vertical-align: top;\"><span style=\"font-family: arial, helvetica, sans-serif; font-size: 12pt;\">26.11.2025<\/span><\/td>\n<td style=\"width: 18.9047%; height: 23px; text-align: left; vertical-align: top;\"><span style=\"font-family: arial, helvetica, sans-serif; font-size: 12pt;\">9 L 529\/25<\/span><\/td>\n<td style=\"width: 64.7619%; height: 23px; text-align: left; vertical-align: top;\"><span style=\"font-family: arial, helvetica, sans-serif; font-size: 12pt;\">\u2192 <a href=\"https:\/\/gesetze.berlin.de\/bsbe\/document\/NJRE001628311\" target=\"_blank\" rel=\"noopener\">Rechtsprechungsdatenbank<\/a>: Beschluss: Abberufung aus dem Ehrenamt als Vorsitzender des Verwaltungsausschusses des Versorgungswerkes der Zahn\u00e4rztekammer Berlin<\/span><\/td>\n<\/tr>\n<\/tbody>\n<\/table>\n<p><span style=\"font-family: arial, helvetica, sans-serif; font-size: 12pt;\"><strong>Verwaltungsgericht Berlin<\/strong><\/span><br \/>\n<span style=\"font-family: arial, helvetica, sans-serif; font-size: 12pt;\">Mitglied gegen VZB<\/span><\/p>\n<table style=\"border-collapse: collapse; width: 100%;\">\n<tbody>\n<tr>\n<td style=\"width: 16.4762%; text-align: left; vertical-align: top;\"><span style=\"font-family: arial, helvetica, sans-serif; font-size: 12pt;\">27.04.2026<\/span><\/td>\n<td style=\"width: 19.0475%; text-align: left; vertical-align: top;\"><span style=\"font-family: arial, helvetica, sans-serif; font-size: 12pt;\">9 L 14\/26<\/span><\/td>\n<td style=\"width: 64.4762%; text-align: left; vertical-align: top;\"><span style=\"font-family: arial, helvetica, sans-serif; font-size: 12pt;\">\u2192 <a href=\"https:\/\/www.apotheke-adhoc.de\/nachrichten\/detail\/politik\/skandal-versorgungswerk-zahnarzt-muss-weiter-zahlen\/\" target=\"_blank\" rel=\"noopener\">apotheke adoc<\/a>: (+) Kein Beitragsverweigerungsrecht: Skandal-Versorgungswerk: Zahnarzt muss weiter zahlen<\/span><br \/>\n<span style=\"font-family: arial, helvetica, sans-serif; font-size: 12pt;\">\u2192 <a href=\"https:\/\/www.aerztezeitung.de\/Wirtschaft\/Kritik-am-Versorgungswerk-rechtfertigt-nicht-die-Beitragszahlung-einzustellen-463324.html\" target=\"_blank\" rel=\"noopener\">\u00c4rzteZeitung<\/a>: (+) Kritik am Versorgungswerk rechtfertigt nicht, die Beitragszahlung einzustellen<\/span><br \/>\n<span style=\"font-family: arial, helvetica, sans-serif; font-size: 12pt;\">\u2192 <a href=\"https:\/\/aporisk.de\/114039-apotheken-news-versorgungswerk-verliert-vertrauen,-apotheker-pruefen-vorsorge,-pflichtsysteme-brauchen-kontrolle.html\" target=\"_blank\" rel=\"noopener\">ApoRisk<\/a>: &#8222;<em>Gleichzeitig hat das Verwaltungsgericht Berlin deutlich gemacht, dass die Beitragspflicht dadurch nicht entf\u00e4llt.<\/em>&#8222;<\/span><br \/>\n<span style=\"font-family: arial, helvetica, sans-serif; font-size: 12pt;\">\u2192 <a href=\"https:\/\/www.zm-online.de\/news\/detail\/kritik-am-versorgungswerk-rechtfertigt-nicht-die-verweigerung-der-beitraege\" target=\"_blank\" rel=\"noopener\">zm<\/a>: Kritik am Versorgungswerk rechtfertigt nicht die Verweigerung der Beitr\u00e4ge<br \/>\n&#8222;<em>Ein Hauptverfahren ist nach Angaben des Verwaltungsgerichts (Stand 10.06.2026) bislang nicht anh\u00e4ngig<\/em>.&#8220;<br \/>\n\u2192 <a href=\"https:\/\/www.vzberlin.org\/\" target=\"_blank\" rel=\"noopener\">VZB<\/a> (ohne Datum\/ohne Direktlink): VZB-Mitgliedschaft: Verwaltungsgericht best\u00e4tigt Pflicht zu Beitragszahlung &#8230; <\/span><span style=\"font-family: arial, helvetica, sans-serif; font-size: 12pt;\">Der Volltext der Entscheidung ist in der Berliner Vorschriften- und Rechtsprechungsdatenbank abrufbar:<br \/>\n<\/span><span style=\"font-family: arial, helvetica, sans-serif; font-size: 12pt;\">\u2192 <a href=\"https:\/\/gesetze.berlin.de\/bsbe\/document\/NJRE001643199\" target=\"_blank\" rel=\"noopener\">Rechtsprechungsdatenbank<\/a> (Leitsatzentscheidung)&nbsp;<\/span><\/td>\n<\/tr>\n<\/tbody>\n<\/table>\n<p>&nbsp;<\/p>\n<p>&nbsp;<\/p>\n<table style=\"border-collapse: collapse; width: 100%;\">\n<tbody>\n<tr>\n<td style=\"width: 100%; background-color: #d3d3d3;\"><span style=\"font-family: arial, helvetica, sans-serif; font-size: 12pt;\"><strong>Gerichte au\u00dferhalb der Bundesrepublik Deutschland<\/strong><\/span><\/td>\n<\/tr>\n<\/tbody>\n<\/table>\n<p><strong>Ondernemingskamer <\/strong>(Unternehmenskammer)<strong> Amsterdam<br \/>\n<\/strong>VZB gegen Grand Metropolitan Hotels Holding B.V.<\/p>\n<table style=\"border-collapse: collapse; width: 100%;\">\n<tbody>\n<tr>\n<td style=\"width: 16.7618%; text-align: left; vertical-align: top;\"><span style=\"font-family: arial, helvetica, sans-serif; font-size: 12pt;\">16.07.2026<\/span><\/td>\n<td style=\"width: 18.9048%; text-align: left; vertical-align: top;\"><span style=\"font-family: arial, helvetica, sans-serif; font-size: 12pt;\">200.362.950\/01 OK<\/span><\/td>\n<td style=\"width: 64.3333%; text-align: left; vertical-align: top;\"><span style=\"font-family: arial, helvetica, sans-serif; font-size: 12pt;\">\u2192 <a href=\"https:\/\/iuzb.de\/?p=52171\" target=\"_blank\" rel=\"noopener\">Pressemitteilung<\/a> Terminvorschau vom 15.05.2026<\/span><br \/>\n<span style=\"font-family: arial, helvetica, sans-serif; font-size: 12pt;\">\u2192 <a href=\"https:\/\/uitspraken.rechtspraak.nl\/details?id=ECLI:NL:GHAMS:2026:1934\" target=\"_blank\" rel=\"noopener\">Beschikking (Beschluss)<\/a> vom 16.07.2026<\/span><br \/>\n<span style=\"font-family: arial, helvetica, sans-serif; font-size: 12pt;\">Fortgang u.a. (Automatische \u00dcbersetzung):<\/span><br \/>\n<span style=\"font-family: arial, helvetica, sans-serif; font-size: 12pt;\">&#8222;<em>4.13. Die Handelskammer wird die maximalen Kosten der Untersuchung nicht sofort festlegen. Sie wird den Ermittler auffordern, <strong>innerhalb von sechs Wochen einen Aktionsplan und einen Kostenplan f\u00fcr die Untersuchung zu erstellen<\/strong> und einzureichen. Die Handelskammer wird den Beteiligten Gelegenheit zur Stellungnahme zu diesem Kostenplan geben und anschlie\u00dfend die endg\u00fcltigen Untersuchungskosten festlegen.<\/em>&#8222;<\/span><\/td>\n<\/tr>\n<\/tbody>\n<\/table>\n<p>&nbsp;<\/p>\n<p>&nbsp;<\/p>\n<p>&nbsp;<\/p>\n<p>&nbsp;<\/p>\n<p>&nbsp;<\/p>\n<blockquote><p><span style=\"text-decoration: underline; font-family: arial, helvetica, sans-serif; font-size: 12pt;\">Hintergrund:<\/span><\/p>\n<p><span style=\"font-family: arial, helvetica, sans-serif; font-size: 12pt;\">Analog zum <a href=\"https:\/\/iuzb.de\/?p=49233\" target=\"_blank\" rel=\"noopener\">Pressespiegel<\/a> f\u00fchren wir hier einen Gerichtsspiegel. Im Ergebnis wird auch hier wohl festzustellen sein, dass Gerichtsurteile nur bedingt Aufarbeitung leisten (k\u00f6nnen), aber sie tragen in einem herausragenden Ma\u00dfe zur <strong>Objektivierung<\/strong> bei. Aus diesem Grund werden wir die Urteile hier in einer geordnete Sammlung anbieten. \u2013 Auch zum Zwecke einer m\u00f6glichen sp\u00e4teren <strong>wissenschaftlichen Auswertung der Geschehnisse<\/strong>.&nbsp;<\/span><\/p>\n<p><span style=\"font-family: arial, helvetica, sans-serif; font-size: 12pt;\">Redaktion IUZB e.V.<\/span><br \/>\n<span style=\"font-family: arial, helvetica, sans-serif; font-size: 12pt;\">20.04.2026 \/ redigiert 09.06.2026<\/span><\/p>\n<p>&nbsp;<\/p>\n<p><span style=\"text-decoration: underline;\"><span style=\"font-family: arial, helvetica, sans-serif; font-size: 12pt;\">Anmerkungen:<\/span><\/span><\/p>\n<ul>\n<li style=\"text-align: justify;\"><span style=\"font-family: arial, helvetica, sans-serif; font-size: 12pt;\">Einfache chronologische \u00dcbersicht.<\/span><\/li>\n<li style=\"text-align: justify;\"><span style=\"font-family: arial, helvetica, sans-serif; font-size: 12pt;\">Angaben soweit redaktionell bekannt.<\/span><\/li>\n<li style=\"text-align: justify;\"><span style=\"font-family: arial, helvetica, sans-serif; font-size: 12pt;\">Ob in Verfahren Berufung eingelegt wurde\/wird wissen wir nicht, wenn wir es wissen, so wird es vermerkt.&nbsp;<\/span><\/li>\n<li style=\"text-align: justify;\"><span style=\"font-family: arial, helvetica, sans-serif; font-size: 12pt;\">Es gilt die <a href=\"https:\/\/de.wikipedia.org\/wiki\/Unschuldsvermutung\" target=\"_blank\" rel=\"noopener\">Unschuldsvermutung<\/a>, so im Land Berlin auch festgelegt in der<br \/>\n<a href=\"https:\/\/gesetze.berlin.de\/bsbe\/document\/jlr-VerfBEpArt9\" target=\"_blank\" rel=\"noopener\">Verfassung von Berlin, Artikel 9 (2): <em>Ein Beschuldigter gilt nicht als schuldig, solange er nicht von einem Gericht verurteilt ist.<\/em><\/a><\/span><\/li>\n<\/ul>\n<\/blockquote>\n","protected":false},"excerpt":{"rendered":"<p>Zivilverfahren &nbsp; Arbeitsgerichtsbarkeit Arbeitsgericht Berlin VZB gegen ehem. Direktor W. Schadenersatzklage \u00fcber 50 Millionen Euro 09.07.2026 &nbsp; 56 Ca 5895\/26 Zahlreichste Medien berichten, so z.B. \u2192 Bloomberg am 08.04.2026. \u2192 [&#8230;]<\/p>\n","protected":false},"author":13,"featured_media":0,"comment_status":"closed","ping_status":"closed","sticky":false,"template":"","format":"standard","meta":{"ngg_post_thumbnail":0,"iawp_total_views":1318,"footnotes":""},"categories":[47,424],"tags":[],"class_list":["post-51526","post","type-post","status-publish","format-standard","hentry","category-versorgungswerk-vzb","category-vzb-gerichtsspiegel"],"_links":{"self":[{"href":"https:\/\/iuzb.de\/index.php?rest_route=\/wp\/v2\/posts\/51526","targetHints":{"allow":["GET"]}}],"collection":[{"href":"https:\/\/iuzb.de\/index.php?rest_route=\/wp\/v2\/posts"}],"about":[{"href":"https:\/\/iuzb.de\/index.php?rest_route=\/wp\/v2\/types\/post"}],"author":[{"embeddable":true,"href":"https:\/\/iuzb.de\/index.php?rest_route=\/wp\/v2\/users\/13"}],"replies":[{"embeddable":true,"href":"https:\/\/iuzb.de\/index.php?rest_route=%2Fwp%2Fv2%2Fcomments&post=51526"}],"version-history":[{"count":127,"href":"https:\/\/iuzb.de\/index.php?rest_route=\/wp\/v2\/posts\/51526\/revisions"}],"predecessor-version":[{"id":53685,"href":"https:\/\/iuzb.de\/index.php?rest_route=\/wp\/v2\/posts\/51526\/revisions\/53685"}],"wp:attachment":[{"href":"https:\/\/iuzb.de\/index.php?rest_route=%2Fwp%2Fv2%2Fmedia&parent=51526"}],"wp:term":[{"taxonomy":"category","embeddable":true,"href":"https:\/\/iuzb.de\/index.php?rest_route=%2Fwp%2Fv2%2Fcategories&post=51526"},{"taxonomy":"post_tag","embeddable":true,"href":"https:\/\/iuzb.de\/index.php?rest_route=%2Fwp%2Fv2%2Ftags&post=51526"}],"curies":[{"name":"wp","href":"https:\/\/api.w.org\/{rel}","templated":true}]}}