{"id":50986,"date":"2026-02-01T15:40:45","date_gmt":"2026-02-01T14:40:45","guid":{"rendered":"https:\/\/iuzb.de\/?p=50986"},"modified":"2026-02-01T15:47:58","modified_gmt":"2026-02-01T14:47:58","slug":"muessen-zahnarzt-besuche-bald-aus-eigener-tasche-bezahlt-werden","status":"publish","type":"post","link":"https:\/\/iuzb.de\/?p=50986","title":{"rendered":"BZ: M\u00fcssen Zahnarzt-Besuche bald aus eigener Tasche bezahlt werden?"},"content":{"rendered":"<p><span style=\"font-family: arial, helvetica, sans-serif; font-size: 12pt;\">BZ, 01.02.2026:<\/span><\/p>\n<ul>\n<li><a href=\"https:\/\/www.bz-berlin.de\/deutschland\/zahnarzt-kosten-cdu-wirtschaftsrat\" target=\"_blank\" rel=\"noopener\"><span style=\"font-family: arial, helvetica, sans-serif; font-size: 12pt;\">M\u00fcssen Zahnarzt-Besuche bald aus eigener Tasche bezahlt werden?<\/span><\/a><\/li>\n<\/ul>\n<blockquote><p><span style=\"font-family: arial, helvetica, sans-serif; font-size: 12pt;\">Der Wirtschaftsrat der CDU macht Druck auf die Bundesregierung. Der Unternehmerverband mit mehr als 13.000 Mitgliedern verlangt in einer \u201eAgenda f\u00fcr Arbeitnehmer\u201c echte Reformen von Kanzler Friedrich Merz (70, CDU) und dem Koalitionspartner SPD. &#8230;.<\/span><br \/>\n<span style=\"font-family: arial, helvetica, sans-serif; font-size: 12pt;\">W\u00f6rtlich hei\u00dft es in dem Papier: <\/span><\/p>\n<p><span style=\"font-family: arial, helvetica, sans-serif; font-size: 12pt;\">\u201eKrankenversicherung: \u00dcberpr\u00fcfung des Leistungskatalogs: Verschiedene Leistungen, etwa <strong>Zahnarztbehandlungen, lassen sich generell gut privat absichern und sollten nicht l\u00e4nger im Umlageverfahren den Beitragszahlern zur Last fallen.<\/strong>\u201c<\/span><\/p><\/blockquote>\n<p>&nbsp;<\/p>\n<p>&#8212;-<\/p>\n<p><span style=\"font-family: arial, helvetica, sans-serif; font-size: 12pt;\"><a href=\"https:\/\/de.wikipedia.org\/wiki\/Wirtschaftsrat_der_CDU\" target=\"_blank\" rel=\"noopener\">Hinweis zum Wirtschaftsrat der CDU<\/a>:<\/span><\/p>\n<p style=\"text-align: justify;\"><span style=\"font-family: arial, helvetica, sans-serif; font-size: 12pt;\">Der Wirtschaftsrat der CDU e. V. ist ein CDU-naher Lobby- und Berufsverband, der die Interessen seiner Mitglieder aus der Wirtschaft vertritt.<\/span><\/p>\n<p style=\"text-align: justify;\"><span style=\"font-family: arial, helvetica, sans-serif; font-size: 12pt;\">Der Wirtschaftsrat, 1963 zun\u00e4chst unter dem Namen Zusammenschluss deutscher Unternehmer auf berufsst\u00e4ndischer Basis gegr\u00fcndet, tr\u00e4gt mit Duldung der CDU den Zusatz CDU im Namen. Anders als beispielsweise die Mittelstands- und Wirtschaftsunion hat der Wirtschaftsrat nicht den Status einer Vereinigung oder Sonderorganisation innerhalb der Union.<\/span><\/p>\n<p>&nbsp;<\/p>\n<p>&nbsp;<\/p>\n<p>&nbsp;<\/p>\n<p>&nbsp;<\/p>\n","protected":false},"excerpt":{"rendered":"<p>BZ, 01.02.2026: M\u00fcssen Zahnarzt-Besuche bald aus eigener Tasche bezahlt werden? Der Wirtschaftsrat der CDU macht Druck auf die Bundesregierung. Der Unternehmerverband mit mehr als 13.000 Mitgliedern verlangt in einer \u201eAgenda [&#8230;]<\/p>\n","protected":false},"author":13,"featured_media":0,"comment_status":"closed","ping_status":"closed","sticky":false,"template":"","format":"standard","meta":{"ngg_post_thumbnail":0,"iawp_total_views":12,"footnotes":""},"categories":[188],"tags":[],"class_list":["post-50986","post","type-post","status-publish","format-standard","hentry","category-medizin"],"_links":{"self":[{"href":"https:\/\/iuzb.de\/index.php?rest_route=\/wp\/v2\/posts\/50986","targetHints":{"allow":["GET"]}}],"collection":[{"href":"https:\/\/iuzb.de\/index.php?rest_route=\/wp\/v2\/posts"}],"about":[{"href":"https:\/\/iuzb.de\/index.php?rest_route=\/wp\/v2\/types\/post"}],"author":[{"embeddable":true,"href":"https:\/\/iuzb.de\/index.php?rest_route=\/wp\/v2\/users\/13"}],"replies":[{"embeddable":true,"href":"https:\/\/iuzb.de\/index.php?rest_route=%2Fwp%2Fv2%2Fcomments&post=50986"}],"version-history":[{"count":4,"href":"https:\/\/iuzb.de\/index.php?rest_route=\/wp\/v2\/posts\/50986\/revisions"}],"predecessor-version":[{"id":50991,"href":"https:\/\/iuzb.de\/index.php?rest_route=\/wp\/v2\/posts\/50986\/revisions\/50991"}],"wp:attachment":[{"href":"https:\/\/iuzb.de\/index.php?rest_route=%2Fwp%2Fv2%2Fmedia&parent=50986"}],"wp:term":[{"taxonomy":"category","embeddable":true,"href":"https:\/\/iuzb.de\/index.php?rest_route=%2Fwp%2Fv2%2Fcategories&post=50986"},{"taxonomy":"post_tag","embeddable":true,"href":"https:\/\/iuzb.de\/index.php?rest_route=%2Fwp%2Fv2%2Ftags&post=50986"}],"curies":[{"name":"wp","href":"https:\/\/api.w.org\/{rel}","templated":true}]}}