{"id":50948,"date":"2026-01-23T09:44:36","date_gmt":"2026-01-23T08:44:36","guid":{"rendered":"https:\/\/iuzb.de\/?p=50948"},"modified":"2026-01-23T11:01:23","modified_gmt":"2026-01-23T10:01:23","slug":"zaek-berlin-bekanntmachung-allgemeine-entschaedigungsordnung","status":"publish","type":"post","link":"https:\/\/iuzb.de\/?p=50948","title":{"rendered":"Z\u00c4K Berlin: Bekanntmachung Allgemeine Entsch\u00e4digungsregelung"},"content":{"rendered":"<p><span style=\"font-family: arial, helvetica, sans-serif; font-size: 12pt;\"><a href=\"https:\/\/www.berlin.de\/landesverwaltungsamt\/_assets\/logistikservice\/amtsblatt-fuer-berlin\/abl_2026_04_0213_0280_online.pdf?ts=1769151201\" target=\"_blank\" rel=\"noopener\">Amtsblatt Nummer 4 vom 23.01.2026<\/a>:<\/span><\/p>\n<p><span style=\"font-family: arial, helvetica, sans-serif; font-size: 12pt;\">Zahn\u00e4rztekammer Berlin, Bekanntmachung vom 22.05.2025:<\/span><\/p>\n<ul>\n<li><a href=\"https:\/\/iuzb.de\/wp-content\/uploads\/2026\/01\/2026-04-Amtsblatt-Entschaedigungsregelung-ZAeK-Berlin-redigiert.pdf\" target=\"_blank\" rel=\"noopener\"><span style=\"font-family: arial, helvetica, sans-serif; font-size: 12pt;\">Allgemeine Entsch\u00e4digungsregelung<\/span><\/a><\/li>\n<\/ul>\n<p>&nbsp;<\/p>\n<p>&nbsp;<\/p>\n<p><span style=\"text-decoration: underline;\"><span style=\"font-family: arial, helvetica, sans-serif; font-size: 12pt;\">Auszug:<\/span><\/span><\/p>\n<p>&nbsp;<\/p>\n<p style=\"text-align: justify;\"><strong><span style=\"font-family: arial, helvetica, sans-serif; font-size: 12pt;\">\u00a7 7 Entsch\u00e4digung f\u00fcr die Wahrnehmung von Dienstgesch\u00e4ften<\/span><\/strong><br \/>\n<span style=\"font-family: arial, helvetica, sans-serif; font-size: 12pt;\">(1) An ehrenamtlich f\u00fcr die Zahn\u00e4rztekammer Berlin t\u00e4tige Personen wird eine Entsch\u00e4digung in H\u00f6he von Euro 65,00 f\u00fcr jede angefangene Stunde f\u00fcr die Wahrnehmung von Dienstgesch\u00e4ften oder Beauftragungen bis zu einer maximalen H\u00f6he von Euro 650,00 pro Tag gezahlt.<\/span><br \/>\n<span style=\"font-family: arial, helvetica, sans-serif; font-size: 12pt;\">(2) Die finanzielle Entsch\u00e4digung nach Absatz 1 entf\u00e4llt, wenn bereits eine Entsch\u00e4digung durch Dritte erfolgt.<\/span><br \/>\n<span style=\"font-family: arial, helvetica, sans-serif; font-size: 12pt;\">(3) Die Entsch\u00e4digung wird auch f\u00fcr An- und Abfahrtszeiten berechnet.<\/span><\/p>\n<p>&nbsp;<\/p>\n<p style=\"text-align: justify;\"><strong><span style=\"font-family: arial, helvetica, sans-serif; font-size: 12pt;\">\u00a7 8 Aufwandsentsch\u00e4digung des Vorstands der Zahn\u00e4rztekammer Berlin<\/span><\/strong><br \/>\n<span style=\"font-family: arial, helvetica, sans-serif; font-size: 12pt;\">(1) Die Mitglieder des Vorstands erhalten eine pauschale monatliche Grundentsch\u00e4digung <\/span><span style=\"font-family: arial, helvetica, sans-serif; font-size: 12pt;\">zur Abgeltung f\u00fcr die \u00fcbernommene Verantwortung sowie den h\u00e4uslichen Aufwand f\u00fcr Telefon, Fax und das h\u00e4usliche Lesen und Bearbeiten von Unterlagen, Mails etc.<\/span><br \/>\n<span style=\"font-family: arial, helvetica, sans-serif; font-size: 12pt;\">(2) Die Grundentsch\u00e4digung, die zus\u00e4tzlich zur Entsch\u00e4digung nach \u00a7 7 geleistet wird, betr\u00e4gt f\u00fcr die <strong>Pr\u00e4sidentin<\/strong> oder den Pr\u00e4sidenten <strong>monatlich Euro 3.000,00<\/strong>.<\/span><br \/>\n<span style=\"font-family: arial, helvetica, sans-serif; font-size: 12pt;\">(3) Die Grundentsch\u00e4digung, die zus\u00e4tzlich zur Entsch\u00e4digung nach \u00a7 7 geleistet wird, betr\u00e4gt f\u00fcr die Vizepr\u00e4sidentin oder den <strong>Vizepr\u00e4sidenten<\/strong> <strong>monatlich Euro 1.400,00<\/strong>.<\/span><br \/>\n<span style=\"font-family: arial, helvetica, sans-serif; font-size: 12pt;\">(4) Die Grundentsch\u00e4digung, die zus\u00e4tzlich zur Entsch\u00e4digung nach \u00a7 7 geleistet wird, betr\u00e4gt f\u00fcr die weiteren <strong>Mitglieder des Vorstands Euro 500,00<\/strong>.<\/span><br \/>\n<span style=\"font-family: arial, helvetica, sans-serif; font-size: 12pt;\">(5) F\u00fcr den Kalendermonat, innerhalb dessen die Amtszeit beginnt oder endet, erfolgt die Berechnung der monatlich bemessenen Entsch\u00e4digung auf den Tag des Beginns oder Endes der Amtszeit genau.<\/span><br \/>\n<span style=\"font-family: arial, helvetica, sans-serif; font-size: 12pt;\">(6) Die Festlegung der Entsch\u00e4digungen f\u00fcr die Mitglieder des Vorstands erfolgt f\u00fcr die jeweils kommende Wahlperiode in derjenigen Delegiertenversammlung, die der Delegiertenversammlung, die \u00fcber den Haushalt der Zahn\u00e4rztekammer Berlin zu entscheiden hat, vorausgeht.<\/span><\/p>\n<p>&nbsp;<\/p>\n<p style=\"text-align: justify;\"><strong><span style=\"font-family: arial, helvetica, sans-serif; font-size: 12pt;\">\u00a7 9 Transparenzpflicht der Mitglieder des Vorstands<\/span><\/strong><br \/>\n<span style=\"font-family: arial, helvetica, sans-serif; font-size: 12pt;\">Die Mitglieder des Vorstands machen gegen\u00fcber der Delegiertenversammlung durch <\/span><span style=\"font-family: arial, helvetica, sans-serif; font-size: 12pt;\">Anzeige Folgendes transparent:<\/span><\/p>\n<p style=\"text-align: justify;\"><span style=\"font-family: arial, helvetica, sans-serif; font-size: 12pt;\">a) T\u00e4tigkeiten innerhalb von drei Jahren vor \u00dcbernahme des Amtes, die auf Interessenkonflikte im Zusammenhang mit der Amtsaus\u00fcbung hinweisen k\u00f6nnen,<\/span><br \/>\n<span style=\"font-family: arial, helvetica, sans-serif; font-size: 12pt;\">b) T\u00e4tigkeiten und Eink\u00fcnfte neben dem Amt, die auf Interessenkonflikte im Zusammenhang mit der Amtsaus\u00fcbung hinweisen k\u00f6nnen; ausgenommen sind diejenigen T\u00e4tigkeiten, f\u00fcr die nach \u00a7 8 Abs\u00e4tze 2 bis 4 Entsch\u00e4digung gew\u00e4hrt wird,<\/span><br \/>\n<span style=\"font-family: arial, helvetica, sans-serif; font-size: 12pt;\">c) geldwerte Zuwendungen in Bezug auf das Amt, soweit ihr materieller Wert 50 Euro \u00fcbersteigt.<\/span><\/p>\n<p style=\"text-align: justify;\"><span style=\"font-family: arial, helvetica, sans-serif; font-size: 12pt;\">Anzeigen gegen\u00fcber der Delegiertenversammlung nach Satz 1 erfolgen j\u00e4hrlich.<\/span><\/p>\n<p style=\"text-align: justify;\">&nbsp;<\/p>\n","protected":false},"excerpt":{"rendered":"<p>Amtsblatt Nummer 4 vom 23.01.2026: Zahn\u00e4rztekammer Berlin, Bekanntmachung vom 22.05.2025: Allgemeine Entsch\u00e4digungsregelung &nbsp; &nbsp; Auszug: &nbsp; \u00a7 7 Entsch\u00e4digung f\u00fcr die Wahrnehmung von Dienstgesch\u00e4ften (1) An ehrenamtlich f\u00fcr die Zahn\u00e4rztekammer [&#8230;]<\/p>\n","protected":false},"author":13,"featured_media":0,"comment_status":"closed","ping_status":"closed","sticky":false,"template":"","format":"standard","meta":{"ngg_post_thumbnail":0,"iawp_total_views":78,"footnotes":""},"categories":[233,46],"tags":[],"class_list":["post-50948","post","type-post","status-publish","format-standard","hentry","category-vorstand-zaek","category-zahnaerztekammer-berlin"],"_links":{"self":[{"href":"https:\/\/iuzb.de\/index.php?rest_route=\/wp\/v2\/posts\/50948","targetHints":{"allow":["GET"]}}],"collection":[{"href":"https:\/\/iuzb.de\/index.php?rest_route=\/wp\/v2\/posts"}],"about":[{"href":"https:\/\/iuzb.de\/index.php?rest_route=\/wp\/v2\/types\/post"}],"author":[{"embeddable":true,"href":"https:\/\/iuzb.de\/index.php?rest_route=\/wp\/v2\/users\/13"}],"replies":[{"embeddable":true,"href":"https:\/\/iuzb.de\/index.php?rest_route=%2Fwp%2Fv2%2Fcomments&post=50948"}],"version-history":[{"count":8,"href":"https:\/\/iuzb.de\/index.php?rest_route=\/wp\/v2\/posts\/50948\/revisions"}],"predecessor-version":[{"id":50959,"href":"https:\/\/iuzb.de\/index.php?rest_route=\/wp\/v2\/posts\/50948\/revisions\/50959"}],"wp:attachment":[{"href":"https:\/\/iuzb.de\/index.php?rest_route=%2Fwp%2Fv2%2Fmedia&parent=50948"}],"wp:term":[{"taxonomy":"category","embeddable":true,"href":"https:\/\/iuzb.de\/index.php?rest_route=%2Fwp%2Fv2%2Fcategories&post=50948"},{"taxonomy":"post_tag","embeddable":true,"href":"https:\/\/iuzb.de\/index.php?rest_route=%2Fwp%2Fv2%2Ftags&post=50948"}],"curies":[{"name":"wp","href":"https:\/\/api.w.org\/{rel}","templated":true}]}}