{"id":50864,"date":"2026-01-14T12:56:26","date_gmt":"2026-01-14T11:56:26","guid":{"rendered":"https:\/\/iuzb.de\/?p=50864"},"modified":"2026-01-14T14:41:26","modified_gmt":"2026-01-14T13:41:26","slug":"mehr-chancengleichheit-bei-praevention-berlin-macht-taegliches-zaehneputzen-in-kitas-verbindlich-gemeinsame-presseinformation-kassenzahnaerztliche-vereinigung-berlin-landesarbeitsgemeinschaft-zur-v","status":"publish","type":"post","link":"https:\/\/iuzb.de\/?p=50864","title":{"rendered":"Mehr Chancengleichheit bei Pr\u00e4vention: Berlin macht t\u00e4gliches Z\u00e4hneputzen in Kitas verbindlich GEMEINSAME PRESSEINFORMATION: Kassenzahn\u00e4rztliche Vereinigung Berlin, Landesarbeitsgemeinschaft zur Verh\u00fctung von Zahnerkrankungen, Zahn\u00e4rztekammer Berlin"},"content":{"rendered":"<p style=\"text-align: justify;\"><span style=\"font-family: arial, helvetica, sans-serif; font-size: 12pt;\">Das Land Berlin hat das Z\u00e4hneputzen in Kindertagesst\u00e4tten in sein Kindertagesf\u00f6rderungsgesetz (KitaF\u00f6G) aufgenommen und so erstmals den Einrichtungen dazu klare Vorgaben gemacht. Damit folgt Berlin endlich den langj\u00e4hrigen Forderungen relevanter K\u00f6rperschaften und Verb\u00e4nde \u2013 Zahn\u00e4rztekammer (Z\u00c4K) Berlin, Kassenzahn\u00e4rztlicher Vereinigung (KZV) Berlin, Landesarbeitsgemeinschaft Berlin zur Verh\u00fctung von Zahnerkrankungen (LAG Berlin). \u2013 sowie Krankenkassen und st\u00e4rkt den Stellenwert zahnmedizinischer Pr\u00e4vention, insbesondere f\u00fcr sozial benachteiligte Kinder.<\/span><\/p>\n<p style=\"text-align: justify;\"><span style=\"font-family: arial, helvetica, sans-serif; font-size: 12pt;\">Zus\u00e4tzlich ersetzt nun eine Widerspruchsl\u00f6sung f\u00fcr die Teilnahme von Kita-Kindern an zahn\u00e4rztlichen Vorsorgeuntersuchungen die bisherige Einwilligungspflicht der Eltern. Diese \u00c4nderungen des KitaF\u00f6G sind nach Beschuss des Abgeordnetenhauses vom 4. Dezember 2025 mit Wirkung zum 24. Dezember 2025 in Kraft getreten.<\/span><\/p>\n<p style=\"text-align: justify;\"><span style=\"font-family: arial, helvetica, sans-serif; font-size: 12pt;\">Berliner Bildungsprogramm muss neue Vorgaben nun konkretisieren<\/span><\/p>\n<p style=\"text-align: justify;\"><span style=\"font-family: arial, helvetica, sans-serif; font-size: 12pt;\">Zentral ist nun die Umsetzung in den Einrichtungen. Dazu muss das Berliner Bildungsprogramm die neuen Vorgaben praktikabel und alltagstauglich f\u00fcr Kita-Tr\u00e4ger und Fachkr\u00e4fte konkretisieren.<\/span><\/p>\n<p style=\"text-align: justify;\"><span style=\"font-family: arial, helvetica, sans-serif; font-size: 12pt;\">Wichtig f\u00fcr die Umsetzung pr\u00e4ventiver Ma\u00dfnahmen in den Einrichtungen ist die Zusammenarbeit zwischen p\u00e4dagogischen Fachkr\u00e4ften, dem \u00f6ffentlichen Gesundheitsdienst (insbesondere den Zahn\u00e4rztlichen Diensten) und den in der Gruppenprophylaxe t\u00e4tigen Kr\u00e4ften der LAG Berlin.<\/span><\/p>\n<p style=\"text-align: justify;\"><span style=\"font-family: arial, helvetica, sans-serif; font-size: 12pt;\">Die \u201eZielematrix Mund- und Zahngesundheit\u201c der Landesgesundheitskonferenz hat ma\u00dfgeblich zu diesem Erfolg beigetragen. Entwickelt wurde sie von der zahn\u00e4rztlichen Selbstverwaltung, den Zahn\u00e4rztlichen Diensten des \u00f6ffentlichen Gesundheitsdienstes, der LAG Berlin und Krankenkassen.<\/span><\/p>\n<p style=\"text-align: justify;\"><span style=\"font-family: arial, helvetica, sans-serif; font-size: 12pt;\">Der Anfang ist gemacht, weitere Schritte m\u00fcssen folgen<\/span><\/p>\n<p style=\"text-align: justify;\"><span style=\"font-family: arial, helvetica, sans-serif; font-size: 12pt;\">\u201eDie gesetzliche Verankerung der t\u00e4glichen Zahnpflege ist ein wichtiger Schritt f\u00fcr die Pr\u00e4vention im Kita-Alltag. Sie er\u00f6ffnet Kindern unabh\u00e4ngig von ihrem famili\u00e4ren Hintergrund bessere Chancen auf eine gesunde Entwicklung. Entscheidend ist nun, dass die neuen Vorgaben in der p\u00e4dagogischen Praxis gut umgesetzt werden\u201c, erl\u00e4utert <strong>Andreas Dietze, Gesch\u00e4ftsf\u00fchrer der LAG Berlin<\/strong>.<\/span><\/p>\n<p style=\"text-align: justify;\"><span style=\"font-family: arial, helvetica, sans-serif; font-size: 12pt;\"><strong>Dr. Karsten Heegewaldt, Pr\u00e4sident der Z\u00c4K&nbsp;Berlin<\/strong>, sagt: \u201eDas Thema Z\u00e4hneputzen in der Kita war in unseren Augen lange ein Sorgenkind und wurde insbesondere w\u00e4hrend und nach Corona vernachl\u00e4ssigt. Wir haben uns f\u00fcr das verpflichtende Z\u00e4hneputzen in der Kita in unz\u00e4hligen Ge-spr\u00e4chen mit der Politik und in den entsprechenden Gremien eingesetzt. Daher begr\u00fc\u00dfen wir es sehr, dass die Politik dieses wichtige Anliegen gesetzlich und damit f\u00fcr die Kitas verbindlich verankert hat.\u201c<\/span><\/p>\n<p style=\"text-align: justify;\"><span style=\"font-family: arial, helvetica, sans-serif; font-size: 12pt;\"><strong>Dr. Jana Lo Scalzo, stellvertretende Vorsitzende des Vorstandes der KZV Berlin<\/strong>, erg\u00e4nzt: \u201eDie zahnmedizinischen Pr\u00e4vention ist ein absolutes Erfolgsmodell in der Medizin und wir freuen uns sehr, dass unserem Wunsch, das Z\u00e4hneputzen in Kindertagesst\u00e4tten verpflichtend zu machen, nun nachgekommen wurde. Gerne unterst\u00fctzen die zahn\u00e4rztlichen Einrichtungen bei der Umsetzung. Dar\u00fcber hinaus m\u00fcssen wir gemeinsam mit der Politik und freien Tr\u00e4gern noch Konzepte erarbeiten, wie die Zahngesundheit von Kindern, die nicht in einer Kita betreut werden, unterst\u00fctzt werden kann.\u201c<\/span><\/p>\n<p style=\"text-align: justify;\"><span style=\"font-family: arial, helvetica, sans-serif; font-size: 12pt;\"><span style=\"text-decoration: underline;\">Die Kassenzahn\u00e4rztliche Vereinigung (KZV) Berlin<\/span> <\/span><br \/>\n<span style=\"font-family: arial, helvetica, sans-serif; font-size: 12pt;\">ist eine der 17 Kassenzahn\u00e4rztlichen Vereinigungen in Deutschland. Mitglieder sind die etwa 3.400 Berliner Vertragszahn\u00e4rzte und angestellten Zahn\u00e4rzte, die in rund 2.100 Praxen t\u00e4tig sind. Die KZV Berlin vertritt als K\u00f6rperschaft des \u00f6ffentlichen Rechts diese Zahn\u00e4rzte gegen\u00fcber den gesetzlichen Krankenkassen und der Politik. Au\u00dferdem stellt sie die zahnmedizinische Versorgung der rund drei Millionen gesetzlich krankenversicherten Patienten und die der hinzukommenden mitversicherten Familienangeh\u00f6rigen in Berlin sicher. www.kzv-berlin.de<\/span><\/p>\n<p style=\"text-align: justify;\"><span style=\"text-decoration: underline;\"><span style=\"font-family: arial, helvetica, sans-serif; font-size: 12pt;\">Die Zahn\u00e4rztekammer (Z\u00c4K) Berlin<\/span><\/span><br \/>\n<span style=\"font-family: arial, helvetica, sans-serif; font-size: 12pt;\">ist die Vertretung aller rund 6.200 Zahn\u00e4rztinnen und Zahn\u00e4rzte im Land Berlin in berufsrechtlichen und berufsethischen Anliegen sowie allen Fragen der Berufsaus\u00fcbung. Sie sorgt f\u00fcr die Fortbildung der Zahn\u00e4rztinnen und Zahn\u00e4rzte sowie f\u00fcr die Ausbildung des Fachpersonals und sichert damit eine hochwertige zahn\u00e4rztliche Versorgung ihrer Patientinnen und Patienten. Die Zahn\u00e4rztekammer Berlin setzt sich aktiv f\u00fcr die Mundgesundheit der Bev\u00f6lkerung ein und ist Ansprechpartnerin sowohl f\u00fcr die zahn\u00e4rztliche Kollegenschaft als auch f\u00fcr die Belange der Patientinnen und Patienten. Die Zahn\u00e4rztekammer Berlin ist eine K\u00f6rperschaft des \u00f6ffentlichen Rechts. www.zaek-berlin.de<\/span><\/p>\n<p style=\"text-align: justify;\"><span style=\"text-decoration: underline;\"><span style=\"font-family: arial, helvetica, sans-serif; font-size: 12pt;\">Die Landesarbeitsgemeinschaft Berlin zur Verh\u00fctung von Zahnerkrankungen (Gruppenprophylaxe) (LAG Berlin)<\/span><\/span><br \/>\n<span style=\"font-family: arial, helvetica, sans-serif; font-size: 12pt;\">ist ein gemeinn\u00fctziger Verein, dessen Mitglieder die Krankenkassenverb\u00e4nde, die Zahn\u00e4rztekammer Berlin und das Land Berlin sind. Aufgabe der LAG ist es, gem\u00e4\u00df \u00a7 21 SGB V die Zahn- und Mundgesundheit von Kindern und Jugendlichen in Berlin zu erhalten und zu f\u00f6rdern; die praktische Umsetzung erfolgt durch die Zahn\u00e4rztlichen Dienste der Bezirke sowie durch die Prophylaxefachkr\u00e4fte der LAG in Kindertageseinrichtungen und Schulen. www.lag-berlin.de<\/span><\/p>\n<p><span style=\"font-family: arial, helvetica, sans-serif; font-size: 12pt;\">Quelle: <a href=\"https:\/\/www.zaek-berlin.de\/presse\/meldungen\/aktuelles\/aktuelles-detail\/article\/mehr-chancengleichheit-bei-praevention-berlin-macht-taegliches-zaehneputzen-in-kitas-verbindlich-1.html\" target=\"_blank\" rel=\"noopener\">Gemeinsame Pressemitteilung vom 13.01.2026<\/a> der<\/span><br \/>\n<span style=\"font-family: arial, helvetica, sans-serif; font-size: 12pt;\">LAG Berlin, KZV Berlin und Z\u00c4K Berlin<\/span><\/p>\n<p>&nbsp;<\/p>\n<p>&nbsp;<\/p>\n","protected":false},"excerpt":{"rendered":"<p>Das Land Berlin hat das Z\u00e4hneputzen in Kindertagesst\u00e4tten in sein Kindertagesf\u00f6rderungsgesetz (KitaF\u00f6G) aufgenommen und so erstmals den Einrichtungen dazu klare Vorgaben gemacht. Damit folgt Berlin endlich den langj\u00e4hrigen Forderungen relevanter [&#8230;]<\/p>\n","protected":false},"author":13,"featured_media":0,"comment_status":"closed","ping_status":"closed","sticky":false,"template":"","format":"standard","meta":{"ngg_post_thumbnail":0,"iawp_total_views":20,"footnotes":""},"categories":[45,302,46],"tags":[],"class_list":["post-50864","post","type-post","status-publish","format-standard","hentry","category-kzv-berlin","category-lag","category-zahnaerztekammer-berlin"],"_links":{"self":[{"href":"https:\/\/iuzb.de\/index.php?rest_route=\/wp\/v2\/posts\/50864","targetHints":{"allow":["GET"]}}],"collection":[{"href":"https:\/\/iuzb.de\/index.php?rest_route=\/wp\/v2\/posts"}],"about":[{"href":"https:\/\/iuzb.de\/index.php?rest_route=\/wp\/v2\/types\/post"}],"author":[{"embeddable":true,"href":"https:\/\/iuzb.de\/index.php?rest_route=\/wp\/v2\/users\/13"}],"replies":[{"embeddable":true,"href":"https:\/\/iuzb.de\/index.php?rest_route=%2Fwp%2Fv2%2Fcomments&post=50864"}],"version-history":[{"count":4,"href":"https:\/\/iuzb.de\/index.php?rest_route=\/wp\/v2\/posts\/50864\/revisions"}],"predecessor-version":[{"id":50868,"href":"https:\/\/iuzb.de\/index.php?rest_route=\/wp\/v2\/posts\/50864\/revisions\/50868"}],"wp:attachment":[{"href":"https:\/\/iuzb.de\/index.php?rest_route=%2Fwp%2Fv2%2Fmedia&parent=50864"}],"wp:term":[{"taxonomy":"category","embeddable":true,"href":"https:\/\/iuzb.de\/index.php?rest_route=%2Fwp%2Fv2%2Fcategories&post=50864"},{"taxonomy":"post_tag","embeddable":true,"href":"https:\/\/iuzb.de\/index.php?rest_route=%2Fwp%2Fv2%2Ftags&post=50864"}],"curies":[{"name":"wp","href":"https:\/\/api.w.org\/{rel}","templated":true}]}}