{"id":50730,"date":"2026-01-07T23:58:05","date_gmt":"2026-01-07T22:58:05","guid":{"rendered":"https:\/\/iuzb.de\/?p=50730"},"modified":"2026-01-08T16:40:52","modified_gmt":"2026-01-08T15:40:52","slug":"vzb-berliner-zahnaerzte-ziehen-wegen-milliardenverlusten-vor-gericht","status":"publish","type":"post","link":"https:\/\/iuzb.de\/?p=50730","title":{"rendered":"VZB zieht wegen Verlusten auch gegen das Land Berlin vor Gericht"},"content":{"rendered":"<p>&nbsp;<\/p>\n<p><span style=\"font-family: arial, helvetica, sans-serif; font-size: 12pt;\">Bloomberg News: (+) <\/span><a href=\"https:\/\/www.bloomberg.com\/news\/articles\/2026-01-07\/vzb-zieht-wegen-milliardenverlusten-gegen-berater-vor-gericht\" target=\"_blank\" rel=\"noopener\"><span style=\"font-family: arial, helvetica, sans-serif; font-size: 12pt;\">VZB zieht wegen Milliardenverlusten gegen Berater vor Gericht<\/span><\/a><\/p>\n<p>&nbsp;<\/p>\n<p style=\"text-align: justify;\"><span style=\"font-family: arial, helvetica, sans-serif; font-size: 12pt;\">Handelsblatt: <a href=\"https:\/\/www.handelsblatt.com\/finanzen\/vorsorge\/pension-berliner-zahnaerzte-ziehen-wegen-milliardenverlusten-vor-gericht\/100189321.html\" target=\"_blank\" rel=\"noopener\">Berliner Zahn\u00e4rzte ziehen wegen Milliardenverlusten vor Gericht<\/a><\/span><\/p>\n<blockquote>\n<p style=\"text-align: justify;\"><span style=\"font-family: arial, helvetica, sans-serif; font-size: 12pt;\">&#8230; Der Pensionsfonds beantragte beim Kammergericht in Berlin eine Feststellungsklage, &#8230; In dem<strong> Schriftsatz, der Bloomberg News vorliegt<\/strong>, &#8230; <\/span><\/p>\n<\/blockquote>\n<p>&nbsp;<\/p>\n<p><span style=\"font-family: arial, helvetica, sans-serif; font-size: 12pt;\">Institutional Money: <\/span><a href=\"https:\/\/www.institutional-money.com\/news\/regulierung\/headline\/versorgungswerk-zieht-wegen-milliardenverlusts-vor-gericht-247400\" target=\"_blank\" rel=\"noopener\"><span style=\"font-family: arial, helvetica, sans-serif; font-size: 12pt;\">Versorgungswerk zieht wegen Milliardenverlusts vor Gericht<\/span><\/a><\/p>\n<blockquote><p><span style=\"font-family: arial, helvetica, sans-serif; font-size: 12pt;\">&#8230; Der Pensionsfonds beantragte beim Kammergericht in Berlin, das Landgericht II der Hauptstadt als zust\u00e4ndig zu erkl\u00e4ren f\u00fcr eine Feststellungsklage, &#8230;<\/span><\/p><\/blockquote>\n<p>&nbsp;<\/p>\n<p><span style=\"font-family: arial, helvetica, sans-serif; font-size: 12pt;\">Tagesspiegel: (+) <a href=\"https:\/\/www.tagesspiegel.de\/berlin\/berliner-wirtschaft\/berliner-zahnarzte-wollen-schadenersatz-versorgungswerk-stellt-antrag-beim-kammergericht-15115454.html\" target=\"_blank\" rel=\"noopener\">Berliner Zahn\u00e4rzte wollen Schadenersatz: Versorgungswerk stellt Antrag beim Kammergericht<\/a><\/span><\/p>\n<blockquote><p><span style=\"font-family: arial, helvetica, sans-serif; font-size: 12pt;\">Dazu hat die Pensionskasse beim Kammergericht Berlin nun einen Antrag auf Bestimmung des zust\u00e4ndigen Gerichts gestellt. So ein Antrag ist erforderlich, wenn mehrere Personen mit verschiedenen Wohnorten gemeinsam verklagt werden sollen.<\/span><\/p><\/blockquote>\n<p>_______________________<\/p>\n<p><span style=\"font-family: arial, helvetica, sans-serif; font-size: 12pt;\">Pressespiegel vom 07\/08.01.2026<\/span><\/p>\n","protected":false},"excerpt":{"rendered":"<p>&nbsp; Bloomberg News: (+) VZB zieht wegen Milliardenverlusten gegen Berater vor Gericht &nbsp; Handelsblatt: Berliner Zahn\u00e4rzte ziehen wegen Milliardenverlusten vor Gericht &#8230; Der Pensionsfonds beantragte beim Kammergericht in Berlin eine [&#8230;]<\/p>\n","protected":false},"author":13,"featured_media":0,"comment_status":"closed","ping_status":"closed","sticky":false,"template":"","format":"standard","meta":{"ngg_post_thumbnail":0,"iawp_total_views":43,"footnotes":""},"categories":[177,182,47],"tags":[],"class_list":["post-50730","post","type-post","status-publish","format-standard","hentry","category-berlin","category-senat","category-versorgungswerk-vzb"],"_links":{"self":[{"href":"https:\/\/iuzb.de\/index.php?rest_route=\/wp\/v2\/posts\/50730","targetHints":{"allow":["GET"]}}],"collection":[{"href":"https:\/\/iuzb.de\/index.php?rest_route=\/wp\/v2\/posts"}],"about":[{"href":"https:\/\/iuzb.de\/index.php?rest_route=\/wp\/v2\/types\/post"}],"author":[{"embeddable":true,"href":"https:\/\/iuzb.de\/index.php?rest_route=\/wp\/v2\/users\/13"}],"replies":[{"embeddable":true,"href":"https:\/\/iuzb.de\/index.php?rest_route=%2Fwp%2Fv2%2Fcomments&post=50730"}],"version-history":[{"count":20,"href":"https:\/\/iuzb.de\/index.php?rest_route=\/wp\/v2\/posts\/50730\/revisions"}],"predecessor-version":[{"id":50774,"href":"https:\/\/iuzb.de\/index.php?rest_route=\/wp\/v2\/posts\/50730\/revisions\/50774"}],"wp:attachment":[{"href":"https:\/\/iuzb.de\/index.php?rest_route=%2Fwp%2Fv2%2Fmedia&parent=50730"}],"wp:term":[{"taxonomy":"category","embeddable":true,"href":"https:\/\/iuzb.de\/index.php?rest_route=%2Fwp%2Fv2%2Fcategories&post=50730"},{"taxonomy":"post_tag","embeddable":true,"href":"https:\/\/iuzb.de\/index.php?rest_route=%2Fwp%2Fv2%2Ftags&post=50730"}],"curies":[{"name":"wp","href":"https:\/\/api.w.org\/{rel}","templated":true}]}}