{"id":50644,"date":"2026-01-21T13:00:30","date_gmt":"2026-01-21T12:00:30","guid":{"rendered":"https:\/\/iuzb.de\/?p=50644"},"modified":"2026-01-23T08:21:47","modified_gmt":"2026-01-23T07:21:47","slug":"22-01-2026-terminhinweis-konstituierende-delegiertenversammlung-zaek-berlin","status":"publish","type":"post","link":"https:\/\/iuzb.de\/?p=50644","title":{"rendered":"22.01.2026: Terminhinweis konstituierende Delegiertenversammlung Z\u00c4K Berlin mit Tagesordnung und Besucherhinweis &#8211; Update: alle 50 Besucherp\u00e4tze sind ausgebucht"},"content":{"rendered":"<p><a href=\"https:\/\/iuzb.de\/wp-content\/uploads\/2025\/12\/2026-01-MBZ-Einladung-konst.-DV-am-22.01.2026.png\" target=\"_blank\" rel=\"noopener\"><img loading=\"lazy\" decoding=\"async\" class=\"alignnone wp-image-50645\" src=\"https:\/\/iuzb.de\/wp-content\/uploads\/2025\/12\/2026-01-MBZ-Einladung-konst.-DV-am-22.01.2026.png\" alt=\"\" width=\"840\" height=\"412\" srcset=\"https:\/\/iuzb.de\/wp-content\/uploads\/2025\/12\/2026-01-MBZ-Einladung-konst.-DV-am-22.01.2026.png 1011w, https:\/\/iuzb.de\/wp-content\/uploads\/2025\/12\/2026-01-MBZ-Einladung-konst.-DV-am-22.01.2026-450x221.png 450w, https:\/\/iuzb.de\/wp-content\/uploads\/2025\/12\/2026-01-MBZ-Einladung-konst.-DV-am-22.01.2026-245x120.png 245w, https:\/\/iuzb.de\/wp-content\/uploads\/2025\/12\/2026-01-MBZ-Einladung-konst.-DV-am-22.01.2026-768x377.png 768w\" sizes=\"auto, (max-width: 840px) 100vw, 840px\" \/><\/a><\/p>\n<p>Besucher-Hinweis auf der <a href=\"https:\/\/www.zaek-berlin.de\/\" target=\"_blank\" rel=\"noopener\">Webseite der Z\u00c4K Berlin<\/a>:<\/p>\n<p><a href=\"https:\/\/www.zaek-berlin.de\/\" target=\"_blank\" rel=\"noopener\"><img loading=\"lazy\" decoding=\"async\" class=\"alignnone wp-image-50856 \" src=\"https:\/\/iuzb.de\/wp-content\/uploads\/2026\/01\/2026-01-14-ZAHNAeRZTEKAMMER-BERLIN-PS-zur-Konst.-DV-a.jpg\" alt=\"\" width=\"359\" height=\"377\" srcset=\"https:\/\/iuzb.de\/wp-content\/uploads\/2026\/01\/2026-01-14-ZAHNAeRZTEKAMMER-BERLIN-PS-zur-Konst.-DV-a.jpg 399w, https:\/\/iuzb.de\/wp-content\/uploads\/2026\/01\/2026-01-14-ZAHNAeRZTEKAMMER-BERLIN-PS-zur-Konst.-DV-a-285x300.jpg 285w, https:\/\/iuzb.de\/wp-content\/uploads\/2026\/01\/2026-01-14-ZAHNAeRZTEKAMMER-BERLIN-PS-zur-Konst.-DV-a-114x120.jpg 114w\" sizes=\"auto, (max-width: 359px) 100vw, 359px\" \/><\/a><\/p>\n<p><span style=\"font-family: arial, helvetica, sans-serif; font-size: 24pt; color: #ff0000;\">ACHTUNG:<br \/>\nAlle 50 Besucherpl\u00e4tze sind inzwischen ausgebucht!!<\/span><\/p>\n<p>&nbsp;<\/p>\n<p>&nbsp;<\/p>\n<p style=\"text-align: justify;\"><span style=\"text-decoration: underline;\"><span style=\"font-family: arial, helvetica, sans-serif; font-size: 12pt;\">Tagesordnung<\/span><\/span><\/p>\n<table style=\"border-collapse: collapse; width: 100%; height: 241px;\">\n<tbody>\n<tr>\n<td style=\"width: 6.14286%; text-align: left; vertical-align: top;\"><span style=\"font-family: arial, helvetica, sans-serif; font-size: 12pt;\">1.<\/span><\/td>\n<td style=\"width: 93.8572%; text-align: left; vertical-align: top;\"><span style=\"font-family: arial, helvetica, sans-serif; font-size: 12pt;\">Er\u00f6ffnung der Konstituierenden Delegiertenversammlung,<br \/>\nFeststellung der frist- und satzungsgem\u00e4\u00dfen Einberufung,<br \/>\nAufruf dergew\u00e4hlten Delegierten und Feststellung der Beschlussf\u00e4higkeit durch den Alters-Versammlungsleiter (\u00a7 2 Absatz 3 <a href=\"https:\/\/www.zaek-berlin.de\/dateien\/Content\/Dokumente\/%C3%9Cber-uns\/DV\/Anlage_TOP_6-1_Gesch%C3%A4ftsordnung_der_DV_11.02.2010.pdf\" target=\"_blank\" rel=\"noopener\">GO DV Z\u00c4K<\/a>)<\/span><\/td>\n<\/tr>\n<tr style=\"height: 24px;\">\n<td style=\"width: 6.14286%; height: 24px; text-align: left; vertical-align: top;\"><span style=\"font-family: arial, helvetica, sans-serif; font-size: 12pt;\">2.<\/span><\/td>\n<td style=\"width: 93.8572%; height: 24px; text-align: left; vertical-align: top;\"><span style=\"font-family: arial, helvetica, sans-serif; font-size: 12pt;\">Protokollgenehmigung,<br \/>\nEhrung Verstorbener<\/span><\/td>\n<\/tr>\n<tr style=\"height: 24px;\">\n<td style=\"width: 6.14286%; height: 24px; text-align: left; vertical-align: top;\"><span style=\"font-family: arial, helvetica, sans-serif; font-size: 12pt;\">3.<\/span><\/td>\n<td style=\"width: 93.8572%; height: 24px; text-align: left; vertical-align: top;\"><span style=\"font-family: arial, helvetica, sans-serif; font-size: 12pt;\">Wahl der Versammlungsleitung<\/span><\/td>\n<\/tr>\n<tr style=\"height: 24px;\">\n<td style=\"width: 6.14286%; height: 24px; text-align: left; vertical-align: top;\"><span style=\"font-family: arial, helvetica, sans-serif; font-size: 12pt;\">4.<\/span><\/td>\n<td style=\"width: 93.8572%; height: 24px;\"><span style=\"font-family: arial, helvetica, sans-serif; font-size: 12pt;\">Bestimmung der Anzahl der weiteren Vorstandsmitglieder des Vorstandes der Zahn\u00e4rztekammer Berlin (<a href=\"https:\/\/gesetze.berlin.de\/bsbe\/document\/jlr-HeilBKGBEpP16\" target=\"_blank\" rel=\"noopener\">\u00a7 16 Berliner Heilberufekammergesetz<\/a> \/ \u00a7 7 Absatz 1 Satz 2 <a href=\"https:\/\/www.zaek-berlin.de\/dateien\/Content\/Dokumente\/%C3%9Cber-uns\/DV\/Hauptsatzung-Z%C3%84K_20200108.pdf\" target=\"_blank\" rel=\"noopener\">Hauptsatzung<\/a>)<\/span><\/td>\n<\/tr>\n<tr style=\"height: 24px;\">\n<td style=\"width: 6.14286%; height: 24px; text-align: left; vertical-align: top;\"><span style=\"font-family: arial, helvetica, sans-serif; font-size: 12pt;\">5.<\/span><\/td>\n<td style=\"width: 93.8572%; height: 24px;\"><span style=\"font-family: arial, helvetica, sans-serif; font-size: 12pt;\">Wahl eines Wahlausschusses zur Durchf\u00fchrung der Neuwahl des Vorstandes der Zahn\u00e4rztekammer Berlin (\u00a7 2 Absatz 5 <a href=\"https:\/\/www.zaek-berlin.de\/dateien\/Content\/Dokumente\/%C3%9Cber-uns\/DV\/Anlage_TOP_6-1_Gesch%C3%A4ftsordnung_der_DV_11.02.2010.pdf\" target=\"_blank\" rel=\"noopener\">GO DV Z\u00c4K<\/a>)<\/span><\/td>\n<\/tr>\n<tr style=\"height: 24px;\">\n<td style=\"width: 6.14286%; height: 24px; text-align: left; vertical-align: top;\"><span style=\"font-family: arial, helvetica, sans-serif; font-size: 12pt;\">6.<\/span><\/td>\n<td style=\"width: 93.8572%; height: 24px;\"><span style=\"font-family: arial, helvetica, sans-serif; font-size: 12pt;\">Wahl des Vorstandes der Zahn\u00e4rztekammer Berlin (\u00a7 7 Absatz 3, 4 <a href=\"https:\/\/www.zaek-berlin.de\/dateien\/Content\/Dokumente\/%C3%9Cber-uns\/DV\/Hauptsatzung-Z%C3%84K_20200108.pdf\" target=\"_blank\" rel=\"noopener\">Hauptsatzung<\/a>)<\/span><\/td>\n<\/tr>\n<tr style=\"height: 24px;\">\n<td style=\"width: 6.14286%; height: 24px; text-align: left; vertical-align: top;\"><span style=\"font-family: arial, helvetica, sans-serif; font-size: 12pt;\">7.<\/span><\/td>\n<td style=\"width: 93.8572%; height: 24px;\"><span style=\"font-family: arial, helvetica, sans-serif; font-size: 12pt;\">Verschiedenes<\/span><\/td>\n<\/tr>\n<\/tbody>\n<\/table>\n<p style=\"text-align: justify;\"><span style=\"font-family: arial, helvetica, sans-serif; font-size: 12pt;\">.<\/span><\/p>\n","protected":false},"excerpt":{"rendered":"<p>Besucher-Hinweis auf der Webseite der Z\u00c4K Berlin: ACHTUNG: Alle 50 Besucherpl\u00e4tze sind inzwischen ausgebucht!! &nbsp; &nbsp; Tagesordnung 1. Er\u00f6ffnung der Konstituierenden Delegiertenversammlung, Feststellung der frist- und satzungsgem\u00e4\u00dfen Einberufung, Aufruf dergew\u00e4hlten [&#8230;]<\/p>\n","protected":false},"author":13,"featured_media":44036,"comment_status":"closed","ping_status":"closed","sticky":false,"template":"","format":"standard","meta":{"ngg_post_thumbnail":0,"iawp_total_views":346,"footnotes":""},"categories":[91,46],"tags":[],"class_list":["post-50644","post","type-post","status-publish","format-standard","has-post-thumbnail","hentry","category-delegiertenversammlung","category-zahnaerztekammer-berlin"],"_links":{"self":[{"href":"https:\/\/iuzb.de\/index.php?rest_route=\/wp\/v2\/posts\/50644","targetHints":{"allow":["GET"]}}],"collection":[{"href":"https:\/\/iuzb.de\/index.php?rest_route=\/wp\/v2\/posts"}],"about":[{"href":"https:\/\/iuzb.de\/index.php?rest_route=\/wp\/v2\/types\/post"}],"author":[{"embeddable":true,"href":"https:\/\/iuzb.de\/index.php?rest_route=\/wp\/v2\/users\/13"}],"replies":[{"embeddable":true,"href":"https:\/\/iuzb.de\/index.php?rest_route=%2Fwp%2Fv2%2Fcomments&post=50644"}],"version-history":[{"count":23,"href":"https:\/\/iuzb.de\/index.php?rest_route=\/wp\/v2\/posts\/50644\/revisions"}],"predecessor-version":[{"id":50932,"href":"https:\/\/iuzb.de\/index.php?rest_route=\/wp\/v2\/posts\/50644\/revisions\/50932"}],"wp:featuredmedia":[{"embeddable":true,"href":"https:\/\/iuzb.de\/index.php?rest_route=\/wp\/v2\/media\/44036"}],"wp:attachment":[{"href":"https:\/\/iuzb.de\/index.php?rest_route=%2Fwp%2Fv2%2Fmedia&parent=50644"}],"wp:term":[{"taxonomy":"category","embeddable":true,"href":"https:\/\/iuzb.de\/index.php?rest_route=%2Fwp%2Fv2%2Fcategories&post=50644"},{"taxonomy":"post_tag","embeddable":true,"href":"https:\/\/iuzb.de\/index.php?rest_route=%2Fwp%2Fv2%2Ftags&post=50644"}],"curies":[{"name":"wp","href":"https:\/\/api.w.org\/{rel}","templated":true}]}}