{"id":50370,"date":"2025-12-03T22:34:43","date_gmt":"2025-12-03T21:34:43","guid":{"rendered":"https:\/\/iuzb.de\/?p=50370"},"modified":"2025-12-27T08:56:19","modified_gmt":"2025-12-27T07:56:19","slug":"ergebnis-der-kammerwahl-2025","status":"publish","type":"post","link":"https:\/\/iuzb.de\/?p=50370","title":{"rendered":"Herzlichen Dank an 348 Kolleginnen und Kollegen f\u00fcr die Unterst\u00fctzung unserer IUZB!"},"content":{"rendered":"<p><span style=\"text-decoration: underline;\"><span style=\"font-family: arial, helvetica, sans-serif; font-size: 12pt;\">Ergebnis der Kammerwahl 2025:<\/span><\/span><\/p>\n<p><span style=\"font-family: arial, helvetica, sans-serif; font-size: 12pt;\">Die Sitzung des Wahlausschusses zur Feststellung des Wahlergebnisses fand am <\/span><span style=\"font-family: arial, helvetica, sans-serif; font-size: 12pt;\"><a href=\"https:\/\/iuzb.de\/?p=50367\" target=\"_blank\" rel=\"noopener\">Mittwoch, den 03. Dezember 2020 ab 15 Uhr<\/a> <\/span><span style=\"font-family: arial, helvetica, sans-serif; font-size: 12pt;\">statt.<\/span><\/p>\n<p><strong><span style=\"font-family: arial, helvetica, sans-serif; font-size: 12pt;\"><span style=\"background-color: #ffffff;\">Das vorl\u00e4ufige Ergebnis finden Sie auf der Website der Z\u00c4K Berlin: <\/span><\/span><span style=\"font-family: arial, helvetica, sans-serif; font-size: 12pt; color: #ff0000;\"><a href=\"https:\/\/www.zaek-berlin.de\/presse\/meldungen\/aktuelles\/aktuelles-detail\/article\/ergebnis-der-wahl-zur-delegiertenversammlung.html\" target=\"_blank\" rel=\"noopener\">hier<\/a><span style=\"color: #000000;\"> und <a href=\"https:\/\/iuzb.de\/wp-content\/uploads\/2025\/12\/2025-12-03-Ergebnis-Kammerwahl-2025.pdf\" target=\"_blank\" rel=\"noopener\">hier<\/a><\/span><\/span><\/strong><\/p>\n<p>Wahlberechtigt waren 6.250 Kammerangeh\u00f6rige<br \/>\nGew\u00e4hlt haben 2.173 Kammerangeh\u00f6rige<br \/>\nG\u00fcltige Stimmen: 2.151<br \/>\nWahlbeteiligung: 34,77 %<\/p>\n<table style=\"border-collapse: collapse; width: 100%; height: 240px;\">\n<tbody>\n<tr style=\"height: 24px;\">\n<td style=\"width: 25%; height: 24px; background-color: #d3d3d3;\"><span style=\"font-family: arial, helvetica, sans-serif; font-size: 12pt;\"><a href=\"https:\/\/www.zaek-berlin.de\/dateien\/Content\/Dokumente\/%C3%9Cber-uns\/DV\/Wahlvorschlaege_DV_Wahl_2025_01.pdf\" target=\"_blank\" rel=\"noopener\">Wahllisten<\/a> Nr.<\/span><\/td>\n<td style=\"width: 25%; height: 24px; text-align: right; background-color: #d3d3d3;\"><span style=\"font-family: arial, helvetica, sans-serif; font-size: 12pt;\">Stimmen<\/span><\/td>\n<td style=\"width: 25%; height: 24px; text-align: right; background-color: #d3d3d3;\"><span style=\"font-family: arial, helvetica, sans-serif; font-size: 12pt;\">%<\/span><\/td>\n<td style=\"width: 25%; height: 24px; text-align: right; background-color: #d3d3d3;\"><span style=\"font-family: arial, helvetica, sans-serif; font-size: 12pt;\">Sitze DV<\/span><\/td>\n<\/tr>\n<tr style=\"height: 24px;\">\n<td style=\"width: 25%; height: 24px;\"><span style=\"font-family: arial, helvetica, sans-serif; font-size: 12pt;\">1. <strong>KFO<\/strong><\/span><\/td>\n<td style=\"width: 25%; height: 24px; text-align: right;\"><span style=\"font-family: arial, helvetica, sans-serif; font-size: 12pt;\">106<\/span><\/td>\n<td style=\"width: 25%; height: 24px; text-align: right;\"><span style=\"font-family: arial, helvetica, sans-serif; font-size: 12pt;\">4,9<\/span><\/td>\n<td style=\"width: 25%; height: 24px; text-align: right;\">2<\/td>\n<\/tr>\n<tr style=\"height: 24px;\">\n<td style=\"width: 25%; height: 24px;\"><span style=\"font-family: arial, helvetica, sans-serif; font-size: 12pt;\">2. <strong>VL<\/strong><\/span><\/td>\n<td style=\"width: 25%; height: 24px; text-align: right;\"><span style=\"font-family: arial, helvetica, sans-serif; font-size: 12pt;\">223<\/span><\/td>\n<td style=\"width: 25%; height: 24px; text-align: right;\"><span style=\"font-family: arial, helvetica, sans-serif; font-size: 12pt;\">10,3<\/span><\/td>\n<td style=\"width: 25%; height: 24px; text-align: right;\">5<\/td>\n<\/tr>\n<tr style=\"height: 24px;\">\n<td style=\"width: 25%; height: 24px;\"><span style=\"font-family: arial, helvetica, sans-serif; font-size: 12pt;\">3. <strong>BUZ<\/strong><\/span><\/td>\n<td style=\"width: 25%; height: 24px; text-align: right;\"><span style=\"font-family: arial, helvetica, sans-serif; font-size: 12pt;\">497<\/span><\/td>\n<td style=\"width: 25%; height: 24px; text-align: right;\"><span style=\"font-family: arial, helvetica, sans-serif; font-size: 12pt;\">23,1<\/span><\/td>\n<td style=\"width: 25%; height: 24px; text-align: right;\">11<\/td>\n<\/tr>\n<tr style=\"height: 24px;\">\n<td style=\"width: 25%; height: 24px;\"><span style=\"font-family: arial, helvetica, sans-serif; font-size: 12pt;\">4. <span style=\"color: #008889;\"><strong>IUZB<\/strong><\/span><\/span><\/td>\n<td style=\"width: 25%; height: 24px; text-align: right;\"><span style=\"font-family: arial, helvetica, sans-serif; font-size: 12pt; color: #008889;\">348<\/span><\/td>\n<td style=\"width: 25%; height: 24px; text-align: right;\"><span style=\"font-family: arial, helvetica, sans-serif; font-size: 12pt; color: #008889;\">16,2<\/span><\/td>\n<td style=\"width: 25%; height: 24px; text-align: right;\">7<\/td>\n<\/tr>\n<tr style=\"height: 24px;\">\n<td style=\"width: 25%; height: 24px;\"><span style=\"font-family: arial, helvetica, sans-serif; font-size: 12pt;\">5. <strong>FVDZ<\/strong><\/span><\/td>\n<td style=\"width: 25%; height: 24px; text-align: right;\"><span style=\"font-family: arial, helvetica, sans-serif; font-size: 12pt;\">325<\/span><\/td>\n<td style=\"width: 25%; height: 24px; text-align: right;\"><span style=\"font-family: arial, helvetica, sans-serif; font-size: 12pt;\">15,1<\/span><\/td>\n<td style=\"width: 25%; height: 24px; text-align: right;\">7<\/td>\n<\/tr>\n<tr style=\"height: 24px;\">\n<td style=\"width: 25%; height: 24px;\"><span style=\"font-family: arial, helvetica, sans-serif; font-size: 12pt;\">6. <strong>Chirurgie<\/strong><\/span><\/td>\n<td style=\"width: 25%; height: 24px; text-align: right;\"><span style=\"font-family: arial, helvetica, sans-serif; font-size: 12pt;\">54<\/span><\/td>\n<td style=\"width: 25%; height: 24px; text-align: right;\"><span style=\"font-family: arial, helvetica, sans-serif; font-size: 12pt;\">2,6<\/span><\/td>\n<td style=\"width: 25%; height: 24px; text-align: right;\">1<\/td>\n<\/tr>\n<tr style=\"height: 24px;\">\n<td style=\"width: 25%; height: 24px;\"><span style=\"font-family: arial, helvetica, sans-serif; font-size: 12pt;\">7. <strong>Dentista<\/strong><\/span><\/td>\n<td style=\"width: 25%; height: 24px; text-align: right;\"><span style=\"font-family: arial, helvetica, sans-serif; font-size: 12pt;\">247<\/span><\/td>\n<td style=\"width: 25%; height: 24px; text-align: right;\"><span style=\"font-family: arial, helvetica, sans-serif; font-size: 12pt;\">11,5<\/span><\/td>\n<td style=\"width: 25%; height: 24px; text-align: right;\">5<\/td>\n<\/tr>\n<tr style=\"height: 24px;\">\n<td style=\"width: 25%; height: 24px;\"><span style=\"font-family: arial, helvetica, sans-serif; font-size: 12pt;\">8. <strong>Verband<\/strong><\/span><\/td>\n<td style=\"width: 25%; height: 24px; text-align: right;\"><span style=\"font-family: arial, helvetica, sans-serif; font-size: 12pt;\">351<\/span><\/td>\n<td style=\"width: 25%; height: 24px; text-align: right;\"><span style=\"font-family: arial, helvetica, sans-serif; font-size: 12pt;\">16,3<\/span><\/td>\n<td style=\"width: 25%; height: 24px; text-align: right;\">7<\/td>\n<\/tr>\n<tr style=\"height: 24px;\">\n<td style=\"width: 25%; height: 24px;\"><span style=\"font-family: arial, helvetica, sans-serif; font-size: 10pt;\">Zum Vergleich:<\/span><br \/>\n<a href=\"https:\/\/iuzb.de\/?p=31874\" target=\"_blank\" rel=\"noopener\"><span style=\"font-family: arial, helvetica, sans-serif; font-size: 10pt;\"><span style=\"font-size: 12pt;\">&#8211; Wahl 2020<\/span><\/span><\/a><br \/>\n<span style=\"font-family: arial, helvetica, sans-serif; font-size: 10pt;\"><span style=\"font-size: 12pt;\">&#8211; <\/span><a href=\"https:\/\/iuzb.de\/?p=50414\" target=\"_blank\" rel=\"noopener\"><span style=\"font-size: 12pt;\">Wahlbeteiligungen seit 2002<\/span><\/a><\/span><\/td>\n<td style=\"width: 25%; text-align: right; height: 24px; background-color: #d3d3d3;\"><span style=\"font-family: arial, helvetica, sans-serif; font-size: 12pt;\">2.151<\/span><\/td>\n<td style=\"width: 25%; text-align: right; height: 24px; background-color: #d3d3d3;\"><span style=\"font-family: arial, helvetica, sans-serif; font-size: 12pt;\">100,0<\/span><\/td>\n<td style=\"width: 25%; text-align: right; height: 24px; background-color: #d3d3d3;\">45<br \/>\n+ 1 Hochschule<\/td>\n<\/tr>\n<\/tbody>\n<\/table>\n<p style=\"text-align: justify;\"><span style=\"font-family: arial, helvetica, sans-serif; font-size: 12pt;\">Zu den 45 Sitzen kommt gem\u00e4\u00df Berliner Heilberufekammergesetz noch ein Sitz f\u00fcr die Universit\u00e4tsmedizin Charit\u00e9.<\/span><\/p>\n<p style=\"text-align: justify;\"><span style=\"font-family: arial, helvetica, sans-serif; font-size: 12pt;\">Der neue Vorstand der Zahn\u00e4rztekammer Berlin f\u00fcr die Amtsperiode 2026 bis 2031 wird auf der Konstituierenden Delegiertenversammlung der Zahn\u00e4rztekammer Berlin am <strong>22. Januar 2026<\/strong> gew\u00e4hlt. Die Delegiertenversammlungen sind f\u00fcr Kammerangeh\u00f6rige \u00f6ffentlich.<\/span><\/p>\n<p>&nbsp;<\/p>\n<p>&nbsp;<\/p>\n<p><span style=\"font-family: arial, helvetica, sans-serif; font-size: 18pt; background-color: #008889; color: #ffffff;\">Wir bedanken uns bei den 348 Kolleginnen und Kollegen,<br \/>\n<\/span><span style=\"font-family: arial, helvetica, sans-serif; font-size: 18pt; background-color: #008889; color: #ffffff;\">welche uns mit ihrer Stimme unterst\u00fctzt haben.<br \/>\nIhre IUZB<\/span><\/p>\n<p><a href=\"https:\/\/iuzb.de\/wp-content\/uploads\/2025\/09\/IUZB-Herz-640.png\"><img loading=\"lazy\" decoding=\"async\" class=\"alignnone wp-image-48691\" src=\"https:\/\/iuzb.de\/wp-content\/uploads\/2025\/09\/IUZB-Herz-640.png\" alt=\"\" width=\"150\" height=\"105\" srcset=\"https:\/\/iuzb.de\/wp-content\/uploads\/2025\/09\/IUZB-Herz-640.png 640w, https:\/\/iuzb.de\/wp-content\/uploads\/2025\/09\/IUZB-Herz-640-430x300.png 430w, https:\/\/iuzb.de\/wp-content\/uploads\/2025\/09\/IUZB-Herz-640-172x120.png 172w\" sizes=\"auto, (max-width: 150px) 100vw, 150px\" \/><\/a><\/p>\n<p><span style=\"font-family: arial, helvetica, sans-serif; font-size: 12pt;\">.<\/span><\/p>\n<div class=\"notranslate\" style=\"all: initial;\">&nbsp;<\/div>\n","protected":false},"excerpt":{"rendered":"<p>Ergebnis der Kammerwahl 2025: Die Sitzung des Wahlausschusses zur Feststellung des Wahlergebnisses fand am Mittwoch, den 03. Dezember 2020 ab 15 Uhr statt. Das vorl\u00e4ufige Ergebnis finden Sie auf der [&#8230;]<\/p>\n","protected":false},"author":13,"featured_media":48710,"comment_status":"closed","ping_status":"closed","sticky":false,"template":"","format":"standard","meta":{"ngg_post_thumbnail":0,"iawp_total_views":45,"footnotes":""},"categories":[367,46],"tags":[],"class_list":["post-50370","post","type-post","status-publish","format-standard","has-post-thumbnail","hentry","category-kammerwahl-2025","category-zahnaerztekammer-berlin"],"_links":{"self":[{"href":"https:\/\/iuzb.de\/index.php?rest_route=\/wp\/v2\/posts\/50370","targetHints":{"allow":["GET"]}}],"collection":[{"href":"https:\/\/iuzb.de\/index.php?rest_route=\/wp\/v2\/posts"}],"about":[{"href":"https:\/\/iuzb.de\/index.php?rest_route=\/wp\/v2\/types\/post"}],"author":[{"embeddable":true,"href":"https:\/\/iuzb.de\/index.php?rest_route=\/wp\/v2\/users\/13"}],"replies":[{"embeddable":true,"href":"https:\/\/iuzb.de\/index.php?rest_route=%2Fwp%2Fv2%2Fcomments&post=50370"}],"version-history":[{"count":48,"href":"https:\/\/iuzb.de\/index.php?rest_route=\/wp\/v2\/posts\/50370\/revisions"}],"predecessor-version":[{"id":50478,"href":"https:\/\/iuzb.de\/index.php?rest_route=\/wp\/v2\/posts\/50370\/revisions\/50478"}],"wp:featuredmedia":[{"embeddable":true,"href":"https:\/\/iuzb.de\/index.php?rest_route=\/wp\/v2\/media\/48710"}],"wp:attachment":[{"href":"https:\/\/iuzb.de\/index.php?rest_route=%2Fwp%2Fv2%2Fmedia&parent=50370"}],"wp:term":[{"taxonomy":"category","embeddable":true,"href":"https:\/\/iuzb.de\/index.php?rest_route=%2Fwp%2Fv2%2Fcategories&post=50370"},{"taxonomy":"post_tag","embeddable":true,"href":"https:\/\/iuzb.de\/index.php?rest_route=%2Fwp%2Fv2%2Ftags&post=50370"}],"curies":[{"name":"wp","href":"https:\/\/api.w.org\/{rel}","templated":true}]}}