{"id":49845,"date":"2025-10-17T19:27:58","date_gmt":"2025-10-17T17:27:58","guid":{"rendered":"https:\/\/iuzb.de\/?p=49845"},"modified":"2025-12-03T15:59:21","modified_gmt":"2025-12-03T14:59:21","slug":"ablage","status":"publish","type":"post","link":"https:\/\/iuzb.de\/?p=49845","title":{"rendered":"Jedem ist sein Ansehen wichtig \u2013 auch unserem Versorgungswerk"},"content":{"rendered":"<p style=\"text-align: justify;\"><span style=\"font-family: arial, helvetica, sans-serif; font-size: 12pt;\">Ausdruck von Ansehen, gutem Ruf und Anerkennung ist im gesch\u00e4ftlichen Umfeld die <strong>Bonit\u00e4t<\/strong>. Die pers\u00f6nliche Bonit\u00e4t stellt auf die individuelle <strong>Zuverl\u00e4ssigkeit<\/strong> und <strong>Zahlungswilligkeit<\/strong> eines Vertragspartners ab. Die materielle Bonit\u00e4t beschreibt, inwieweit ein zu Zahlungen Verpflichteter f\u00fcr wirtschaftlich f\u00e4hig bzw. potent gehalten wird, seine finanziellen Verpflichtungen auch zu erf\u00fcllen. <strong>Je besser die Bonit\u00e4t<\/strong>, desto wahrscheinlicher wird die ordnungsgem\u00e4\u00dfe Vertragserf\u00fcllung vom gesch\u00e4ftlichen Umfeld eingesch\u00e4tzt und <strong>umso mehr Vertrauen<\/strong> wird entgegengebracht.<\/span><\/p>\n<p style=\"text-align: justify;\"><span style=\"font-family: arial, helvetica, sans-serif; font-size: 12pt;\">In der gesamten Finanzwelt ist es deshalb von \u00fcberaus gro\u00dfer Bedeutung, ja essenziell, dass man als Akteur \u00fcber eine <strong>gute Bonit\u00e4t<\/strong> in der Branche bzw. einen <strong>tadellosen Ruf<\/strong> im gesch\u00e4ftlichen Umfeld verf\u00fcgt. Denn nur dann, sind potenzielle Gesch\u00e4fts- und Vertragspartner \u00fcberhaupt dazu bereit, gesch\u00e4ftliche Beziehungen neu einzugehen oder zu unterhalten.<\/span><\/p>\n<p style=\"text-align: justify;\"><strong><span style=\"font-family: arial, helvetica, sans-serif; font-size: 12pt;\">Alles, was die Bonit\u00e4t negativ beeinflusst, ist Gift f\u00fcr eine Institution, die in einem auf Vertrauen und Zuverl\u00e4ssigkeit bauenden Umfeld wirtschaftlich aktiv ist.<\/span><\/strong><\/p>\n<p style=\"text-align: justify;\"><span style=\"font-family: arial, helvetica, sans-serif; font-size: 12pt;\">Unser Versorgungswerk ist ein Akteur am Finanzmarkt und muss als Gesch\u00e4ftspartner mit anderen Marktteilnehmern in Interaktion treten, um die Beitr\u00e4ge der Mitglieder ausk\u00f6mmlich anlegen zu k\u00f6nnen.<\/span><\/p>\n<p style=\"text-align: justify;\"><span style=\"font-family: arial, helvetica, sans-serif; font-size: 12pt;\"><strong>Niemandem, dem unser Versorgungswerk wirklich am Herzen liegt, kann Interesse daran haben, dass unser VZB in der \u00f6ffentlichen Presse schlecht gemacht und ohne belastbare Gr\u00fcnde dessen Bonit\u00e4t herabgew\u00fcrdigt wird.<\/strong> Schon gar nicht durch die Preisgabe von vertraulichen, nur den Mitgliedern zustehenden internen Informationen, die zus\u00e4tzlich noch mit unbewiesenen Schuldzuweisungen, Vorverurteilungen, Verletzungen von Pers\u00f6nlichkeitsrechten und Formulierungen einhergehen, die dazu geeignet sind, bei den Mitgliedern gro\u00dfe \u00c4ngste zu sch\u00fcren.<\/span><\/p>\n<p style=\"text-align: justify;\"><span style=\"font-family: arial, helvetica, sans-serif; font-size: 12pt;\"><strong>Was kann es f\u00fcr Beweggr\u00fcnde daf\u00fcr geben, dass ein Berliner Zahnarzt auf einer berufspolitischen Internetseite eine Liste mit multiplen Hinweisen auf Presseartikel ver\u00f6ffentlicht, die die Bonit\u00e4t unseres Versorgungswerks herabsetzen und besch\u00e4digen?<\/strong> Auch wenn diese Artikel alle nahezu inhaltsgleich und voneinander abgeschrieben wirken, br\u00fcstet sich der Autor mit dieser Link-Sammlung wie mit einer Troph\u00e4e, so als wenn er sich nun stolz eine zus\u00e4tzliche Kerbe in seinen Pistolengriff schnitzen wolle.<\/span><\/p>\n<p style=\"text-align: justify;\"><span style=\"font-family: arial, helvetica, sans-serif; font-size: 12pt;\">Das Sch\u00fcren von \u00c4ngsten, das F\u00f6rdern von Verunsicherung, dessen tendenzi\u00f6se Multiplikation in selbst initiierten Chatgruppen und dies alles in einem Stadium, in dem laufende Untersuchungen nicht abgeschlossen sind, aber die Berliner Kammerwahlen vor der T\u00fcr stehen, lassen eigentlich nur den Schluss zu, dass es den Initiatoren in erster Linie um Stimmungsmache und um die F\u00f6rderung ihres eigenen Wahlerfolgs geht.<\/span><\/p>\n<p style=\"text-align: justify;\"><span style=\"font-family: arial, helvetica, sans-serif; font-size: 12pt;\">Dar\u00fcber sollte jede\/jeder Kollege\/in einmal <strong>in Ruhe nachdenken<\/strong>.<\/span><\/p>\n<p style=\"text-align: justify;\"><span style=\"font-family: arial, helvetica, sans-serif; font-size: 12pt;\">An dieser Stelle soll unser Kollege und ehemaliger Kammerpr\u00e4sidenten Dr. Bolstorff zitiert sein (MBZ 10\/2025):<\/span><\/p>\n<blockquote>\n<p style=\"text-align: justify;\"><span style=\"font-family: arial, helvetica, sans-serif; font-size: 12pt;\">\u201eIch appelliere an alle Gruppierungen, die am Kammerwahlkampf beteiligt sind, seien sie gerade bei diesem Thema solidarisch. Es ist unser gemeinsames Versorgungswerk, <strong>Streit vor juristischer Klarheit zerst\u00f6rt jegliches Vertrauen!<\/strong>\u201c<\/span><\/p>\n<\/blockquote>\n<p style=\"text-align: justify;\"><span style=\"font-family: arial, helvetica, sans-serif; font-size: 12pt;\">Dem ist nichts hinzuzuf\u00fcgen.<\/span><\/p>\n<p>&nbsp;<\/p>\n<p><img loading=\"lazy\" decoding=\"async\" class=\"alignleft wp-image-48402\" src=\"https:\/\/iuzb.de\/wp-content\/uploads\/2025\/08\/Gneist-Gerhard-200-2.jpg\" alt=\"\" width=\"150\" height=\"178\" srcset=\"https:\/\/iuzb.de\/wp-content\/uploads\/2025\/08\/Gneist-Gerhard-200-2.jpg 200w, https:\/\/iuzb.de\/wp-content\/uploads\/2025\/08\/Gneist-Gerhard-200-2-101x120.jpg 101w\" sizes=\"auto, (max-width: 150px) 100vw, 150px\" \/><\/p>\n<p>&nbsp;<\/p>\n<p>&nbsp;<\/p>\n<p><strong><span style=\"font-family: arial, helvetica, sans-serif; font-size: 12pt;\">Gerhard Gneist<\/span><\/strong><\/p>\n<p><span style=\"font-family: arial, helvetica, sans-serif; font-size: 12pt;\">Mitglied der Vertreterversammlung des VZB<\/span><br \/>\n<span style=\"font-family: arial, helvetica, sans-serif; font-size: 12pt;\">1. Vorsitzender IUZB e.V.<\/span><\/p>\n<p>&nbsp;<\/p>\n","protected":false},"excerpt":{"rendered":"<p>Ausdruck von Ansehen, gutem Ruf und Anerkennung ist im gesch\u00e4ftlichen Umfeld die Bonit\u00e4t. Die pers\u00f6nliche Bonit\u00e4t stellt auf die individuelle Zuverl\u00e4ssigkeit und Zahlungswilligkeit eines Vertragspartners ab. Die materielle Bonit\u00e4t beschreibt, [&#8230;]<\/p>\n","protected":false},"author":13,"featured_media":50081,"comment_status":"closed","ping_status":"closed","sticky":false,"template":"","format":"standard","meta":{"ngg_post_thumbnail":0,"iawp_total_views":41,"footnotes":""},"categories":[242,367,47,46],"tags":[],"class_list":["post-49845","post","type-post","status-publish","format-standard","has-post-thumbnail","hentry","category-infobriefe","category-kammerwahl-2025","category-versorgungswerk-vzb","category-zahnaerztekammer-berlin"],"_links":{"self":[{"href":"https:\/\/iuzb.de\/index.php?rest_route=\/wp\/v2\/posts\/49845","targetHints":{"allow":["GET"]}}],"collection":[{"href":"https:\/\/iuzb.de\/index.php?rest_route=\/wp\/v2\/posts"}],"about":[{"href":"https:\/\/iuzb.de\/index.php?rest_route=\/wp\/v2\/types\/post"}],"author":[{"embeddable":true,"href":"https:\/\/iuzb.de\/index.php?rest_route=\/wp\/v2\/users\/13"}],"replies":[{"embeddable":true,"href":"https:\/\/iuzb.de\/index.php?rest_route=%2Fwp%2Fv2%2Fcomments&post=49845"}],"version-history":[{"count":8,"href":"https:\/\/iuzb.de\/index.php?rest_route=\/wp\/v2\/posts\/49845\/revisions"}],"predecessor-version":[{"id":49853,"href":"https:\/\/iuzb.de\/index.php?rest_route=\/wp\/v2\/posts\/49845\/revisions\/49853"}],"wp:featuredmedia":[{"embeddable":true,"href":"https:\/\/iuzb.de\/index.php?rest_route=\/wp\/v2\/media\/50081"}],"wp:attachment":[{"href":"https:\/\/iuzb.de\/index.php?rest_route=%2Fwp%2Fv2%2Fmedia&parent=49845"}],"wp:term":[{"taxonomy":"category","embeddable":true,"href":"https:\/\/iuzb.de\/index.php?rest_route=%2Fwp%2Fv2%2Fcategories&post=49845"},{"taxonomy":"post_tag","embeddable":true,"href":"https:\/\/iuzb.de\/index.php?rest_route=%2Fwp%2Fv2%2Ftags&post=49845"}],"curies":[{"name":"wp","href":"https:\/\/api.w.org\/{rel}","templated":true}]}}