{"id":48739,"date":"2025-09-18T21:18:58","date_gmt":"2025-09-18T19:18:58","guid":{"rendered":"https:\/\/iuzb.de\/?p=48739"},"modified":"2025-11-03T08:31:39","modified_gmt":"2025-11-03T07:31:39","slug":"buz-2-0-lupenrein-analysiert","status":"publish","type":"post","link":"https:\/\/iuzb.de\/?p=48739","title":{"rendered":"BUZ 2.0 lupenrein analysiert"},"content":{"rendered":"<p><strong><span style=\"font-family: arial, helvetica, sans-serif; font-size: 18pt;\">BUZ-2= 0<\/span><\/strong><\/p>\n<p style=\"text-align: justify;\"><strong><span style=\"font-family: arial, helvetica, sans-serif; font-size: 12pt;\">(..oder was sich hinter dieser Abk\u00fcrzung wirklich verbirgt)<\/span><\/strong><\/p>\n<p style=\"text-align: justify;\">&nbsp;<\/p>\n<p style=\"text-align: justify;\"><strong><span style=\"font-family: arial, helvetica, sans-serif; font-size: 12pt;\"><span style=\"font-size: 18pt;\">B<\/span>eleidigend und vorverurteilend.<\/span><\/strong><\/p>\n<p style=\"text-align: justify; padding-left: 40px;\"><span style=\"font-family: arial, helvetica, sans-serif; font-size: 12pt;\">Es werden immer wieder unbewiesene Vorw\u00fcrfe als Tatsachen ver\u00f6ffentlicht. Und Kollegen werden trotz bestehender Unschuldsvermutung pauschal vorverurteilt und beleidigt. Ein Hinweis auf staatsanwaltliche Ermittlungen ist kein Beweis, der ganz \u00fcberwiegende Teil solcher Verfahren wird eingestellt. Zudem wurden die Untersuchungen durch die betroffenen Kollegen selbst angesto\u00dfen.<\/span><\/p>\n<p style=\"text-align: justify;\"><strong><span style=\"font-family: arial, helvetica, sans-serif; font-size: 12pt;\"><span style=\"font-size: 18pt;\">U<\/span>nwahr und herabsetzend.<\/span><\/strong><\/p>\n<p style=\"text-align: justify; padding-left: 40px;\"><span style=\"font-family: arial, helvetica, sans-serif; font-size: 12pt;\">Klutke ist entgegen seiner eigenen Darstellung nicht der Autor der Briefe, die das Versorgungswerk diskreditierenden und dessen Bonit\u00e4t in Frage stellen. Diese stammen vielmehr von einem bekanntem Verschw\u00f6rungstheoretiker, den Klutke nach eigener Aussage f\u00fcr einen Euro gedungen hat. Welche \u201euneigenn\u00fctzigen Ziele\u201c verfolgt ein solches Duo? Und wer hat Interesse daran, Versorgungswerke durch gezielte Presseberichte \u00f6ffentlich schlechtzureden?<\/span><\/p>\n<p style=\"text-align: justify;\"><strong><span style=\"font-family: arial, helvetica, sans-serif; font-size: 12pt;\"><span style=\"font-size: 18pt;\">Z<\/span>ynisch und v\u00f6llig einseitig.<\/span><\/strong><\/p>\n<p style=\"text-align: justify; padding-left: 40px;\"><span style=\"font-family: arial, helvetica, sans-serif; font-size: 12pt;\">Klutke und Dohmeier sch\u00fcren bewusst \u00c4ngste bei den Mitgliedern, ohne konkrete, belastbare Fakten vorzulegen. Sie beantworten berechtigte Fragen der Vertreter nicht. Sie nutzen selektiv Informationen f\u00fcr ihren einseitigen Kammerwahlkampf. &nbsp;Dabei instrumentalisieren sie die Unwissenheit vieler Mitglieder, um sich selbst als Heilsbringer zu stilisieren.<\/span><\/p>\n<p style=\"text-align: justify; padding-left: 40px;\"><span style=\"font-family: arial, helvetica, sans-serif; font-size: 12pt;\">Auch das Bremen satzungswidrig nicht im VA vertreten ist, st\u00f6rt sie nicht. Hauptsache, die eigenen Chancen bei der Kammerwahl verbessern sich. Dohmeier verbreitet zudem tendenzi\u00f6se Desinformation in einem Kollegenchat. Seine staatsm\u00e4nnisch anmutenden, aber einseitigen Beitr\u00e4ge sind nichts anderes als Wahlwerbung f\u00fcr seinen Verband.<\/span><\/p>\n<p style=\"text-align: justify;\"><span style=\"font-family: arial, helvetica, sans-serif; font-size: 12pt;\"><span style=\"font-size: 18pt;\"><strong>2<\/strong><\/span> <\/span><strong><span style=\"font-family: arial, helvetica, sans-serif; font-size: 12pt;\">Rentner <\/span><\/strong><\/p>\n<p style=\"text-align: justify; padding-left: 40px;\"><span style=\"font-family: arial, helvetica, sans-serif; font-size: 12pt;\">lenken unser Versorgungswerk, gest\u00fctzt auf einen \u00fcberbordenden Apparat hochbezahlter externer Berater, sowie einigen unerfahrenen und \u00fcberforderten VA-Mitgliedern. Dohmeier ist seit fast 20 Jahren Mitglied in der VV und hat auch gerne das Sitzungsgeld daf\u00fcr eingestrichen. Sagt aber, er f\u00fchle sich von Anfang an uninformiert, wei\u00df deshalb nach eigener Aussage von nichts, hat nie etwas gewusst, wei\u00df aber sicher, dass er selbst f\u00fcr nichts Verantwortung tr\u00e4gt. Wie bei Teflon, alles soll an ihm abperlen. Dabei ist er mit 79 Jahren das \u00e4lteste und erfahrenste Mitglied der VV. Als dessen vorsitzendes Mitglied schlie\u00dft er jedoch bewusst missliebige Vertreter von vorbereitenden VV-Zusammenk\u00fcnften aus. Wer fast 20 Jahre \u201enichts merkt\u201c, ist kein \u201eAufkl\u00e4rer\u201c und zu<\/span><\/p>\n<p style=\"text-align: justify;\"><span style=\"font-family: arial, helvetica, sans-serif; font-size: 12pt;\"><strong><span style=\"font-size: 18pt;\">0<\/span><\/strong> % <\/span><span style=\"font-family: arial, helvetica, sans-serif; font-size: 12pt;\"><strong>geeignet,<\/strong> <\/span><\/p>\n<p style=\"text-align: justify; padding-left: 40px;\"><span style=\"font-family: arial, helvetica, sans-serif; font-size: 12pt;\">um bei einer n\u00f6tigen Reform unseres Versorgungswerks eine Rolle zu spielen. Klutke hat sich als stellvertretender Vorsitzender mit seinem VA nicht f\u00fcr werterhaltende und marktschonende Exits bei den in Frage kommenden Beteiligungen des VZB eingesetzt, sondern f\u00fcr Insolvenzen nach sich ziehende. Damit steht er und sein jetziger VA f\u00fcr etwaig dadurch bedingte Abschreibungen in der Verantwortung. Nat\u00fcrlich werden er und seine Kostg\u00e4nger versuchen, diese Verluste so buchen zu lassen, das daf\u00fcr andere beschuldigt werden k\u00f6nnen.<\/span><\/p>\n<p>&nbsp;<\/p>\n<p><img loading=\"lazy\" decoding=\"async\" class=\"aligncenter size-full wp-image-48766\" src=\"https:\/\/iuzb.de\/wp-content\/uploads\/2025\/09\/IUZB-Logo-mit-Herz.png\" alt=\"\" width=\"707\" height=\"144\" srcset=\"https:\/\/iuzb.de\/wp-content\/uploads\/2025\/09\/IUZB-Logo-mit-Herz.png 707w, https:\/\/iuzb.de\/wp-content\/uploads\/2025\/09\/IUZB-Logo-mit-Herz-450x92.png 450w, https:\/\/iuzb.de\/wp-content\/uploads\/2025\/09\/IUZB-Logo-mit-Herz-330x67.png 330w\" sizes=\"auto, (max-width: 707px) 100vw, 707px\" \/><\/p>\n","protected":false},"excerpt":{"rendered":"<p>BUZ-2= 0 (..oder was sich hinter dieser Abk\u00fcrzung wirklich verbirgt) &nbsp; Beleidigend und vorverurteilend. Es werden immer wieder unbewiesene Vorw\u00fcrfe als Tatsachen ver\u00f6ffentlicht. Und Kollegen werden trotz bestehender Unschuldsvermutung pauschal [&#8230;]<\/p>\n","protected":false},"author":13,"featured_media":41613,"comment_status":"closed","ping_status":"closed","sticky":false,"template":"","format":"standard","meta":{"ngg_post_thumbnail":0,"iawp_total_views":39,"footnotes":""},"categories":[242,367,47],"tags":[],"class_list":["post-48739","post","type-post","status-publish","format-standard","has-post-thumbnail","hentry","category-infobriefe","category-kammerwahl-2025","category-versorgungswerk-vzb"],"_links":{"self":[{"href":"https:\/\/iuzb.de\/index.php?rest_route=\/wp\/v2\/posts\/48739","targetHints":{"allow":["GET"]}}],"collection":[{"href":"https:\/\/iuzb.de\/index.php?rest_route=\/wp\/v2\/posts"}],"about":[{"href":"https:\/\/iuzb.de\/index.php?rest_route=\/wp\/v2\/types\/post"}],"author":[{"embeddable":true,"href":"https:\/\/iuzb.de\/index.php?rest_route=\/wp\/v2\/users\/13"}],"replies":[{"embeddable":true,"href":"https:\/\/iuzb.de\/index.php?rest_route=%2Fwp%2Fv2%2Fcomments&post=48739"}],"version-history":[{"count":34,"href":"https:\/\/iuzb.de\/index.php?rest_route=\/wp\/v2\/posts\/48739\/revisions"}],"predecessor-version":[{"id":48782,"href":"https:\/\/iuzb.de\/index.php?rest_route=\/wp\/v2\/posts\/48739\/revisions\/48782"}],"wp:featuredmedia":[{"embeddable":true,"href":"https:\/\/iuzb.de\/index.php?rest_route=\/wp\/v2\/media\/41613"}],"wp:attachment":[{"href":"https:\/\/iuzb.de\/index.php?rest_route=%2Fwp%2Fv2%2Fmedia&parent=48739"}],"wp:term":[{"taxonomy":"category","embeddable":true,"href":"https:\/\/iuzb.de\/index.php?rest_route=%2Fwp%2Fv2%2Fcategories&post=48739"},{"taxonomy":"post_tag","embeddable":true,"href":"https:\/\/iuzb.de\/index.php?rest_route=%2Fwp%2Fv2%2Ftags&post=48739"}],"curies":[{"name":"wp","href":"https:\/\/api.w.org\/{rel}","templated":true}]}}