{"id":48646,"date":"2025-09-13T16:25:40","date_gmt":"2025-09-13T14:25:40","guid":{"rendered":"https:\/\/iuzb.de\/?p=48646"},"modified":"2025-11-03T07:54:59","modified_gmt":"2025-11-03T06:54:59","slug":"vzb-sechs-vertreter-innen-aus-allen-drei-kammerbereichen-verlangen-zusaetzliche-vv","status":"publish","type":"post","link":"https:\/\/iuzb.de\/?p=48646","title":{"rendered":"6 Vertreter\/innen aus allen 3 Kammerbereichen verlangen zus\u00e4tzliche Vertreterversammlung"},"content":{"rendered":"<p style=\"text-align: justify;\"><span style=\"font-family: arial, helvetica, sans-serif; font-size: 12pt;\">Nach der <a href=\"https:\/\/www.vzberlin.org\/_files\/Satzung_i_d_F_vom_30_11_2019_D.2023.pdf\" target=\"_blank\" rel=\"noopener\">Satzung<\/a> muss eine Vertreterversammlung einberufen werden, wenn <\/span><span style=\"font-family: arial, helvetica, sans-serif; font-size: 12pt;\">&#8222;<strong>mindestens ein Drittel der Mitglieder der Vertreterversammlung<\/strong> &#8230; <strong>dies verlangt.<\/strong>\u201c<\/span><\/p>\n<p style=\"text-align: justify;\"><span style=\"font-family: arial, helvetica, sans-serif; font-size: 12pt;\">Dies ist am 10.09.2025 geschehen. Da<\/span><\/p>\n<ul style=\"text-align: justify;\">\n<li><span style=\"font-family: arial, helvetica, sans-serif; font-size: 12pt;\">bereits&nbsp;<a href=\"https:\/\/iuzb.de\/?p=47850\" target=\"_blank\" rel=\"noopener\">seit dem 12.07.2025<\/a>&nbsp;kein Mitglied aus dem Kammerbereich Bremen mehr im Verwaltungsausschuss vertreten<span style=\"color: #000000;\"> und damit die satzungsgem\u00e4\u00dfe Besetzung nicht mehr gew\u00e4hrleistet ist<\/span><\/span><\/li>\n<li><span style=\"font-family: arial, helvetica, sans-serif; font-size: 12pt;\">und der am 27.07.2025 eingereichte,<span style=\"color: #000000;\"> sehr wichtige <\/span>Fragenkatalog inhaltlich <span style=\"color: #000000;\">durch den VA bis heute <\/span>nicht beantwortet <span style=\"color: #000000;\">wurde<\/span> (<a href=\"https:\/\/iuzb.de\/?p=48359\" target=\"_blank\" rel=\"noopener\">siehe Schriftwechsel<\/a>),&nbsp;<\/span><\/li>\n<\/ul>\n<p style=\"text-align: justify;\"><span style=\"font-family: arial, helvetica, sans-serif; font-size: 12pt;\">haben 6 Vertreterinnen und Vertreter aus allen drei Kammerbereichen:<\/span><\/p>\n<ul style=\"text-align: justify;\">\n<li><span style=\"font-family: arial, helvetica, sans-serif; font-size: 12pt;\">Gneist, Parish und Ronis (Berlin),&nbsp;<\/span><\/li>\n<li><span style=\"font-family: arial, helvetica, sans-serif; font-size: 12pt;\"><span style=\"color: #ff0000;\"><span style=\"color: #000000;\">Dr.<\/span> <\/span>Bundschuh und <span style=\"color: #ff0000;\"><span style=\"color: #000000;\">Dr.<\/span> <\/span>Ermler (Brandenburg) und<\/span><\/li>\n<li><span style=\"font-family: arial, helvetica, sans-serif; font-size: 12pt;\">Schletter (Bremen),<\/span><\/li>\n<\/ul>\n<p style=\"text-align: justify;\"><span style=\"font-family: arial, helvetica, sans-serif; font-size: 12pt;\">welche 50 % der <a href=\"https:\/\/www.vzberlin.org\/organe.php\" target=\"_blank\" rel=\"noopener\">Vertreterversammlung<\/a> stellen, beim Aufsichtsausschuss f\u00fcr den 11. Oktober 2025 eine Vertreterversammlung mit folgender Tagesordnung beantragt.<\/span><\/p>\n<p style=\"text-align: justify;\"><span style=\"font-family: arial, helvetica, sans-serif; font-size: 12pt;\"><u>Tagesordnung:<\/u><\/span><\/p>\n<p style=\"text-align: justify;\"><span style=\"font-family: arial, helvetica, sans-serif; font-size: 12pt;\">1. Bestellung einer Wahlleitung f\u00fcr die Nachwahl eines Bremer Mitglieds f\u00fcr den Verwaltungsausschuss<\/span><\/p>\n<p style=\"text-align: justify;\"><span style=\"font-family: arial, helvetica, sans-serif; font-size: 12pt;\">2. Wahl eines Bremer Mitglieds f\u00fcr den Verwaltungsausschuss<\/span><\/p>\n<p style=\"text-align: justify;\"><span style=\"font-family: arial, helvetica, sans-serif; font-size: 12pt;\">3. Beantwortung der durch 5 der Antragsteller am 23.07.2025 erstmals beim Verwaltungsausschuss eingereichten Fragen durch die Mitglieder des Verwaltungsausschusses [&#8230;]<\/span><\/p>\n<p style=\"text-align: justify;\"><span style=\"font-family: arial, helvetica, sans-serif; font-size: 12pt;\">4. Vorgaben der Rechtsaufsicht und deren Umsetzung<\/span><\/p>\n<p style=\"text-align: justify;\"><span style=\"font-family: arial, helvetica, sans-serif; font-size: 12pt;\">5. Ausblick auf den Jahresabschluss 2024 und das Jahr 2025 unter besonderer Ber\u00fccksichtigung der periodengerechten Abgrenzung von Zu- und Abschreibungen<\/span><\/p>\n<p>&nbsp;<\/p>\n<p style=\"text-align: justify;\"><span style=\"font-family: arial, helvetica, sans-serif; font-size: 12pt;\"><a href=\"https:\/\/iuzb.de\/wp-content\/uploads\/2025\/08\/Gneist-Gerhard-200-2.jpg\"><img loading=\"lazy\" decoding=\"async\" class=\"alignleft wp-image-48402\" src=\"https:\/\/iuzb.de\/wp-content\/uploads\/2025\/08\/Gneist-Gerhard-200-2.jpg\" alt=\"\" width=\"150\" height=\"178\" srcset=\"https:\/\/iuzb.de\/wp-content\/uploads\/2025\/08\/Gneist-Gerhard-200-2.jpg 200w, https:\/\/iuzb.de\/wp-content\/uploads\/2025\/08\/Gneist-Gerhard-200-2-101x120.jpg 101w\" sizes=\"auto, (max-width: 150px) 100vw, 150px\" \/><\/a><\/span><\/p>\n<p>&nbsp;<\/p>\n<p style=\"text-align: justify;\"><strong><span style=\"font-family: arial, helvetica, sans-serif; font-size: 12pt;\"><br \/>\nGerhard Gneist<\/span><\/strong><br \/>\n<span style=\"font-family: arial, helvetica, sans-serif; font-size: 12pt;\">Mitglied der Vertreterversammlung des VZB<\/span><br \/>\n<span style=\"font-family: arial, helvetica, sans-serif; font-size: 12pt;\">1. Vorsitzender IUZB e.V.<\/span><\/p>\n","protected":false},"excerpt":{"rendered":"<p>Nach der Satzung muss eine Vertreterversammlung einberufen werden, wenn &#8222;mindestens ein Drittel der Mitglieder der Vertreterversammlung &#8230; dies verlangt.\u201c Dies ist am 10.09.2025 geschehen. Da bereits&nbsp;seit dem 12.07.2025&nbsp;kein Mitglied aus [&#8230;]<\/p>\n","protected":false},"author":13,"featured_media":48720,"comment_status":"closed","ping_status":"closed","sticky":false,"template":"","format":"standard","meta":{"ngg_post_thumbnail":0,"iawp_total_views":17,"footnotes":""},"categories":[242,47,87],"tags":[],"class_list":["post-48646","post","type-post","status-publish","format-standard","has-post-thumbnail","hentry","category-infobriefe","category-versorgungswerk-vzb","category-vertreterversammlung"],"_links":{"self":[{"href":"https:\/\/iuzb.de\/index.php?rest_route=\/wp\/v2\/posts\/48646","targetHints":{"allow":["GET"]}}],"collection":[{"href":"https:\/\/iuzb.de\/index.php?rest_route=\/wp\/v2\/posts"}],"about":[{"href":"https:\/\/iuzb.de\/index.php?rest_route=\/wp\/v2\/types\/post"}],"author":[{"embeddable":true,"href":"https:\/\/iuzb.de\/index.php?rest_route=\/wp\/v2\/users\/13"}],"replies":[{"embeddable":true,"href":"https:\/\/iuzb.de\/index.php?rest_route=%2Fwp%2Fv2%2Fcomments&post=48646"}],"version-history":[{"count":23,"href":"https:\/\/iuzb.de\/index.php?rest_route=\/wp\/v2\/posts\/48646\/revisions"}],"predecessor-version":[{"id":48717,"href":"https:\/\/iuzb.de\/index.php?rest_route=\/wp\/v2\/posts\/48646\/revisions\/48717"}],"wp:featuredmedia":[{"embeddable":true,"href":"https:\/\/iuzb.de\/index.php?rest_route=\/wp\/v2\/media\/48720"}],"wp:attachment":[{"href":"https:\/\/iuzb.de\/index.php?rest_route=%2Fwp%2Fv2%2Fmedia&parent=48646"}],"wp:term":[{"taxonomy":"category","embeddable":true,"href":"https:\/\/iuzb.de\/index.php?rest_route=%2Fwp%2Fv2%2Fcategories&post=48646"},{"taxonomy":"post_tag","embeddable":true,"href":"https:\/\/iuzb.de\/index.php?rest_route=%2Fwp%2Fv2%2Ftags&post=48646"}],"curies":[{"name":"wp","href":"https:\/\/api.w.org\/{rel}","templated":true}]}}