{"id":48449,"date":"2025-08-29T08:00:47","date_gmt":"2025-08-29T06:00:47","guid":{"rendered":"https:\/\/iuzb.de\/?p=48449"},"modified":"2025-11-03T07:49:52","modified_gmt":"2025-11-03T06:49:52","slug":"helmut-dohmeier-erklaert-uns-die-welt","status":"publish","type":"post","link":"https:\/\/iuzb.de\/?p=48449","title":{"rendered":"Helmut Dohmeier erkl\u00e4rt uns die Welt\u2026"},"content":{"rendered":"<p style=\"text-align: justify;\"><span style=\"font-family: arial, helvetica, sans-serif; font-size: 12pt;\">Vor einiger Zeit haben wir davor gewarnt, dass unser Versorgungswerk vielleicht bald von zwei Rentnern ferngesteuert wird (<a href=\"https:\/\/iuzb.de\/?p=47537\" target=\"_blank\" rel=\"noopener\">Wird unser VZB bald von zwei Rentnern ferngesteuert? \u2013 IUZB<\/a> ). Heute muss man leider konstatieren, dass genau dies eingetreten ist.<\/span><\/p>\n<p style=\"text-align: justify;\"><span style=\"font-family: arial, helvetica, sans-serif; font-size: 12pt;\">Die Website der \u201eehemals unabh\u00e4ngigen Zahn\u00e4rzte Berlins\u201c mutiert zur Propagandab\u00fchne des Verwaltungsausschusses, und Sprachrohr Dohmeier spielt stellvertretend f\u00fcr seinen Buddy Klutke (stellv. Vorsitzender des VA) seinen Part gl\u00e4nzend: Wiederholt Altbekanntes, verkauft Nichtantworten als tiefe Einblicke und nennt das alles Transparenz. &nbsp;In seinem letzten Artikel hat er das tausendfach versandte VA-Rundschreiben vom 4.8.25 unn\u00f6tigerweise nochmal zusammengefasst und jetzt erkl\u00e4rt er uns, dass der VA sehr wohl auf die sehr berechtigten Fragen von 5 Mitgliedern der VV aus allen 3 Kammerbereichen geantwortet h\u00e4tte und wiederholt die einzelnen Nichtantworten. Dabei \u00fcbersieht er, dass auf der gescholtenen IUZB-Seite der gesamte Mailverkehr zwischen den 5 Fragenden und dem VA bereits transparent und einfach nachvollziehbar dargestellt war (<a href=\"https:\/\/iuzb.de\/?p=48359\" target=\"_blank\" rel=\"noopener\">Link)<\/a> und auch im zeitgleichen <a href=\"https:\/\/iuzb.de\/wp-content\/uploads\/2025\/08\/2025-08-21-4.-IUZB-Sonder-Infobrief-zum-VZB-Leider-keine-Transparenz-Neuer-Verwaltungsausschuss-beantwortet-Fragenkatalog-nicht-AUSZUG-.png\" target=\"_blank\" rel=\"noopener\">IUZB Infobrief<\/a> wurde auf die &#8222;Beif\u00fcgung des Diskussionsverlaufs mit dem Vorsitzenden des Verwaltungsausschusses auf unser Webseite&#8220; extra hingewiesen.<\/span><\/p>\n<p style=\"text-align: justify;\"><span style=\"font-family: arial, helvetica, sans-serif; font-size: 12pt;\">Bezeichnend ist auch, was er f\u00fcr \u201eAntworten\u201c h\u00e4lt. Bei ihm w\u00e4re eine Patientenfrage nach einem m\u00f6glichen retinierten und aberrierten Weisheitszahn, mit \u201egehen Sie doch runter zu meinem R\u00f6ntgen-PC, rufen sie sich ihr Bild auf und schauen sie es sich an, dann wissen sie Bescheid\u201c, wohl angemessen beantwortet. Falls das sein Ma\u00df f\u00fcr ausreichende Antworten ist, dann sollten wir uns nicht wundern, wenn der Kollege nach fast 20 Jahren Mitgliedschaft in der VV, sich selbst noch immer als nur \u201eangeblich informiert\u201c ansieht. Er scheint da recht anspruchslos zu sein.<\/span><\/p>\n<p style=\"text-align: justify;\"><span style=\"font-family: arial, helvetica, sans-serif; font-size: 12pt;\">Es ist noch nicht lange her, da hat der Kollege Dohmeier Mails an die 5 fragenden Vertreter verschickt, in denen er nach den Inhalten der gestellten Fragen fragte, da er sie ja nicht kennen w\u00fcrde. Er hielt es f\u00fcr \u201egeboten\u201c, dass auch er \u00fcber diese in Kenntnis gesetzt w\u00fcrde. Dies geb\u00f6te der \u201eGrundsatz kollegialer und demokratischer Gremienarbeit\u201c und w\u00fcrde die notwendige Transparenz schaffen. Diese scheinheilige Bitte nimmt Wunder, da er und Frau J\u00f6dicke regelm\u00e4\u00dfig an informellen Update-Sitzungen mit dem VA teilnehmen und besser \u00fcber das Tagesgesch\u00e4ft und die Entscheidungen des VA\u00b4s informiert sind, als jeder andere Vertreter oder jedes Mitglied des VZB, wahrscheinlich sogar besser als der AA. Dohmeier l\u00e4sst auch unerw\u00e4hnt, dass bei einigen Vorbereitungstreffen f\u00fcr die VV\u00b4s mehrere Vertreter\/innen bewusst ausgeschlossen wurden und er sich nicht f\u00fcr deren Einbezug eingesetzt hat \u2013 eher im Gegenteil.<\/span><\/p>\n<p style=\"text-align: justify;\"><span style=\"font-family: arial, helvetica, sans-serif; font-size: 12pt;\">Das Fazit ist so simpel wie ern\u00fcchternd: Die eigenen Anspr\u00fcche werden routiniert missachtet, und das Hofberichts-Megafon ist auf Dauerschleife gestellt. <strong>Wer sich wirklich informieren will, sollte besser auf die IUZB-Seite schauen \u2013 dort gibt\u2019s die Fakten<\/strong>. <a href=\"https:\/\/iuzb.de\/?p=48020\" target=\"_blank\" rel=\"noopener\">Alles andere ist nur gut getarnte Selbstbespiegelung und Versuch die eigene Verantwortung vergessen zu machen<\/a>.<\/span><\/p>\n<p>&nbsp;<\/p>\n<p><img loading=\"lazy\" decoding=\"async\" class=\"alignleft wp-image-48402\" src=\"https:\/\/iuzb.de\/wp-content\/uploads\/2025\/08\/Gneist-Gerhard-200-2.jpg\" alt=\"\" width=\"150\" height=\"178\" srcset=\"https:\/\/iuzb.de\/wp-content\/uploads\/2025\/08\/Gneist-Gerhard-200-2.jpg 200w, https:\/\/iuzb.de\/wp-content\/uploads\/2025\/08\/Gneist-Gerhard-200-2-101x120.jpg 101w\" sizes=\"auto, (max-width: 150px) 100vw, 150px\" \/><\/p>\n<p>&nbsp;<\/p>\n<p>&nbsp;<\/p>\n<p><strong><span style=\"font-family: arial, helvetica, sans-serif; font-size: 12pt;\">Gerhard Gneist<\/span><\/strong><br \/>\n<span style=\"font-family: arial, helvetica, sans-serif; font-size: 12pt;\">Mitglied der Vertreterversammlung des VZB<\/span><br \/>\n<span style=\"font-family: arial, helvetica, sans-serif; font-size: 12pt;\">1. Vorsitzender IUZB e.V.<\/span><\/p>\n<p>&nbsp;<\/p>\n<p>&nbsp;<\/p>\n<p><span style=\"text-decoration: underline;\"><span style=\"font-family: arial, helvetica, sans-serif; font-size: 12pt;\">Weiterf\u00fchrend:<\/span><\/span><\/p>\n<p><span style=\"font-family: arial, helvetica, sans-serif; font-size: 12pt;\">Der anonymisierte Fragenkatalog wurde inzwischen vom Verband der Zahn\u00e4rztinnen und Zahn\u00e4rzte von Berlin ver\u00f6ffentlicht:<\/span><\/p>\n<ul>\n<li><span style=\"font-family: arial, helvetica, sans-serif; font-size: 12pt;\"><a href=\"https:\/\/www.zahnaerzteverband-berlin.de\/wie-transparent-ist-unser-versorgungswerk-wirklich\/\" target=\"_blank\" rel=\"noopener\">Wie transparent ist unser Versorgungswerk wirklich?<\/a> \/ <\/span><a href=\"https:\/\/www.zahnaerzteverband-berlin.de\/wp-content\/uploads\/2025\/08\/Fragen_5_Vertreter_an_VA_23.07.25.pdf\" target=\"_blank\" rel=\"noopener\"><span style=\"font-family: arial, helvetica, sans-serif; font-size: 12pt;\">Fragenkatalog<\/span><\/a><\/li>\n<\/ul>\n","protected":false},"excerpt":{"rendered":"<p>Vor einiger Zeit haben wir davor gewarnt, dass unser Versorgungswerk vielleicht bald von zwei Rentnern ferngesteuert wird (Wird unser VZB bald von zwei Rentnern ferngesteuert? \u2013 IUZB ). Heute muss [&#8230;]<\/p>\n","protected":false},"author":13,"featured_media":41613,"comment_status":"closed","ping_status":"closed","sticky":false,"template":"","format":"standard","meta":{"ngg_post_thumbnail":0,"iawp_total_views":8,"footnotes":""},"categories":[48,242,47],"tags":[],"class_list":["post-48449","post","type-post","status-publish","format-standard","has-post-thumbnail","hentry","category-iuzb","category-infobriefe","category-versorgungswerk-vzb"],"_links":{"self":[{"href":"https:\/\/iuzb.de\/index.php?rest_route=\/wp\/v2\/posts\/48449","targetHints":{"allow":["GET"]}}],"collection":[{"href":"https:\/\/iuzb.de\/index.php?rest_route=\/wp\/v2\/posts"}],"about":[{"href":"https:\/\/iuzb.de\/index.php?rest_route=\/wp\/v2\/types\/post"}],"author":[{"embeddable":true,"href":"https:\/\/iuzb.de\/index.php?rest_route=\/wp\/v2\/users\/13"}],"replies":[{"embeddable":true,"href":"https:\/\/iuzb.de\/index.php?rest_route=%2Fwp%2Fv2%2Fcomments&post=48449"}],"version-history":[{"count":26,"href":"https:\/\/iuzb.de\/index.php?rest_route=\/wp\/v2\/posts\/48449\/revisions"}],"predecessor-version":[{"id":48482,"href":"https:\/\/iuzb.de\/index.php?rest_route=\/wp\/v2\/posts\/48449\/revisions\/48482"}],"wp:featuredmedia":[{"embeddable":true,"href":"https:\/\/iuzb.de\/index.php?rest_route=\/wp\/v2\/media\/41613"}],"wp:attachment":[{"href":"https:\/\/iuzb.de\/index.php?rest_route=%2Fwp%2Fv2%2Fmedia&parent=48449"}],"wp:term":[{"taxonomy":"category","embeddable":true,"href":"https:\/\/iuzb.de\/index.php?rest_route=%2Fwp%2Fv2%2Fcategories&post=48449"},{"taxonomy":"post_tag","embeddable":true,"href":"https:\/\/iuzb.de\/index.php?rest_route=%2Fwp%2Fv2%2Ftags&post=48449"}],"curies":[{"name":"wp","href":"https:\/\/api.w.org\/{rel}","templated":true}]}}