{"id":47967,"date":"2025-08-01T16:54:33","date_gmt":"2025-08-01T14:54:33","guid":{"rendered":"https:\/\/iuzb.de\/?p=47967"},"modified":"2025-11-06T20:43:28","modified_gmt":"2025-11-06T19:43:28","slug":"vzb-wechsel-in-der-vertreterversammlung","status":"publish","type":"post","link":"https:\/\/iuzb.de\/?p=47967","title":{"rendered":"Wechsel in der Vertreterversammlung des VZB"},"content":{"rendered":"<p><span style=\"font-family: arial, helvetica, sans-serif; font-size: 12pt;\"><a href=\"https:\/\/www.berlin.de\/landesverwaltungsamt\/_assets\/logistikservice\/amtsblatt-fuer-berlin\/abl_2025_32_2089_2152_online.pdf?ts=1754026510\" target=\"_blank\" rel=\"noopener\">Amtsblatt f\u00fcr Berlin vom 01.08.2025<\/a>:<\/span><\/p>\n<blockquote>\n<p style=\"text-align: justify;\"><span style=\"text-decoration: underline;\"><span style=\"font-family: arial, helvetica, sans-serif; font-size: 12pt;\">Zahn\u00e4rztekammer Berlin<\/span><\/span><\/p>\n<p style=\"text-align: justify;\"><span style=\"font-family: arial, helvetica, sans-serif; font-size: 12pt;\">Vertreterversammlung des Versorgungswerkes der Zahn\u00e4rztekammer Berlin<\/span><br \/>\n<span style=\"font-family: arial, helvetica, sans-serif; font-size: 12pt;\">Bekanntmachung vom 22. Juli 2025<\/span><\/p>\n<p style=\"text-align: justify;\"><span style=\"font-family: arial, helvetica, sans-serif; font-size: 12pt;\">Da <strong>Herr<\/strong> <strong>Alexander Klutke<\/strong> seinen Sitz in der Vertreterversammlung des Versorgungswerkes der Zahn\u00e4rztekammer Berlin mit dem Wechsel in den Verwaltungsausschuss des Versorgungswerkes der Z\u00c4K Berlin am 12. Juli 2025 vollzogen hat, ist <strong>Frau Elisabeth Ronis<\/strong>, xxxxx Berlin, gem\u00e4\u00df \u00a7 12 der Wahlordnung zur Wahl der Mitglieder der Vertreterversammlung des Versorgungswerkes der Zahn\u00e4rztekammer Berlin vom 11. Mai 2023 als Mitglied der Vertreterversammlung des Versorgungswerkes der Zahn\u00e4rztekammer Berlin nachger\u00fcckt.<\/span><\/p>\n<\/blockquote>\n<p><span style=\"font-family: arial, helvetica, sans-serif; font-size: 12pt;\">VZB: <\/span><a href=\"https:\/\/www.vzberlin.org\/organe.php\" target=\"_blank\" rel=\"noopener\"><span style=\"font-family: arial, helvetica, sans-serif; font-size: 12pt;\">Organe<\/span><\/a><\/p>\n<p>&nbsp;<\/p>\n","protected":false},"excerpt":{"rendered":"<p>Amtsblatt f\u00fcr Berlin vom 01.08.2025: Zahn\u00e4rztekammer Berlin Vertreterversammlung des Versorgungswerkes der Zahn\u00e4rztekammer Berlin Bekanntmachung vom 22. Juli 2025 Da Herr Alexander Klutke seinen Sitz in der Vertreterversammlung des Versorgungswerkes der [&#8230;]<\/p>\n","protected":false},"author":13,"featured_media":0,"comment_status":"closed","ping_status":"closed","sticky":false,"template":"","format":"standard","meta":{"ngg_post_thumbnail":0,"iawp_total_views":9,"footnotes":""},"categories":[47,87],"tags":[],"class_list":["post-47967","post","type-post","status-publish","format-standard","hentry","category-versorgungswerk-vzb","category-vertreterversammlung"],"_links":{"self":[{"href":"https:\/\/iuzb.de\/index.php?rest_route=\/wp\/v2\/posts\/47967","targetHints":{"allow":["GET"]}}],"collection":[{"href":"https:\/\/iuzb.de\/index.php?rest_route=\/wp\/v2\/posts"}],"about":[{"href":"https:\/\/iuzb.de\/index.php?rest_route=\/wp\/v2\/types\/post"}],"author":[{"embeddable":true,"href":"https:\/\/iuzb.de\/index.php?rest_route=\/wp\/v2\/users\/13"}],"replies":[{"embeddable":true,"href":"https:\/\/iuzb.de\/index.php?rest_route=%2Fwp%2Fv2%2Fcomments&post=47967"}],"version-history":[{"count":8,"href":"https:\/\/iuzb.de\/index.php?rest_route=\/wp\/v2\/posts\/47967\/revisions"}],"predecessor-version":[{"id":50188,"href":"https:\/\/iuzb.de\/index.php?rest_route=\/wp\/v2\/posts\/47967\/revisions\/50188"}],"wp:attachment":[{"href":"https:\/\/iuzb.de\/index.php?rest_route=%2Fwp%2Fv2%2Fmedia&parent=47967"}],"wp:term":[{"taxonomy":"category","embeddable":true,"href":"https:\/\/iuzb.de\/index.php?rest_route=%2Fwp%2Fv2%2Fcategories&post=47967"},{"taxonomy":"post_tag","embeddable":true,"href":"https:\/\/iuzb.de\/index.php?rest_route=%2Fwp%2Fv2%2Ftags&post=47967"}],"curies":[{"name":"wp","href":"https:\/\/api.w.org\/{rel}","templated":true}]}}