{"id":47922,"date":"2025-07-30T15:37:50","date_gmt":"2025-07-30T13:37:50","guid":{"rendered":"https:\/\/iuzb.de\/?p=47922"},"modified":"2025-12-03T15:59:58","modified_gmt":"2025-12-03T14:59:58","slug":"vzb-korrigiert-seine-veroeffentlichung-vom-16-07-25-in-bezug-auf-unseren-kollegen-auf-dr-weiss","status":"publish","type":"post","link":"https:\/\/iuzb.de\/?p=47922","title":{"rendered":"VZB korrigiert seine Ver\u00f6ffentlichung vom 16.07.25 in Bezug auf unseren Kollegen Dr. Wei\u00df"},"content":{"rendered":"<p><span style=\"font-family: arial, helvetica, sans-serif; font-size: 12pt;\"><strong>VZB publizierte gestern ein entsprechendes <\/strong><a href=\"https:\/\/de.wikipedia.org\/wiki\/Erratum\" target=\"_blank\" rel=\"noopener\"><strong>Erratum<\/strong><\/a><a href=\"https:\/\/www.vzberlin.org\/\" target=\"_blank\" rel=\"noopener\"><strong> auf seiner Webseite<\/strong><\/a><\/span><\/p>\n<p style=\"text-align: justify;\"><span style=\"font-family: arial, helvetica, sans-serif; font-size: 12pt;\">Das Versorgungswerk der Zahn\u00e4rztekammer Berlin hatte am 16.07.25 einen Artikel auf seiner Internetpr\u00e4senz ver\u00f6ffentlicht, der die \u00dcberschrift \u201e<em>Aktuelle Lage des VZB 16.07.2025<\/em> -S<em>chadensbegrenzung, Aufkl\u00e4rung und Konsequenzen<\/em>\u201c trug. Diese Ver\u00f6ffentlichung war vom <a href=\"https:\/\/www.vzberlin.org\/organe.php\" target=\"_blank\" rel=\"noopener\">Vorsitzenden des Verwaltungsausschusses<\/a> Herrn Thomas Schieritz unterzeichnet.<\/span><\/p>\n<p style=\"text-align: justify;\"><span style=\"font-family: arial, helvetica, sans-serif; font-size: 12pt;\">Darin wurde behauptet, dass u.a. <em>\u201ePflichtverletzungen und Verst\u00f6\u00dfe gegen gesetzliche und interne Anlagerichtlinien\u201c<\/em>, begangen durch vormalige Mitglieder des Verwaltungsausschusses, festgestellt worden seien und infolgedessen <em>\u201eSchadensersatzanspr\u00fcche gegen die fr\u00fcheren Mitglieder des Verwaltungsausschusses&#8220; <\/em>gepr\u00fcft w\u00fcrden.<\/span><\/p>\n<p style=\"text-align: justify;\"><span style=\"font-family: arial, helvetica, sans-serif; font-size: 12pt;\">Der Name unseres IUZB-Mitglieds Dr. Lutz-Stephan Wei\u00df wurde in diesem Zusammenhang zu Unrecht ebenfalls genannt. Herr Dr. Wei\u00df ist gegen diese fehlerhafte Darstellung auf der VZB-Seite vorgegangen. Infolgedessen wurde die in Frage stehende Ver\u00f6ffentlichung vom VZB zeitnah vom Netz genommen und gestern wurde ein <strong>Erratum<\/strong> mit Richtig- bzw. Klarstellung auf der VZB-Seite ver\u00f6ffentlicht. Diese m\u00f6chten wir hier an dieser Stelle ebenfalls bekanntgeben:<\/span><\/p>\n<p>&nbsp;<\/p>\n<p><a href=\"https:\/\/iuzb.de\/wp-content\/uploads\/2025\/07\/2025-07-29-VZB-Bildschirmfoto-Erratum-Dr.-Weiss-a.jpg\" target=\"_blank\" rel=\"noopener\"><img loading=\"lazy\" decoding=\"async\" class=\"aligncenter wp-image-47935\" src=\"https:\/\/iuzb.de\/wp-content\/uploads\/2025\/07\/2025-07-29-VZB-Bildschirmfoto-Erratum-Dr.-Weiss-a.jpg\" alt=\"\" width=\"1000\" height=\"528\" srcset=\"https:\/\/iuzb.de\/wp-content\/uploads\/2025\/07\/2025-07-29-VZB-Bildschirmfoto-Erratum-Dr.-Weiss-a.jpg 1899w, https:\/\/iuzb.de\/wp-content\/uploads\/2025\/07\/2025-07-29-VZB-Bildschirmfoto-Erratum-Dr.-Weiss-a-450x238.jpg 450w, https:\/\/iuzb.de\/wp-content\/uploads\/2025\/07\/2025-07-29-VZB-Bildschirmfoto-Erratum-Dr.-Weiss-a-227x120.jpg 227w, https:\/\/iuzb.de\/wp-content\/uploads\/2025\/07\/2025-07-29-VZB-Bildschirmfoto-Erratum-Dr.-Weiss-a-768x406.jpg 768w, https:\/\/iuzb.de\/wp-content\/uploads\/2025\/07\/2025-07-29-VZB-Bildschirmfoto-Erratum-Dr.-Weiss-a-1536x811.jpg 1536w\" sizes=\"auto, (max-width: 1000px) 100vw, 1000px\" \/><\/a><\/p>\n<p style=\"text-align: justify;\"><span style=\"font-family: arial, helvetica, sans-serif; font-size: 12pt;\">Es ist wohl davon auszugehen, dass der beanstandete Artikel auch als offizielle Pressemitteilung durch das VZB an verschiedene Medien weitergegeben wurde. Diverse Publikationen, darunter der <a href=\"https:\/\/www.tagesspiegel.de\/berlin\/berliner-wirtschaft\/altersversorgung-der-berliner-zahnarzte-pensionskasse-halt-kurzungen-offenbar-fur-unausweichlich-14038160.html\" target=\"_blank\" rel=\"noopener\">Tagesspiegel<\/a>, die <a href=\"https:\/\/www.wiwo.de\/unternehmen\/dienstleister\/vzb-berlin-zahnaerzte-versorgungswerk-renten-in-gefahr\/100142132.html\" target=\"_blank\" rel=\"noopener\">Wirtschaftswoche<\/a>, <a href=\"https:\/\/www.capital.de\/wirtschaft-politik\/rente-in-gefahr--wie-berliner-zahnaerzte-ihre-altersvorsorge-versenkten-35899534.html\" target=\"_blank\" rel=\"noopener\">Capital<\/a> und <a href=\"https:\/\/www.dpn-online.com\/news\/betriebliche-altersversorgung\/berliner-zahnaerzte-versorgungswerk-warnt-vor-rentenkuerzungen-144197\/\" target=\"_blank\" rel=\"noopener\">dpn\/F.A.Z.<\/a>, greifen den Inhalt auf und geben ihn teilweise w\u00f6rtlich wieder. Auch innerhalb des Kollegenkreises wurden die betreffenden Informationen weiterverbreitet.<\/span><\/p>\n<p style=\"text-align: justify;\"><span style=\"font-family: arial, helvetica, sans-serif; font-size: 12pt;\">Es bleibt nun zu hoffen, dass die Medien und auch berufspolitische Wettbewerber die presserechtliche Ausgewogenheit und Fairness besitzen, ungepr\u00fcft \u00fcbernommene Fehler in der Folgezeit auch zu korrigieren. Denn jedem Kollegen und jeder Kollegin sollte klar sein, dass die Bereitschaft sich f\u00fcr berufsst\u00e4ndische Belange einzusetzen sp\u00e4testens dann verloren geht, wenn ungerechtfertigte Vorw\u00fcrfe unkritisch \u00fcbernommen und verbreitet werden, so dass das Ansehen und der gute Ruf nachhaltig gesch\u00e4digt werden.<\/span><\/p>\n<p>&nbsp;<\/p>\n<p><strong><span style=\"font-family: arial, helvetica, sans-serif; font-size: 12pt;\">Gerhard Gneist<\/span><\/strong><br \/>\n<span style=\"font-family: arial, helvetica, sans-serif; font-size: 12pt;\">1. Vorsitzender IUZB e.V.<\/span><\/p>\n<p><strong><span style=\"font-family: arial, helvetica, sans-serif; font-size: 12pt;\">Dr. J\u00fcrgen Brandt<\/span><\/strong><br \/>\n<span style=\"font-family: arial, helvetica, sans-serif; font-size: 12pt;\">Schatzmeister IUZB e.V.<\/span><\/p>\n<p>&nbsp;<\/p>\n<p>&nbsp;<\/p>\n<p>&nbsp;<\/p>\n<p><span style=\"font-family: arial, helvetica, sans-serif; font-size: 12pt;\">IUZB, <\/span><span style=\"font-family: arial, helvetica, sans-serif; font-size: 12pt;\">02.05.2025: <\/span><\/p>\n<ul>\n<li><a href=\"https:\/\/iuzb.de\/?p=47432\" target=\"_blank\" rel=\"noopener\"><span style=\"font-family: arial, helvetica, sans-serif; font-size: 12pt;\">Zur Amtsniederlegung unseres Kollegen Dr. Lutz-Stephan Wei\u00df als Mitglied des Verwaltungsausschusses des Versorgungswerks der Zahn\u00e4rztekammer Berlin<\/span><\/a><\/li>\n<\/ul>\n<p>&nbsp;<\/p>\n","protected":false},"excerpt":{"rendered":"<p>VZB publizierte gestern ein entsprechendes Erratum auf seiner Webseite Das Versorgungswerk der Zahn\u00e4rztekammer Berlin hatte am 16.07.25 einen Artikel auf seiner Internetpr\u00e4senz ver\u00f6ffentlicht, der die \u00dcberschrift \u201eAktuelle Lage des VZB [&#8230;]<\/p>\n","protected":false},"author":13,"featured_media":50081,"comment_status":"closed","ping_status":"closed","sticky":false,"template":"","format":"standard","meta":{"ngg_post_thumbnail":0,"iawp_total_views":6,"footnotes":""},"categories":[242,47,219],"tags":[],"class_list":["post-47922","post","type-post","status-publish","format-standard","has-post-thumbnail","hentry","category-infobriefe","category-versorgungswerk-vzb","category-verwaltungsausschuss"],"_links":{"self":[{"href":"https:\/\/iuzb.de\/index.php?rest_route=\/wp\/v2\/posts\/47922","targetHints":{"allow":["GET"]}}],"collection":[{"href":"https:\/\/iuzb.de\/index.php?rest_route=\/wp\/v2\/posts"}],"about":[{"href":"https:\/\/iuzb.de\/index.php?rest_route=\/wp\/v2\/types\/post"}],"author":[{"embeddable":true,"href":"https:\/\/iuzb.de\/index.php?rest_route=\/wp\/v2\/users\/13"}],"replies":[{"embeddable":true,"href":"https:\/\/iuzb.de\/index.php?rest_route=%2Fwp%2Fv2%2Fcomments&post=47922"}],"version-history":[{"count":22,"href":"https:\/\/iuzb.de\/index.php?rest_route=\/wp\/v2\/posts\/47922\/revisions"}],"predecessor-version":[{"id":47971,"href":"https:\/\/iuzb.de\/index.php?rest_route=\/wp\/v2\/posts\/47922\/revisions\/47971"}],"wp:featuredmedia":[{"embeddable":true,"href":"https:\/\/iuzb.de\/index.php?rest_route=\/wp\/v2\/media\/50081"}],"wp:attachment":[{"href":"https:\/\/iuzb.de\/index.php?rest_route=%2Fwp%2Fv2%2Fmedia&parent=47922"}],"wp:term":[{"taxonomy":"category","embeddable":true,"href":"https:\/\/iuzb.de\/index.php?rest_route=%2Fwp%2Fv2%2Fcategories&post=47922"},{"taxonomy":"post_tag","embeddable":true,"href":"https:\/\/iuzb.de\/index.php?rest_route=%2Fwp%2Fv2%2Ftags&post=47922"}],"curies":[{"name":"wp","href":"https:\/\/api.w.org\/{rel}","templated":true}]}}