{"id":47842,"date":"2025-07-09T17:00:06","date_gmt":"2025-07-09T15:00:06","guid":{"rendered":"https:\/\/iuzb.de\/?p=47842"},"modified":"2025-09-13T08:59:45","modified_gmt":"2025-09-13T06:59:45","slug":"kammerwahl-2025-wahlzeitraum-19-11-2025-bis-03-12-2025","status":"publish","type":"post","link":"https:\/\/iuzb.de\/?p=47842","title":{"rendered":"Kammerwahl 2025: Wahlzeitraum 19.11.2025 bis 03.12.2025"},"content":{"rendered":"<p><span style=\"font-family: arial, helvetica, sans-serif; font-size: 12pt;\">03.07.2025<\/span><br \/>\n<span style=\"font-family: arial, helvetica, sans-serif; font-size: 12pt;\">Bekanntmachungen zur Wahl <\/span><br \/>\n<span style=\"font-family: arial, helvetica, sans-serif; font-size: 12pt;\">der Mitglieder der Delegiertenversammlung der Zahn\u00e4rztekammer Berlin<\/span><\/p>\n<h2><span style=\"font-family: arial, helvetica, sans-serif;\">Wahlzeit<\/span><\/h2>\n<p><span style=\"font-family: arial, helvetica, sans-serif; font-size: 12pt;\">Der Wahlausschuss hat den Wahlzeitraum gem\u00e4\u00df \u00a7 16 Absatz 1 der Wahlordnung wie folgt festgesetzt:<\/span><\/p>\n<p><span style=\"font-family: arial, helvetica, sans-serif; font-size: 12pt;\"><strong>Mittwoch, 19. November 2025, 15:00 Uhr bis Mittwoch, 3. Dezember 2025, 15:00 Uhr<\/strong><\/span><\/p>\n<p><span style=\"font-family: arial, helvetica, sans-serif; font-size: 12pt;\">Dr. Thomas Kunze,&nbsp;Wahlleiter<\/span><\/p>\n<p><span style=\"font-family: arial, helvetica, sans-serif; font-size: 12pt;\">&#8212;<\/span><\/p>\n<p><span style=\"font-family: arial, helvetica, sans-serif; font-size: 12pt;\">Mehr Infomationen zur Wahl der Mitglieder der Delegiertenversammlung der Zahn\u00e4rztekammer Berlin finden Sie <strong><a href=\"https:\/\/www.zaek-berlin.de\/dateien\/Content\/Dokumente\/%C3%9Cber-uns\/DV\/Wahl_zur_Delegierteversammlung-2025_Informationen_MBZ_7-8_25.pdf\" target=\"_blank\" rel=\"noopener\">HIER<\/a><\/strong>.<\/span><\/p>\n<p>&nbsp;<\/p>\n<p>&nbsp;<\/p>\n<p><span style=\"font-family: arial, helvetica, sans-serif; font-size: 12pt;\">Quelle: <a href=\"https:\/\/www.zaek-berlin.de\/dokumente\/mbz-aktuell\/index.php?catalog=MBZ_7-8_2025\" target=\"_blank\" rel=\"noopener\">MBZ Sommerausgabe 2025<\/a>, Seite 38 und <\/span><a href=\"https:\/\/www.zaek-berlin.de\/presse\/meldungen\/aktuelles\/aktuelles-detail\/article\/bekanntmachungen-zur-wahl.html\" target=\"_blank\" rel=\"noopener\"><span style=\"font-family: arial, helvetica, sans-serif;\"><span style=\"font-size: 12pt;\">Webseite Z\u00c4K Berlin<\/span><\/span><\/a><\/p>\n","protected":false},"excerpt":{"rendered":"<p>03.07.2025 Bekanntmachungen zur Wahl der Mitglieder der Delegiertenversammlung der Zahn\u00e4rztekammer Berlin Wahlzeit Der Wahlausschuss hat den Wahlzeitraum gem\u00e4\u00df \u00a7 16 Absatz 1 der Wahlordnung wie folgt festgesetzt: Mittwoch, 19. November [&#8230;]<\/p>\n","protected":false},"author":13,"featured_media":0,"comment_status":"closed","ping_status":"closed","sticky":false,"template":"","format":"standard","meta":{"ngg_post_thumbnail":0,"iawp_total_views":9,"footnotes":""},"categories":[367,46],"tags":[],"class_list":["post-47842","post","type-post","status-publish","format-standard","hentry","category-kammerwahl-2025","category-zahnaerztekammer-berlin"],"_links":{"self":[{"href":"https:\/\/iuzb.de\/index.php?rest_route=\/wp\/v2\/posts\/47842","targetHints":{"allow":["GET"]}}],"collection":[{"href":"https:\/\/iuzb.de\/index.php?rest_route=\/wp\/v2\/posts"}],"about":[{"href":"https:\/\/iuzb.de\/index.php?rest_route=\/wp\/v2\/types\/post"}],"author":[{"embeddable":true,"href":"https:\/\/iuzb.de\/index.php?rest_route=\/wp\/v2\/users\/13"}],"replies":[{"embeddable":true,"href":"https:\/\/iuzb.de\/index.php?rest_route=%2Fwp%2Fv2%2Fcomments&post=47842"}],"version-history":[{"count":5,"href":"https:\/\/iuzb.de\/index.php?rest_route=\/wp\/v2\/posts\/47842\/revisions"}],"predecessor-version":[{"id":48685,"href":"https:\/\/iuzb.de\/index.php?rest_route=\/wp\/v2\/posts\/47842\/revisions\/48685"}],"wp:attachment":[{"href":"https:\/\/iuzb.de\/index.php?rest_route=%2Fwp%2Fv2%2Fmedia&parent=47842"}],"wp:term":[{"taxonomy":"category","embeddable":true,"href":"https:\/\/iuzb.de\/index.php?rest_route=%2Fwp%2Fv2%2Fcategories&post=47842"},{"taxonomy":"post_tag","embeddable":true,"href":"https:\/\/iuzb.de\/index.php?rest_route=%2Fwp%2Fv2%2Ftags&post=47842"}],"curies":[{"name":"wp","href":"https:\/\/api.w.org\/{rel}","templated":true}]}}