{"id":47537,"date":"2025-05-15T11:56:31","date_gmt":"2025-05-15T09:56:31","guid":{"rendered":"https:\/\/iuzb.de\/?p=47537"},"modified":"2025-11-03T07:56:18","modified_gmt":"2025-11-03T06:56:18","slug":"wird-unser-vzb-bald-von-zwei-rentnern-ferngesteuert","status":"publish","type":"post","link":"https:\/\/iuzb.de\/?p=47537","title":{"rendered":"Wird unser VZB bald von zwei Rentnern ferngesteuert?"},"content":{"rendered":"<p style=\"text-align: justify;\"><span style=\"font-family: arial, helvetica, sans-serif; font-size: 12pt;\">Die Vertreterversammlung hat am <a href=\"https:\/\/iuzb.de\/?p=47332\" target=\"_blank\" rel=\"noopener\">5.4.2025<\/a> mit 9 zu 3 Stimmen den Kieferchirurgen Schieritz zum Vorsitzenden des Verwaltungsausschusses unseres zahn\u00e4rztlichen <\/span><span style=\"font-family: arial, helvetica, sans-serif; font-size: 12pt;\">Versorgungswerks gew\u00e4hlt. Der Vorsitzende bekleidet eine zentrale, wichtige und <\/span><span style=\"font-family: arial, helvetica, sans-serif; font-size: 12pt;\">richtungsgebende Rolle in unserem Versorgungswerk. Was k\u00f6nnte die 7 Vertreter dazu <\/span><span style=\"font-family: arial, helvetica, sans-serif; font-size: 12pt;\">bewegt haben, den Strippenziehern Klutke und Dohmeier, beide Rentenbezieher <\/span><span style=\"font-family: arial, helvetica, sans-serif; font-size: 12pt;\">unseres VZB, zu folgen und Herrn Schieritz unser Versorgungswerk anzuvertrauen?<\/span><\/p>\n<p style=\"text-align: justify; padding-left: 40px;\"><span style=\"font-family: arial, helvetica, sans-serif; font-size: 12pt;\">1. Zahlt der gew\u00e4hlte \u00e4rztliche Kollege seine Beitr\u00e4ge zur berufsst\u00e4ndischen <\/span><span style=\"font-family: arial, helvetica, sans-serif; font-size: 12pt;\">Altersversorgung in unser VZB ein?<\/span><br \/>\n<span style=\"font-family: arial, helvetica, sans-serif; font-size: 12pt;\">Nein.<\/span><\/p>\n<p style=\"text-align: justify; padding-left: 40px;\"><span style=\"font-family: arial, helvetica, sans-serif; font-size: 12pt;\">2. Haben die von ihm zu f\u00e4llenden Entscheidungen im VZB Auswirkungen auf seine <\/span><span style=\"font-family: arial, helvetica, sans-serif; font-size: 12pt;\">eigene Altersversorgung, bzw. trifft ihn das \u201eWohl\u201c und \u201eWehe\u201c seiner eigenen <\/span><span style=\"font-family: arial, helvetica, sans-serif; font-size: 12pt;\">Handlungen im VA?<\/span><br \/>\n<span style=\"font-family: arial, helvetica, sans-serif; font-size: 12pt;\">Nein.<\/span><\/p>\n<p style=\"text-align: justify; padding-left: 40px;\"><span style=\"font-family: arial, helvetica, sans-serif; font-size: 12pt;\">3. Hat der Kollege langj\u00e4hrige Erfahrungen als Mitglied der Delegiertenversammlung <\/span><span style=\"font-family: arial, helvetica, sans-serif; font-size: 12pt;\">(DV) oder der Vertreterversammlung (VV) des Versorgungswerk der <\/span><span style=\"font-family: arial, helvetica, sans-serif; font-size: 12pt;\">Zahn\u00e4rztekammer Berlin (VZB)?<\/span><br \/>\n<span style=\"font-family: arial, helvetica, sans-serif; font-size: 12pt;\">Nein.<\/span><\/p>\n<p style=\"text-align: justify; padding-left: 40px;\"><span style=\"font-family: arial, helvetica, sans-serif; font-size: 12pt;\">4. Hat der Kollege durch regelm\u00e4\u00dfige und \u00fcber einen l\u00e4ngeren Zeitraum <\/span><span style=\"font-family: arial, helvetica, sans-serif; font-size: 12pt;\">wahrgenommene Besuche der VZB-Vertreterversammlungen, zumindest als <\/span><span style=\"font-family: arial, helvetica, sans-serif; font-size: 12pt;\">Gast, Interesse an den versorgungswerkbezogenen Themen gezeigt?<\/span><br \/>\n<span style=\"font-family: arial, helvetica, sans-serif; font-size: 12pt;\">Nein.<\/span><\/p>\n<p style=\"text-align: justify; padding-left: 40px;\"><span style=\"font-family: arial, helvetica, sans-serif; font-size: 12pt;\">5. Hat sich der Kollege anderweitig in den berufsst\u00e4ndisch-zahn\u00e4rztlichen Gremien <\/span><span style=\"font-family: arial, helvetica, sans-serif; font-size: 12pt;\">besonders engagiert?<\/span><br \/>\n<span style=\"font-family: arial, helvetica, sans-serif; font-size: 12pt;\">Falls man das Verlesen der von den Kollegen Klutke und Dohmeier ma\u00dfgeblich <\/span><span style=\"font-family: arial, helvetica, sans-serif; font-size: 12pt;\">verfassten Berichte des Rechnungspr\u00fcfungsausschusses als \u201eEngagement\u201c <\/span><span style=\"font-family: arial, helvetica, sans-serif; font-size: 12pt;\">ansehen will, ja, ein wenig.<\/span><\/p>\n<p style=\"text-align: justify; padding-left: 40px;\"><span style=\"font-family: arial, helvetica, sans-serif; font-size: 12pt;\">6. Verf\u00fcgt der Kollege \u00fcber eine betriebswirtschaftliche oder eine andere f\u00fcr seine <\/span><span style=\"font-family: arial, helvetica, sans-serif; font-size: 12pt;\">F\u00fchrungsaufgabe im VZB hilfreiche zus\u00e4tzliche Fachexpertise?<\/span><br \/>\n<span style=\"font-family: arial, helvetica, sans-serif; font-size: 12pt;\">Nein!<\/span><\/p>\n<p style=\"text-align: justify;\"><span style=\"font-family: arial, helvetica, sans-serif; font-size: 12pt;\">Es gibt demnach keine, f\u00fcr die Mitglieder des VZB objektiv nachvollziehbaren Gr\u00fcnde f\u00fcr <\/span><span style=\"font-family: arial, helvetica, sans-serif; font-size: 12pt;\">die Wahl des \u00e4rztlichen Kollegen Schieritz zum VA-Vorsitzenden, denn die f\u00fcr diese <\/span><span style=\"font-family: arial, helvetica, sans-serif; font-size: 12pt;\">Aufgabe n\u00f6tigen Kompetenzen, Erfahrungen und F\u00e4higkeiten fehlen ihm. Warum also <\/span><span style=\"font-family: arial, helvetica, sans-serif; font-size: 12pt;\">wurde er gew\u00e4hlt?<\/span><\/p>\n<p style=\"text-align: justify;\"><span style=\"font-family: arial, helvetica, sans-serif; font-size: 12pt;\">Die Spatzen pfeifen es nach gut 6 Wochen Amtszeit von den D\u00e4chern: er agiert als <\/span><span style=\"font-family: arial, helvetica, sans-serif; font-size: 12pt;\">willf\u00e4hriger Erf\u00fcllungsgehilfe und als verl\u00e4ngerter Arm der Vertreter Klutke und <\/span><span style=\"font-family: arial, helvetica, sans-serif; font-size: 12pt;\">Dohmeier. Denn ohne das Endergebnis, der im Konsens aller Gremien beauftragten <\/span><span style=\"font-family: arial, helvetica, sans-serif; font-size: 12pt;\">unabh\u00e4ngigen Untersuchung abzuwarten, setzt er die ihm von au\u00dfen souflierten <\/span><span style=\"font-family: arial, helvetica, sans-serif; font-size: 12pt;\">Auftr\u00e4ge ohne R\u00fccksicht auf Verluste im Alleingang um, auch gegen bestehende und <\/span><span style=\"font-family: arial, helvetica, sans-serif; font-size: 12pt;\">bindende Mehrheitsbeschl\u00fcsse des Verwaltungsausschusses, entgegen der Satzung <\/span><span style=\"font-family: arial, helvetica, sans-serif; font-size: 12pt;\">und entgegen bestehenden vertraglichen Verpflichtungen. So manchem kommt da das <\/span><span style=\"font-family: arial, helvetica, sans-serif; font-size: 12pt;\">Bild einer Abrissbirne in den Sinn.<\/span><\/p>\n<p style=\"text-align: justify;\"><span style=\"font-family: arial, helvetica, sans-serif; font-size: 12pt;\">Da das schnelle Fakten schaffen im Sinne seiner Seilschaft offensichtlich nicht schnell <\/span><span style=\"font-family: arial, helvetica, sans-serif; font-size: 12pt;\">genug geht, soll jetzt, in einer eilig neu f\u00fcr den <a href=\"https:\/\/iuzb.de\/?p=47468\" target=\"_blank\" rel=\"noopener\">24.5.2025<\/a> einberufenen <\/span><span style=\"font-family: arial, helvetica, sans-serif; font-size: 12pt;\">Vertreterversammlung flugs die Abwahl der noch verbliebenen und \u201est\u00f6renden\u201c <\/span><span style=\"font-family: arial, helvetica, sans-serif; font-size: 12pt;\">Mitglieder des Verwaltungsausschusses nachgeholt werden. Dann haben der <\/span><span style=\"font-family: arial, helvetica, sans-serif; font-size: 12pt;\">Oralchirurg Klutke, sein von ihm geheim gehaltener Ghostwriter und Co. freie Bahn zur <\/span><span style=\"font-family: arial, helvetica, sans-serif; font-size: 12pt;\">Kaperung unseres VZB. Die Gesch\u00e4ftspartner, die bisher dem VZB noch nicht den <\/span><span style=\"font-family: arial, helvetica, sans-serif; font-size: 12pt;\">R\u00fccken gekehrt haben, werden sich dann die Augen reiben, ebenso die <\/span><span style=\"font-family: arial, helvetica, sans-serif; font-size: 12pt;\">Senatsverwaltung und unser VZB k\u00f6nnte dann ins Wanken geraten. <strong>Es bleibt zu hoffen, <\/strong><\/span><span style=\"font-family: arial, helvetica, sans-serif; font-size: 12pt;\"><strong>dass sich am 24.5. eine Allianz der Vernunft unter den Vertretern und Vertreterinnen <\/strong><strong>bildet, die ein solches ferngesteuertes Desaster verhindert.<\/strong><\/span><\/p>\n<p style=\"text-align: justify;\"><span style=\"font-family: arial, helvetica, sans-serif; font-size: 12pt;\">\u00dcbrigens, der Kollege Schieritz und seine Strategen scheinen untersch\u00e4tzt zu haben, <\/span><span style=\"font-family: arial, helvetica, sans-serif; font-size: 12pt;\">wieviel Zeit die neue Aufgabe als VA-Vorsitzender fordert. So musste er sich aus von ihm <\/span><span style=\"font-family: arial, helvetica, sans-serif; font-size: 12pt;\">selbst anberaumten Sitzungen im VZB vorzeitig verabschieden, weil er in seiner eigenen <\/span><span style=\"font-family: arial, helvetica, sans-serif; font-size: 12pt;\">Praxis bereits Patienten einbestellt hatte und dies an einem Mittwoch, der eigentlich <\/span><span style=\"font-family: arial, helvetica, sans-serif; font-size: 12pt;\">ganzt\u00e4gig dem VZB geh\u00f6ren sollte. Zuk\u00fcnftig soll das m\u00f6glichst vermieden werden, da <\/span><span style=\"font-family: arial, helvetica, sans-serif; font-size: 12pt;\">es wohl einen befreundeten Oralchirurgen im Rentenalter geben soll, der dann in der <\/span><span style=\"font-family: arial, helvetica, sans-serif; font-size: 12pt;\">Praxis Schieritz die Vertretung sicherstellt.<\/span><\/p>\n<p style=\"text-align: justify;\"><span style=\"font-family: arial, helvetica, sans-serif; font-size: 12pt;\">Folgendes sollte vielleicht auch nicht unerw\u00e4hnt bleiben: Zu Beginn der Legislatur <\/span><span style=\"font-family: arial, helvetica, sans-serif; font-size: 12pt;\">musste aus nachvollziehbaren Gr\u00fcnden jedes Mitglied im Verwaltungs- und <\/span><span style=\"font-family: arial, helvetica, sans-serif; font-size: 12pt;\">Aufsichtsausschuss verschiedene Selbstausk\u00fcnfte vorlegen (polizeiliches <\/span><span style=\"font-family: arial, helvetica, sans-serif; font-size: 12pt;\">F\u00fchrungszeugnis, SCHUFA-Auskunft bzw. -Scoring, Gewerbezentralregister-Auskunft <\/span><span style=\"font-family: arial, helvetica, sans-serif; font-size: 12pt;\">u.a.). Dasselbe Erfordernis gilt f\u00fcr nachr\u00fcckende Ausschussmitglieder. Vielleicht fragen <\/span><span style=\"font-family: arial, helvetica, sans-serif; font-size: 12pt;\">Sie mal den jetzigen Vorsitzenden des Verwaltungsausschusses, ob auch er seine <\/span><span style=\"font-family: arial, helvetica, sans-serif; font-size: 12pt;\">diesbez\u00fcglichen Unterlagen mittlerweile beigebracht hat?<\/span><\/p>\n<p>&nbsp;<\/p>\n<p><img loading=\"lazy\" decoding=\"async\" class=\"wp-image-38383 alignleft\" src=\"https:\/\/iuzb.de\/wp-content\/uploads\/2022\/04\/01_Portraits_Gneist-scaled-1-248x300-1.jpg\" alt=\"\" width=\"150\" height=\"181\" srcset=\"https:\/\/iuzb.de\/wp-content\/uploads\/2022\/04\/01_Portraits_Gneist-scaled-1-248x300-1.jpg 248w, https:\/\/iuzb.de\/wp-content\/uploads\/2022\/04\/01_Portraits_Gneist-scaled-1-248x300-1-99x120.jpg 99w\" sizes=\"auto, (max-width: 150px) 100vw, 150px\" \/><\/p>\n<p>&nbsp;<\/p>\n<p><span style=\"font-family: arial, helvetica, sans-serif; font-size: 12pt;\"><strong>Gerhard Gneist<\/strong><\/span><\/p>\n<p><span style=\"font-family: arial, helvetica, sans-serif; font-size: 12pt;\">Mitglied der Vertreterversammlung des VZB<\/span><br \/>\n<span style=\"font-family: arial, helvetica, sans-serif; font-size: 12pt;\">1. Vorsitzender IUZB e.V.<\/span><\/p>\n<p>&nbsp;<\/p>\n<p>&nbsp;<\/p>\n<p>&nbsp;<\/p>\n","protected":false},"excerpt":{"rendered":"<p>Die Vertreterversammlung hat am 5.4.2025 mit 9 zu 3 Stimmen den Kieferchirurgen Schieritz zum Vorsitzenden des Verwaltungsausschusses unseres zahn\u00e4rztlichen Versorgungswerks gew\u00e4hlt. Der Vorsitzende bekleidet eine zentrale, wichtige und richtungsgebende Rolle [&#8230;]<\/p>\n","protected":false},"author":13,"featured_media":41613,"comment_status":"closed","ping_status":"closed","sticky":false,"template":"","format":"standard","meta":{"ngg_post_thumbnail":0,"iawp_total_views":18,"footnotes":""},"categories":[242,47,219],"tags":[],"class_list":["post-47537","post","type-post","status-publish","format-standard","has-post-thumbnail","hentry","category-infobriefe","category-versorgungswerk-vzb","category-verwaltungsausschuss"],"_links":{"self":[{"href":"https:\/\/iuzb.de\/index.php?rest_route=\/wp\/v2\/posts\/47537","targetHints":{"allow":["GET"]}}],"collection":[{"href":"https:\/\/iuzb.de\/index.php?rest_route=\/wp\/v2\/posts"}],"about":[{"href":"https:\/\/iuzb.de\/index.php?rest_route=\/wp\/v2\/types\/post"}],"author":[{"embeddable":true,"href":"https:\/\/iuzb.de\/index.php?rest_route=\/wp\/v2\/users\/13"}],"replies":[{"embeddable":true,"href":"https:\/\/iuzb.de\/index.php?rest_route=%2Fwp%2Fv2%2Fcomments&post=47537"}],"version-history":[{"count":8,"href":"https:\/\/iuzb.de\/index.php?rest_route=\/wp\/v2\/posts\/47537\/revisions"}],"predecessor-version":[{"id":48559,"href":"https:\/\/iuzb.de\/index.php?rest_route=\/wp\/v2\/posts\/47537\/revisions\/48559"}],"wp:featuredmedia":[{"embeddable":true,"href":"https:\/\/iuzb.de\/index.php?rest_route=\/wp\/v2\/media\/41613"}],"wp:attachment":[{"href":"https:\/\/iuzb.de\/index.php?rest_route=%2Fwp%2Fv2%2Fmedia&parent=47537"}],"wp:term":[{"taxonomy":"category","embeddable":true,"href":"https:\/\/iuzb.de\/index.php?rest_route=%2Fwp%2Fv2%2Fcategories&post=47537"},{"taxonomy":"post_tag","embeddable":true,"href":"https:\/\/iuzb.de\/index.php?rest_route=%2Fwp%2Fv2%2Ftags&post=47537"}],"curies":[{"name":"wp","href":"https:\/\/api.w.org\/{rel}","templated":true}]}}