{"id":47472,"date":"2025-05-07T21:54:02","date_gmt":"2025-05-07T19:54:02","guid":{"rendered":"https:\/\/iuzb.de\/?p=47472"},"modified":"2025-05-23T14:43:29","modified_gmt":"2025-05-23T12:43:29","slug":"13-02-2025-einladung-zur-delegiertenversammlung-zaek-berlin-2","status":"publish","type":"post","link":"https:\/\/iuzb.de\/?p=47472","title":{"rendered":"22.05.2025: Einladung zur Delegiertenversammlung Z\u00c4K Berlin"},"content":{"rendered":"<p><img loading=\"lazy\" decoding=\"async\" class=\"alignnone wp-image-47473\" src=\"https:\/\/iuzb.de\/wp-content\/uploads\/2025\/05\/2025-05-22-Einladung-DV-ZAeK-Berlin.jpg\" alt=\"\" width=\"640\" height=\"299\" srcset=\"https:\/\/iuzb.de\/wp-content\/uploads\/2025\/05\/2025-05-22-Einladung-DV-ZAeK-Berlin.jpg 906w, https:\/\/iuzb.de\/wp-content\/uploads\/2025\/05\/2025-05-22-Einladung-DV-ZAeK-Berlin-450x210.jpg 450w, https:\/\/iuzb.de\/wp-content\/uploads\/2025\/05\/2025-05-22-Einladung-DV-ZAeK-Berlin-257x120.jpg 257w, https:\/\/iuzb.de\/wp-content\/uploads\/2025\/05\/2025-05-22-Einladung-DV-ZAeK-Berlin-768x359.jpg 768w\" sizes=\"auto, (max-width: 640px) 100vw, 640px\" \/><\/p>\n<p>&nbsp;<\/p>\n<p><span style=\"font-family: arial, helvetica, sans-serif; font-size: 12pt;\">Tagesordnung:<\/span><\/p>\n<table style=\"border-collapse: collapse; width: 100%;\">\n<tbody>\n<tr>\n<td style=\"width: 6.76187%;\"><span style=\"font-family: arial, helvetica, sans-serif; font-size: 12pt;\">1.<\/span><\/td>\n<td style=\"width: 68.3334%;\"><span style=\"font-family: arial, helvetica, sans-serif; font-size: 12pt;\">Begr\u00fc\u00dfung, Ehrung der Verstorbenen<\/span><\/td>\n<td style=\"width: 24.9046%;\">&nbsp;<\/td>\n<\/tr>\n<tr>\n<td style=\"width: 6.76187%;\"><span style=\"font-family: arial, helvetica, sans-serif; font-size: 12pt;\">2.<\/span><\/td>\n<td style=\"width: 68.3334%;\"><span style=\"font-family: arial, helvetica, sans-serif; font-size: 12pt;\">Protokollgenehmigung, Einspr\u00fcche<\/span><\/td>\n<td style=\"width: 24.9046%;\">&nbsp;<\/td>\n<\/tr>\n<tr>\n<td style=\"width: 6.76187%;\"><span style=\"font-family: arial, helvetica, sans-serif; font-size: 12pt;\">3.<\/span><\/td>\n<td style=\"width: 68.3334%;\"><span style=\"font-family: arial, helvetica, sans-serif; font-size: 12pt;\">Bericht Versorgungswerk<\/span><\/td>\n<td style=\"width: 24.9046%;\"><span style=\"font-family: arial, helvetica, sans-serif; font-size: 12pt;\">Gast <a href=\"https:\/\/www.vzberlin.org\/organe.php\" target=\"_blank\" rel=\"noopener\">Herr Schieritz<\/a><\/span><\/td>\n<\/tr>\n<tr>\n<td style=\"width: 6.76187%;\"><span style=\"font-family: arial, helvetica, sans-serif; font-size: 12pt;\">4.<\/span><\/td>\n<td style=\"width: 68.3334%;\"><span style=\"font-family: arial, helvetica, sans-serif; font-size: 12pt;\">Bericht Philipp-Pfaff-Institut<\/span><\/td>\n<td style=\"width: 24.9046%;\"><span style=\"font-family: arial, helvetica, sans-serif; font-size: 12pt;\">Gast <a href=\"https:\/\/www.pfaff-berlin.de\/ihre-ansprechpartner-am-philipp-pfaff-institut\/\" target=\"_blank\" rel=\"noopener\">Herr Lauerwald<\/a><\/span><\/td>\n<\/tr>\n<tr>\n<td style=\"width: 6.76187%;\"><span style=\"font-family: arial, helvetica, sans-serif; font-size: 12pt;\">5.<\/span><\/td>\n<td style=\"width: 68.3334%;\"><span style=\"font-family: arial, helvetica, sans-serif; font-size: 12pt;\">Bericht des Vorstandes<\/span><\/td>\n<td style=\"width: 24.9046%;\">&nbsp;<\/td>\n<\/tr>\n<tr>\n<td style=\"width: 6.76187%;\"><span style=\"font-family: arial, helvetica, sans-serif; font-size: 12pt;\">6.<\/span><\/td>\n<td style=\"width: 68.3334%;\"><span style=\"font-family: arial, helvetica, sans-serif; font-size: 12pt;\">Fragestunde<\/span><\/td>\n<td style=\"width: 24.9046%;\">&nbsp;<\/td>\n<\/tr>\n<tr>\n<td style=\"width: 6.76187%; text-align: left; vertical-align: top;\"><span style=\"font-family: arial, helvetica, sans-serif; font-size: 12pt;\">7.<\/span><\/td>\n<td style=\"width: 68.3334%; text-align: left; vertical-align: top;\"><span style=\"font-family: arial, helvetica, sans-serif; font-size: 12pt;\">Antr\u00e4ge<\/span><br \/>\n<span style=\"font-family: arial, helvetica, sans-serif; font-size: 12pt;\">a. Entsch\u00e4digungssatzung<\/span><br \/>\n<span style=\"font-family: arial, helvetica, sans-serif; font-size: 12pt;\">b. \u00c4nderungsentwurf Hauptsatzung<\/span><br \/>\n<span style=\"font-family: arial, helvetica, sans-serif; font-size: 12pt;\">c. \u00c4nderungsentwurf Gesch\u00e4ftsordnung DV <\/span><br \/>\n<span style=\"font-family: arial, helvetica, sans-serif; font-size: 12pt;\">d. Wahl des Wahlpr\u00fcfungsausschusses<\/span><br \/>\n<span style=\"font-family: arial, helvetica, sans-serif; font-size: 12pt;\">e. Reduzierung Anzahl Delegierten zur Bundesversammlung der BZ\u00c4K<\/span><\/td>\n<td style=\"width: 24.9046%; text-align: left; vertical-align: top;\"><span style=\"font-family: arial, helvetica, sans-serif; font-size: 12pt;\">.<\/span><br \/>\n<span style=\"font-family: arial, helvetica, sans-serif; font-size: 12pt;\">Anlage a)<\/span><br \/>\n<span style=\"font-family: arial, helvetica, sans-serif; font-size: 12pt;\">Anlage b)<\/span><br \/>\n<span style=\"font-family: arial, helvetica, sans-serif; font-size: 12pt;\">Anlage c)<\/span><\/td>\n<\/tr>\n<tr>\n<td style=\"width: 6.76187%;\"><span style=\"font-family: arial, helvetica, sans-serif; font-size: 12pt;\">8.<\/span><\/td>\n<td style=\"width: 68.3334%;\"><span style=\"font-family: arial, helvetica, sans-serif; font-size: 12pt;\">Verschiedenes<\/span><\/td>\n<td style=\"width: 24.9046%;\">&nbsp;<\/td>\n<\/tr>\n<\/tbody>\n<\/table>\n<p>&nbsp;<\/p>\n<p>&nbsp;<\/p>\n","protected":false},"excerpt":{"rendered":"<p>&nbsp; Tagesordnung: 1. Begr\u00fc\u00dfung, Ehrung der Verstorbenen &nbsp; 2. Protokollgenehmigung, Einspr\u00fcche &nbsp; 3. Bericht Versorgungswerk Gast Herr Schieritz 4. Bericht Philipp-Pfaff-Institut Gast Herr Lauerwald 5. Bericht des Vorstandes &nbsp; 6. [&#8230;]<\/p>\n","protected":false},"author":13,"featured_media":44036,"comment_status":"closed","ping_status":"closed","sticky":false,"template":"","format":"standard","meta":{"ngg_post_thumbnail":0,"iawp_total_views":4,"footnotes":""},"categories":[91,243,47,46],"tags":[],"class_list":["post-47472","post","type-post","status-publish","format-standard","has-post-thumbnail","hentry","category-delegiertenversammlung","category-philipp-pfaff-institut","category-versorgungswerk-vzb","category-zahnaerztekammer-berlin"],"_links":{"self":[{"href":"https:\/\/iuzb.de\/index.php?rest_route=\/wp\/v2\/posts\/47472","targetHints":{"allow":["GET"]}}],"collection":[{"href":"https:\/\/iuzb.de\/index.php?rest_route=\/wp\/v2\/posts"}],"about":[{"href":"https:\/\/iuzb.de\/index.php?rest_route=\/wp\/v2\/types\/post"}],"author":[{"embeddable":true,"href":"https:\/\/iuzb.de\/index.php?rest_route=\/wp\/v2\/users\/13"}],"replies":[{"embeddable":true,"href":"https:\/\/iuzb.de\/index.php?rest_route=%2Fwp%2Fv2%2Fcomments&post=47472"}],"version-history":[{"count":13,"href":"https:\/\/iuzb.de\/index.php?rest_route=\/wp\/v2\/posts\/47472\/revisions"}],"predecessor-version":[{"id":47488,"href":"https:\/\/iuzb.de\/index.php?rest_route=\/wp\/v2\/posts\/47472\/revisions\/47488"}],"wp:featuredmedia":[{"embeddable":true,"href":"https:\/\/iuzb.de\/index.php?rest_route=\/wp\/v2\/media\/44036"}],"wp:attachment":[{"href":"https:\/\/iuzb.de\/index.php?rest_route=%2Fwp%2Fv2%2Fmedia&parent=47472"}],"wp:term":[{"taxonomy":"category","embeddable":true,"href":"https:\/\/iuzb.de\/index.php?rest_route=%2Fwp%2Fv2%2Fcategories&post=47472"},{"taxonomy":"post_tag","embeddable":true,"href":"https:\/\/iuzb.de\/index.php?rest_route=%2Fwp%2Fv2%2Ftags&post=47472"}],"curies":[{"name":"wp","href":"https:\/\/api.w.org\/{rel}","templated":true}]}}