{"id":47432,"date":"2025-05-02T17:33:44","date_gmt":"2025-05-02T15:33:44","guid":{"rendered":"https:\/\/iuzb.de\/?p=47432"},"modified":"2025-12-03T15:59:39","modified_gmt":"2025-12-03T14:59:39","slug":"zur-amtsniederlegung-unseres-kollegen-dr-lutz-stephan-weiss-als-mitglied-des-verwaltungsausschusses-des-versorgungswerks-der-zahnaerztekammer-berlin","status":"publish","type":"post","link":"https:\/\/iuzb.de\/?p=47432","title":{"rendered":"Zur Amtsniederlegung unseres Kollegen Dr. Lutz-Stephan Wei\u00df als Mitglied des Verwaltungsausschusses des Versorgungswerks der Zahn\u00e4rztekammer Berlin"},"content":{"rendered":"<p style=\"text-align: justify;\"><span style=\"font-family: arial, helvetica, sans-serif; font-size: 12pt; color: #ff0000;\"><em><u>Ein Brandbrief<\/u><\/em><\/span><\/p>\n<p style=\"text-align: justify;\">&nbsp;<\/p>\n<p style=\"text-align: justify;\"><span style=\"font-family: arial, helvetica, sans-serif; font-size: 12pt;\">Liebe Mitglieder <em>unseres gemeinsamen<\/em> Versorgungswerkes,<\/span><\/p>\n<p style=\"text-align: justify;\"><span style=\"font-family: arial, helvetica, sans-serif; font-size: 12pt;\">der von uns gesch\u00e4tzte Kollege Dr. Lutz-Stephan Wei\u00df, hat in einer sehr gradlinigen Entscheidung sein Amt als Mitglied des Verwaltungsausschusses (Beisitzer) von sich aus niedergelegt, weil er nach eigener Wahrnehmung ungerechtfertigt angefeindet wurde und es f\u00fcr ihn im Versorgungswerk <em>ohne Vertrauensr\u00fcckhalt durch die Vertreterversammlung<\/em> nicht mehr m\u00f6glich war sich dort ehrenamtlich weiter zu engagieren.<\/span><\/p>\n<p style=\"text-align: justify;\"><span style=\"font-family: arial, helvetica, sans-serif; font-size: 12pt;\">Zur Klarstellung, seine rund vierj\u00e4hrige Mitarbeit im Versorgungswerk stellte f\u00fcr unseren gesch\u00e4tzten Kollegen ein echtes Ehrenamt dar, er erzielte daraus keinen Vorteil und die erhaltenen Aufwandsentsch\u00e4digungen wogen kaum den finanziellen und zeitlichen Einsatz f\u00fcr seine Amtsaus\u00fcbung auf. In diesem Sinne hat unser Kollege Dr. Wei\u00df dieses Amt auch faktisch als reines Ehrenamt gelebt. Dies wurde von ihm so auch kommuniziert, zum Beispiel bei unseren Stammtischen.<\/span><\/p>\n<p style=\"text-align: justify;\"><span style=\"font-family: arial, helvetica, sans-serif; font-size: 12pt;\">Unsere Kritik richtet sich an Kr\u00e4fte, welche auch einmal unsere Mitstreiter waren und die inzwischen scheinbar einen erweiterten Personenkreis um sich geschart haben, welcher nicht nur Zahn\u00e4rzte und beitragszahlende Mitglieder unseres Versorgungswerkes umfasst. Von diesem Kreis distanzieren wir uns und wir haben Bedenken, dass &#8211; auch mit Hilfe von vorverurteilenden Zeitungsartikeln, <em>unser gemeinsames<\/em> Versorgungswerk sprichw\u00f6rtlich <em>&#8222;wie eine Sau durch&#8217;s Dorf getrieben wurde&#8220;<\/em> und zu bef\u00fcrchten steht, dass dieses unangemessene Verhalten weiter anhalten wird.<\/span><\/p>\n<p style=\"text-align: justify;\"><span style=\"font-family: arial, helvetica, sans-serif; font-size: 12pt;\"><strong>Wir sind der festen \u00dcberzeugung, dass mit der vorzeitigen Amtsniederlegung unseres Kollegen Dr. Wei\u00df <em>unser gemeinsames<\/em> Versorgungswerk ein sehr loyales, kompetentes und engagiertes Mitglied im Verwaltungsausschuss verloren hat. Den Umgang mit ihm empfinden wir als eine unkollegiale Unversch\u00e4mtheit.<\/strong><\/span><\/p>\n<p style=\"text-align: justify;\"><span style=\"font-family: arial, helvetica, sans-serif; font-size: 12pt;\">Die Materie im Versorgungswerk ist im \u00dcbrigen \u00fcberaus komplex und kompliziert. Unser Kollege Dr. Wei\u00df hat sich \u00fcber mehrere Jahre in die laufenden und umfangreichen Gesch\u00e4ftsvorf\u00e4lle eingearbeitet. Wir nehmen mit Befremden zur Kenntnis, dass mittlerweile Kolleginnen und Kollegen in Erscheinung treten, die meinen, <em>&#8222;dass alles sei ja keine Raketentechnik&#8220;<\/em>.<\/span><\/p>\n<p style=\"text-align: justify;\"><span style=\"font-family: arial, helvetica, sans-serif; font-size: 12pt;\">Wir sehen die Entwicklung, welche <em>unser gemeinsames<\/em> Versorgungswerk gerade nimmt, mit gro\u00dfer Sorge und damit meinen wir nicht (nur) die sachgerechte Aufarbeitung von ung\u00fcnstig verlaufenen Anlagegesch\u00e4ften. <strong>Diese Aufarbeitung begr\u00fc\u00dfen wir ausdr\u00fccklich<\/strong>! F\u00fcr besorgniserregend halten wir die Aktivit\u00e4ten desjenigen Personenkreises, welcher mit aggressivem Get\u00f6se f\u00fcr ein <strong>organisatorisches Chaos<\/strong> sorgt, ohne zun\u00e4chst die Ergebnisse der selbst mit beauftragten internen Untersuchung abzuwarten. Denn dieses Vorgehen wurde in der Vertreterversammlung am <a href=\"https:\/\/iuzb.de\/?p=46956\" target=\"_blank\" rel=\"noopener\">22.02.2025<\/a> so beschlossen. F\u00fcr uns ist auch v\u00f6llig unklar, wer sich da eigentlich intern bzw. extern und mit welcher Zielsetzung als angeblicher &#8222;Aufkl\u00e4rer&#8220; profilieren will, nachdem \u00fcber viele Jahre in den Vertreterversammlungen von diesem Personenkreis kaum in die Tiefe gehende Nachfragen zu langj\u00e4hrigen Investments gekommen sind, die jetzt massiv kritisiert werden. Mit diesem Kreis und mit deren aus unserer Sicht unzweckm\u00e4\u00dfigem, aggressivem Vorgehen hat <em>unser gemeinsames<\/em> Versorgungswerk ein neues Problem sprichw\u00f6rtlich <em>&#8222;an der Kehle&#8220;<\/em>.<\/span><\/p>\n<p style=\"text-align: justify;\"><span style=\"font-family: arial, helvetica, sans-serif; font-size: 12pt;\">Wir vertrauen diesem Personenkreis nicht und der globale Abwahlantrag in der Vertreterversammlung vom <a href=\"https:\/\/iuzb.de\/?p=47281\" target=\"_blank\" rel=\"noopener\">05.04.2025<\/a> sagt alles aus.<\/span><\/p>\n<ul style=\"text-align: justify;\">\n<li><span style=\"font-family: arial, helvetica, sans-serif; font-size: 12pt;\"><strong>Statt abzuwarten<\/strong>, was die <u>Sonderpr\u00fcfungen<\/u> ergeben (nochmals: welche wir begr\u00fc\u00dfen!), <strong>und<\/strong> <strong><u>dann faktenbasiert neutral und sachlich zu entscheiden<\/u><\/strong>,<\/span><\/li>\n<li><span style=\"font-family: arial, helvetica, sans-serif; font-size: 12pt;\"><strong>sollten<\/strong> <strong>schon mal in Vorverurteilung<\/strong> <strong>alle K\u00f6pfe<\/strong> <strong>rollen<\/strong>. Ganz, als ob es da einige aus diesem Personenkreis gar nicht abwarten k\u00f6nnen schnellstens ein Amt zu erhalten.<\/span><\/li>\n<li><span style=\"font-family: arial, helvetica, sans-serif; font-size: 12pt;\">Das war \u00dcbrigens auch der Grund, warum es in dieser Vertreterversammlung &#8222;nur&#8220; den Vorsitzenden des Verwaltungsausschusses getroffen hat, weil sich der &#8222;neue&#8220; Mehrheitskreis nicht einig war, wie denn die ganzen \u00c4mter verteilt werden sollen. &#8211; Alle scheinen sich hier nur noch gegenseitig hochzuziehen &#8211; <em>&#8222;Das reinste Tollhaus!&#8220;<\/em><\/span><\/li>\n<li><span style=\"font-family: arial, helvetica, sans-serif; font-size: 12pt;\">Verantwortungsvoller Umgang mit <em>unserem gemeinsamen<\/em> Versorgungswerk sieht anders aus. Aber vielleicht ist es in Berlin auch schon der nahende Kammerwahlkampf. Es werden &#8222;dringend schlechte Nachrichten&#8220; aus dem VZB ben\u00f6tigt, um sich selbst als &#8222;Aufkl\u00e4rer&#8220; und &#8222;Retter&#8220; abzubilden. &#8211; <em>&#8222;Das reinste Postengeschacher!&#8220; \u2013 Beobachten Sie bei der Kammerwahl die Wahllistenangebote und sie wissen Bescheid!<\/em><\/span><\/li>\n<\/ul>\n<p style=\"text-align: justify;\"><span style=\"font-family: arial, helvetica, sans-serif; font-size: 12pt;\">Nachfolgend erhalten Sie zur Amtsniederlegung unseren gesch\u00e4tzten Kollegen Dr. Wei\u00df einige Originaldokumenten, zum Teil geschw\u00e4rzt, weil nicht alles auf eine Internetseite geh\u00f6rt.<\/span><\/p>\n<p><span style=\"font-family: arial, helvetica, sans-serif; font-size: 12pt;\">Mit freundlichen, kollegialen Gr\u00fc\u00dfen, Ihr<\/span><\/p>\n<p><img loading=\"lazy\" decoding=\"async\" class=\"wp-image-38383 alignleft\" src=\"https:\/\/iuzb.de\/wp-content\/uploads\/2022\/04\/01_Portraits_Gneist-scaled-1-248x300-1.jpg\" alt=\"\" width=\"150\" height=\"181\" srcset=\"https:\/\/iuzb.de\/wp-content\/uploads\/2022\/04\/01_Portraits_Gneist-scaled-1-248x300-1.jpg 248w, https:\/\/iuzb.de\/wp-content\/uploads\/2022\/04\/01_Portraits_Gneist-scaled-1-248x300-1-99x120.jpg 99w\" sizes=\"auto, (max-width: 150px) 100vw, 150px\" \/><\/p>\n<p>&nbsp;<\/p>\n<p><span style=\"font-family: arial, helvetica, sans-serif; font-size: 12pt;\"><strong>Gerhard Gneist<\/strong><\/span><\/p>\n<p><span style=\"font-family: arial, helvetica, sans-serif; font-size: 12pt;\">Mitglied der Vertreterversammlung des VZB<\/span><br \/>\n<span style=\"font-family: arial, helvetica, sans-serif; font-size: 12pt;\">1. Vorsitzender IUZB e.V.<\/span><\/p>\n<p>&nbsp;<\/p>\n<p>&nbsp;<\/p>\n<p>&nbsp;<\/p>\n<p style=\"text-align: justify;\"><span style=\"text-decoration: underline; font-family: arial, helvetica, sans-serif; font-size: 12pt;\">Belegdokumente:<\/span><\/p>\n<p style=\"text-align: left;\"><span style=\"font-family: arial, helvetica, sans-serif; font-size: 12pt;\"><strong>1.<\/strong> <a href=\"https:\/\/iuzb.de\/wp-content\/uploads\/2025\/05\/2025-02-13-ZAeK-Berlin-DV-Protokollauszug-Redebeitrag-Dr.-Weiss.pdf\" target=\"_blank\" rel=\"noopener\"><span style=\"text-decoration: underline;\">13. Februar 2025<\/span><\/a>:<\/span><br \/>\n<span style=\"font-family: arial, helvetica, sans-serif; font-size: 12pt;\">Delegierteversammlung Zahn\u00e4rztekammer Berlin<\/span><br \/>\n<span style=\"font-family: arial, helvetica, sans-serif; font-size: 12pt;\">Auszug Protokollvorlage: <strong>Redebeitrag Dr. Lutz-Stephan Wei\u00df<\/strong> (IUZB)<\/span><br \/>\n<span style=\"font-family: arial, helvetica, sans-serif; font-size: 12pt;\">zu diesem Zeitpunkt (noch) Mitglied des Verwaltungsausschusses des VZB<\/span><\/p>\n<p style=\"text-align: left;\"><span style=\"font-family: arial, helvetica, sans-serif; font-size: 12pt;\"><strong>2<\/strong>. <a href=\"https:\/\/iuzb.de\/wp-content\/uploads\/2025\/05\/2025-02-22-VZB-VV-Protokollauszug-Redebeitrag-Dr.-Weiss.pdf\" target=\"_blank\" rel=\"noopener\"><span style=\"text-decoration: underline;\">22. Februar 2025<\/span><\/a>:<\/span><br \/>\n<span style=\"font-family: arial, helvetica, sans-serif; font-size: 12pt;\">Vertreterversammlung Versorgungswerk der Zahn\u00e4rztekammer Berlin \/ VZB<\/span><br \/>\n<span style=\"font-family: arial, helvetica, sans-serif; font-size: 12pt;\">Auszug Protokollvorlage: <strong>Redebeitrag Dr. Lutz-Stephan Wei\u00df<\/strong> (IUZB)<\/span><br \/>\n<span style=\"font-family: arial, helvetica, sans-serif; font-size: 12pt;\">zu diesem Zeitpunkt (noch) Mitglied des Verwaltungsausschusses des VZB<\/span><\/p>\n<p style=\"text-align: left;\"><span style=\"font-family: arial, helvetica, sans-serif; font-size: 12pt;\"><strong>3.<\/strong> <a href=\"https:\/\/iuzb.de\/wp-content\/uploads\/2025\/05\/2025-03-21-Uebermittlung-Amtsniederlegungserklaerung-Dr.-Weiss.pdf\" target=\"_blank\" rel=\"noopener\"><span style=\"text-decoration: underline;\">21. M\u00e4rz 2025<\/span><\/a>:<br \/>\nNach \u00dcbermittlung der elektronischen Einladung am 21.03.2025 <\/span><br \/>\n<span style=\"font-family: arial, helvetica, sans-serif; font-size: 12pt;\">zur Vertreterversammlung am 05.04.2025, hat <strong>Herr Dr. Wei\u00df<\/strong> dem VZB seine <strong>Amtsniederlegungserkl\u00e4rung als Beisitzer im Verwaltungsausschuss<\/strong><br \/>\nmit Wirkung zum Beginn der angesetzten Vertreterversammlung am 05.04.2025 \u00fcbermittelt.<\/span><\/p>\n<p>&nbsp;<\/p>\n","protected":false},"excerpt":{"rendered":"<p>Ein Brandbrief &nbsp; Liebe Mitglieder unseres gemeinsamen Versorgungswerkes, der von uns gesch\u00e4tzte Kollege Dr. Lutz-Stephan Wei\u00df, hat in einer sehr gradlinigen Entscheidung sein Amt als Mitglied des Verwaltungsausschusses (Beisitzer) von [&#8230;]<\/p>\n","protected":false},"author":13,"featured_media":50081,"comment_status":"closed","ping_status":"closed","sticky":false,"template":"","format":"standard","meta":{"ngg_post_thumbnail":0,"iawp_total_views":26,"footnotes":""},"categories":[242,47,87,219],"tags":[],"class_list":["post-47432","post","type-post","status-publish","format-standard","has-post-thumbnail","hentry","category-infobriefe","category-versorgungswerk-vzb","category-vertreterversammlung","category-verwaltungsausschuss"],"_links":{"self":[{"href":"https:\/\/iuzb.de\/index.php?rest_route=\/wp\/v2\/posts\/47432","targetHints":{"allow":["GET"]}}],"collection":[{"href":"https:\/\/iuzb.de\/index.php?rest_route=\/wp\/v2\/posts"}],"about":[{"href":"https:\/\/iuzb.de\/index.php?rest_route=\/wp\/v2\/types\/post"}],"author":[{"embeddable":true,"href":"https:\/\/iuzb.de\/index.php?rest_route=\/wp\/v2\/users\/13"}],"replies":[{"embeddable":true,"href":"https:\/\/iuzb.de\/index.php?rest_route=%2Fwp%2Fv2%2Fcomments&post=47432"}],"version-history":[{"count":16,"href":"https:\/\/iuzb.de\/index.php?rest_route=\/wp\/v2\/posts\/47432\/revisions"}],"predecessor-version":[{"id":47460,"href":"https:\/\/iuzb.de\/index.php?rest_route=\/wp\/v2\/posts\/47432\/revisions\/47460"}],"wp:featuredmedia":[{"embeddable":true,"href":"https:\/\/iuzb.de\/index.php?rest_route=\/wp\/v2\/media\/50081"}],"wp:attachment":[{"href":"https:\/\/iuzb.de\/index.php?rest_route=%2Fwp%2Fv2%2Fmedia&parent=47432"}],"wp:term":[{"taxonomy":"category","embeddable":true,"href":"https:\/\/iuzb.de\/index.php?rest_route=%2Fwp%2Fv2%2Fcategories&post=47432"},{"taxonomy":"post_tag","embeddable":true,"href":"https:\/\/iuzb.de\/index.php?rest_route=%2Fwp%2Fv2%2Ftags&post=47432"}],"curies":[{"name":"wp","href":"https:\/\/api.w.org\/{rel}","templated":true}]}}