{"id":47332,"date":"2025-04-07T17:44:37","date_gmt":"2025-04-07T15:44:37","guid":{"rendered":"https:\/\/iuzb.de\/?p=47332"},"modified":"2025-11-06T20:45:47","modified_gmt":"2025-11-06T19:45:47","slug":"vzb-wechsel-im-verwaltungsausschuss","status":"publish","type":"post","link":"https:\/\/iuzb.de\/?p=47332","title":{"rendered":"Wechsel im Verwaltungsausschuss des VZB"},"content":{"rendered":"<p style=\"text-align: justify;\"><span style=\"font-family: arial, helvetica, sans-serif; font-size: 12pt;\">Auf der Sitzung der <a href=\"https:\/\/iuzb.de\/?p=47281\" target=\"_blank\" rel=\"noopener\">Vertreterversammlung am 5. April 2025<\/a> haben die Mitglieder der Vertreterversammlung Thomas Schieritz zum neuen Vorsitzenden des Verwaltungsausschusses gew\u00e4hlt. Er \u00fcbernimmt das Amt von Dr. Ingo Rellermeier, der abberufen wurde.<\/span><\/p>\n<p style=\"text-align: justify;\"><span style=\"font-family: arial, helvetica, sans-serif; font-size: 12pt;\">Ebenfalls hat das Gremium die Position des zur\u00fcckgetretenen Verwaltungsausschussmitgliedes Dr. Lutz-Stephan Wei\u00df neu besetzt. Dessen Nachfolgerin ist Sigrid Seifert. Eine \u00dcbersicht der Organe finden Sie <a href=\"https:\/\/www.vzberlin.org\/organe.php\" target=\"_blank\" rel=\"noopener\">hier<\/a>.<\/span><\/p>\n<p><span style=\"font-family: arial, helvetica, sans-serif; font-size: 12pt;\">Quelle: VZB <a href=\"https:\/\/www.vzberlin.org\/index.php\" target=\"_blank\" rel=\"noopener\">Webseite<\/a>, Mitteilung vom 07.04.2025<\/span><\/p>\n","protected":false},"excerpt":{"rendered":"<p>Auf der Sitzung der Vertreterversammlung am 5. April 2025 haben die Mitglieder der Vertreterversammlung Thomas Schieritz zum neuen Vorsitzenden des Verwaltungsausschusses gew\u00e4hlt. Er \u00fcbernimmt das Amt von Dr. Ingo Rellermeier, [&#8230;]<\/p>\n","protected":false},"author":13,"featured_media":0,"comment_status":"closed","ping_status":"closed","sticky":false,"template":"","format":"standard","meta":{"ngg_post_thumbnail":0,"iawp_total_views":39,"footnotes":""},"categories":[47,87,219],"tags":[],"class_list":["post-47332","post","type-post","status-publish","format-standard","hentry","category-versorgungswerk-vzb","category-vertreterversammlung","category-verwaltungsausschuss"],"_links":{"self":[{"href":"https:\/\/iuzb.de\/index.php?rest_route=\/wp\/v2\/posts\/47332","targetHints":{"allow":["GET"]}}],"collection":[{"href":"https:\/\/iuzb.de\/index.php?rest_route=\/wp\/v2\/posts"}],"about":[{"href":"https:\/\/iuzb.de\/index.php?rest_route=\/wp\/v2\/types\/post"}],"author":[{"embeddable":true,"href":"https:\/\/iuzb.de\/index.php?rest_route=\/wp\/v2\/users\/13"}],"replies":[{"embeddable":true,"href":"https:\/\/iuzb.de\/index.php?rest_route=%2Fwp%2Fv2%2Fcomments&post=47332"}],"version-history":[{"count":4,"href":"https:\/\/iuzb.de\/index.php?rest_route=\/wp\/v2\/posts\/47332\/revisions"}],"predecessor-version":[{"id":50192,"href":"https:\/\/iuzb.de\/index.php?rest_route=\/wp\/v2\/posts\/47332\/revisions\/50192"}],"wp:attachment":[{"href":"https:\/\/iuzb.de\/index.php?rest_route=%2Fwp%2Fv2%2Fmedia&parent=47332"}],"wp:term":[{"taxonomy":"category","embeddable":true,"href":"https:\/\/iuzb.de\/index.php?rest_route=%2Fwp%2Fv2%2Fcategories&post=47332"},{"taxonomy":"post_tag","embeddable":true,"href":"https:\/\/iuzb.de\/index.php?rest_route=%2Fwp%2Fv2%2Ftags&post=47332"}],"curies":[{"name":"wp","href":"https:\/\/api.w.org\/{rel}","templated":true}]}}