{"id":47281,"date":"2025-03-22T00:01:36","date_gmt":"2025-03-21T23:01:36","guid":{"rendered":"https:\/\/iuzb.de\/?p=47281"},"modified":"2025-04-05T15:39:53","modified_gmt":"2025-04-05T13:39:53","slug":"05-04-2025-einladung-zur-vertreterversammlung-des-vzb","status":"publish","type":"post","link":"https:\/\/iuzb.de\/?p=47281","title":{"rendered":"05.04.2025: Einladung zur Vertreterversammlung des VZB"},"content":{"rendered":"<p style=\"text-align: justify;\"><span style=\"font-family: arial, helvetica, sans-serif; font-size: 12pt;\">Die 10. ordentliche Vertreterversammlung des Versorgungswerkes der Zahn\u00e4rztekammer Berlin findet am<\/span><\/p>\n<ul style=\"text-align: justify;\">\n<li><strong><span style=\"font-family: arial, helvetica, sans-serif; font-size: 12pt;\">Samstag, 5. April 2025, 10:00 Uhr,<\/span><\/strong><\/li>\n<li><span style=\"font-family: arial, helvetica, sans-serif; font-size: 12pt;\">im <strong>Zahn\u00e4rztehaus (KZV Berlin)<\/strong>, Sitzungssaal,<\/span><\/li>\n<li><span style=\"font-family: arial, helvetica, sans-serif; font-size: 12pt;\">Georg-Wilhelm-Stra\u00dfe 16, 10711 Berlin,<\/span><\/li>\n<\/ul>\n<p style=\"text-align: justify;\"><span style=\"font-family: arial, helvetica, sans-serif; font-size: 12pt;\">statt.<\/span><\/p>\n<p style=\"text-align: justify;\"><span style=\"font-family: arial, helvetica, sans-serif; font-size: 12pt;\">Die Sitzung ist f\u00fcr Mitglieder des Versorgungswerkes \u00f6ffentlich. Bitte beachten Sie, dass die Vertreterversammlung die Nicht\u00f6ffentlichkeit beschlie\u00dfen kann.<\/span><\/p>\n<p style=\"text-align: justify;\">&nbsp;<\/p>\n<p style=\"text-align: justify;\"><span style=\"font-family: arial, helvetica, sans-serif; font-size: 12pt;\"><a href=\"https:\/\/www.vzberlin.org\/_files\/Tagesordnung_VV_05.04.2025.pdf\" target=\"_blank\" rel=\"noopener\">Tagesordnung<\/a><\/span><\/p>\n<table style=\"border-collapse: collapse; width: 100%;\">\n<tbody>\n<tr>\n<td style=\"width: 8.85714%;\"><span style=\"font-family: arial, helvetica, sans-serif; font-size: 12pt;\">1.<\/span><\/td>\n<td style=\"width: 91.1429%;\"><span style=\"font-family: arial, helvetica, sans-serif; font-size: 12pt;\">Begr\u00fc\u00dfung und Regularien<\/span><\/td>\n<\/tr>\n<tr>\n<td style=\"width: 8.85714%;\"><span style=\"font-family: arial, helvetica, sans-serif; font-size: 12pt;\">2.<\/span><\/td>\n<td style=\"width: 91.1429%;\"><span style=\"font-family: arial, helvetica, sans-serif; font-size: 12pt;\">Antr\u00e4ge<\/span><\/td>\n<\/tr>\n<tr>\n<td style=\"width: 8.85714%;\"><span style=\"font-family: arial, helvetica, sans-serif; font-size: 12pt;\">3.<\/span><\/td>\n<td style=\"width: 91.1429%;\"><span style=\"font-family: arial, helvetica, sans-serif; font-size: 12pt;\">Abberufung der Mitglieder des Verwaltungsausschusses mit sofortiger Wirkung<\/span><\/td>\n<\/tr>\n<tr>\n<td style=\"width: 8.85714%; text-align: left; vertical-align: top;\"><span style=\"font-family: arial, helvetica, sans-serif; font-size: 12pt;\">4.<\/span><\/td>\n<td style=\"width: 91.1429%; text-align: left; vertical-align: top;\"><span style=\"font-family: arial, helvetica, sans-serif; font-size: 12pt;\">Wahl einer Wahlleiterin\/eines Wahlleiters zur Neuwahl der Mitglieder des Verwaltungsausschusses<\/span><\/td>\n<\/tr>\n<tr>\n<td style=\"width: 8.85714%;\"><span style=\"font-family: arial, helvetica, sans-serif; font-size: 12pt;\">5.<\/span><\/td>\n<td style=\"width: 91.1429%;\"><span style=\"font-family: arial, helvetica, sans-serif; font-size: 12pt;\">Neuwahl der Mitglieder des Verwaltungsausschusses<\/span><\/td>\n<\/tr>\n<tr>\n<td style=\"width: 8.85714%;\"><span style=\"font-family: arial, helvetica, sans-serif; font-size: 12pt;\">6.<\/span><\/td>\n<td style=\"width: 91.1429%;\"><span style=\"font-family: arial, helvetica, sans-serif; font-size: 12pt;\">Verschwiegenheitserkl\u00e4rung<\/span><\/td>\n<\/tr>\n<tr>\n<td style=\"width: 8.85714%;\"><span style=\"font-family: arial, helvetica, sans-serif; font-size: 12pt;\">7.<\/span><\/td>\n<td style=\"width: 91.1429%;\"><span style=\"font-family: arial, helvetica, sans-serif; font-size: 12pt;\">Verschiedenes<\/span><\/td>\n<\/tr>\n<\/tbody>\n<\/table>\n<p style=\"text-align: justify;\"><span style=\"font-family: arial, helvetica, sans-serif; font-size: 12pt;\">Quelle: <\/span><a href=\"https:\/\/www.vzberlin.org\/index.php\" target=\"_blank\" rel=\"noopener\"><span style=\"font-family: arial, helvetica, sans-serif; font-size: 12pt;\">VZB Webseite<\/span><\/a><\/p>\n<p>&nbsp;<\/p>\n<p>&nbsp;<\/p>\n","protected":false},"excerpt":{"rendered":"<p>Die 10. ordentliche Vertreterversammlung des Versorgungswerkes der Zahn\u00e4rztekammer Berlin findet am Samstag, 5. April 2025, 10:00 Uhr, im Zahn\u00e4rztehaus (KZV Berlin), Sitzungssaal, Georg-Wilhelm-Stra\u00dfe 16, 10711 Berlin, statt. Die Sitzung ist [&#8230;]<\/p>\n","protected":false},"author":13,"featured_media":44037,"comment_status":"closed","ping_status":"closed","sticky":false,"template":"","format":"standard","meta":{"ngg_post_thumbnail":0,"iawp_total_views":7,"footnotes":""},"categories":[47,87],"tags":[],"class_list":["post-47281","post","type-post","status-publish","format-standard","has-post-thumbnail","hentry","category-versorgungswerk-vzb","category-vertreterversammlung"],"_links":{"self":[{"href":"https:\/\/iuzb.de\/index.php?rest_route=\/wp\/v2\/posts\/47281","targetHints":{"allow":["GET"]}}],"collection":[{"href":"https:\/\/iuzb.de\/index.php?rest_route=\/wp\/v2\/posts"}],"about":[{"href":"https:\/\/iuzb.de\/index.php?rest_route=\/wp\/v2\/types\/post"}],"author":[{"embeddable":true,"href":"https:\/\/iuzb.de\/index.php?rest_route=\/wp\/v2\/users\/13"}],"replies":[{"embeddable":true,"href":"https:\/\/iuzb.de\/index.php?rest_route=%2Fwp%2Fv2%2Fcomments&post=47281"}],"version-history":[{"count":1,"href":"https:\/\/iuzb.de\/index.php?rest_route=\/wp\/v2\/posts\/47281\/revisions"}],"predecessor-version":[{"id":47282,"href":"https:\/\/iuzb.de\/index.php?rest_route=\/wp\/v2\/posts\/47281\/revisions\/47282"}],"wp:featuredmedia":[{"embeddable":true,"href":"https:\/\/iuzb.de\/index.php?rest_route=\/wp\/v2\/media\/44037"}],"wp:attachment":[{"href":"https:\/\/iuzb.de\/index.php?rest_route=%2Fwp%2Fv2%2Fmedia&parent=47281"}],"wp:term":[{"taxonomy":"category","embeddable":true,"href":"https:\/\/iuzb.de\/index.php?rest_route=%2Fwp%2Fv2%2Fcategories&post=47281"},{"taxonomy":"post_tag","embeddable":true,"href":"https:\/\/iuzb.de\/index.php?rest_route=%2Fwp%2Fv2%2Ftags&post=47281"}],"curies":[{"name":"wp","href":"https:\/\/api.w.org\/{rel}","templated":true}]}}