{"id":46991,"date":"2025-02-13T16:46:43","date_gmt":"2025-02-13T15:46:43","guid":{"rendered":"https:\/\/iuzb.de\/?p=46991"},"modified":"2025-03-03T19:24:12","modified_gmt":"2025-03-03T18:24:12","slug":"kzv-berlin-vorstand-bei-anhoerung-im-abgeordnetenhaus","status":"publish","type":"post","link":"https:\/\/iuzb.de\/?p=46991","title":{"rendered":"KZV Berlin: Vorstand bei Anh\u00f6rung im Abgeordnetenhaus"},"content":{"rendered":"<p style=\"text-align: justify;\"><span style=\"font-family: arial, helvetica, sans-serif; font-size: 12pt;\">Gleich zu zwei Themen aus dem Bereich Zahnmedizin hatte das Abgeordnetenhaus Dr. Andreas Hessberger, den Vorstandsvorsitzenden der KZV Berlin, als Experten ins Abgeordnetenhaus eingeladen. Diese Anh\u00f6rung war auch Gegenstand seines Berichtes auf der KZV-Vertreterversammlung am 27.01.2025.<\/span><\/p>\n<ul style=\"text-align: justify;\">\n<li><span style=\"font-family: arial, helvetica, sans-serif; font-size: 12pt;\"><a href=\"https:\/\/news.kzv-berlin.de\/detail\/nachricht\/kzv-vorstand-bei-anhoerung-im-abgeordnetenhaus\" target=\"_blank\" rel=\"noopener\">Weiterlesen<\/a><\/span><\/li>\n<\/ul>\n<p style=\"text-align: justify;\">&nbsp;<\/p>\n<p>&nbsp;<\/p>\n<p><span style=\"font-family: arial, helvetica, sans-serif; font-size: 12pt;\">______________<\/span><\/p>\n<p><span style=\"font-family: arial, helvetica, sans-serif; font-size: 12pt;\">Abgeordentenhaus:<\/span><br \/>\n<span style=\"font-family: arial, helvetica, sans-serif; font-size: 12pt;\"><a href=\"https:\/\/www.parlament-berlin.de\/Ausschuesse\/19-ausschuss-fur-gesundheit-und-pflege\" target=\"_blank\" rel=\"noopener\"><strong>Ausschuss f\u00fcr Gesundheit und Pflege<\/strong><\/a><\/span><\/p>\n<p><span style=\"font-family: arial, helvetica, sans-serif; font-size: 12pt;\">Sitzung Nummer 48 vom 20.01.2025<br \/>\n&#8211; <a href=\"https:\/\/www.parlament-berlin.de\/ados\/19\/GesPfleg\/einladung\/gp19-048-e.pdf\" target=\"_blank\" rel=\"noopener\">Einladung mit Tagesordnung<\/a><br \/>\n&#8211; <a href=\"https:\/\/www.parlament-berlin.de\/ados\/19\/GesPfleg\/protokoll\/gp19-048-bp.pdf\" target=\"_blank\" rel=\"noopener\">Beschlussprotokoll<\/a><\/span><\/p>\n<table style=\"border-collapse: collapse; width: 100%; height: 169px;\">\n<tbody>\n<tr style=\"height: 48px;\">\n<td style=\"width: 21.5714%; text-align: left; vertical-align: top; height: 48px;\"><a href=\"https:\/\/www.parlament-berlin.de\/dokumente\/vorgangsuebersicht?Open&amp;Wahlperiode=19&amp;Vorgang=0273&amp;Ausschuss=19-ausschuss-fur-gesundheit-und-pflege\" target=\"_blank\" rel=\"noopener\"><span style=\"font-family: arial, helvetica, sans-serif; font-size: 12pt;\">Vorgang 0273<\/span><\/a><\/td>\n<td style=\"width: 78.4286%; vertical-align: top; height: 48px; text-align: justify;\"><span style=\"font-family: arial, helvetica, sans-serif; font-size: 12pt;\">Anh\u00f6rung*:<\/span><br \/>\n<span style=\"font-family: arial, helvetica, sans-serif; font-size: 12pt;\"><strong>Perspektiven und Probleme der zahn\u00e4rztlichen Versorgung in Berlin<\/strong><\/span><br \/>\n<span style=\"font-family: arial, helvetica, sans-serif; font-size: 12pt;\">(auf <a href=\"https:\/\/www.parlament-berlin.de\/ados\/19\/GesPfleg\/vorgang\/gp19-0273-v.pdf\" target=\"_blank\" rel=\"noopener\">Antrag<\/a> der Fraktion der CDU und der Fraktion der SPD)<\/span><\/td>\n<\/tr>\n<tr style=\"height: 97px;\">\n<td style=\"width: 21.5714%; text-align: left; vertical-align: top; height: 97px;\"><a href=\"https:\/\/www.parlament-berlin.de\/dokumente\/vorgangsuebersicht?Open&amp;Wahlperiode=19&amp;Vorgang=0276&amp;Ausschuss=19-ausschuss-fur-gesundheit-und-pflege\" target=\"_blank\" rel=\"noopener\"><span style=\"font-family: arial, helvetica, sans-serif; font-size: 12pt;\">Vorgang 0276<\/span><\/a><\/td>\n<td style=\"width: 78.4286%; vertical-align: top; height: 97px; text-align: justify;\"><span style=\"font-family: arial, helvetica, sans-serif; font-size: 12pt;\">Anh\u00f6rung*:<\/span><br \/>\n<span style=\"font-family: arial, helvetica, sans-serif; font-size: 12pt;\"><strong>B\u00fcrokratieabbau in der \u00e4rztlichen- und zahn\u00e4rztlichen Versorgung in Berlin \u2013 Wie kann Berlin zur Entlastung von ambulant-\u00e4rztlichen und -zahn\u00e4rztlichen Praxen durch B\u00fcrokratieabbau beitragen?<\/strong><\/span><br \/>\n<span style=\"font-family: arial, helvetica, sans-serif; font-size: 12pt;\">(auf <a href=\"https:\/\/www.parlament-berlin.de\/ados\/19\/GesPfleg\/vorgang\/gp19-0276-v.pdf\" target=\"_blank\" rel=\"noopener\">Antrag<\/a> der AfD-Fraktion)<\/span><\/td>\n<\/tr>\n<\/tbody>\n<\/table>\n<p style=\"text-align: justify;\"><span style=\"font-family: arial, helvetica, sans-serif; font-size: 12pt;\">*Es werden angeh\u00f6rt und beantworten Fragen der Ausschussmitglieder:<\/span><\/p>\n<ul style=\"text-align: justify;\">\n<li><span style=\"font-family: arial, helvetica, sans-serif; font-size: 12pt;\"><a href=\"https:\/\/www.kzv-berlin.de\/ueber-uns\/organe-und-struktur\/vorstand\" target=\"_blank\" rel=\"noopener\">Herr Dr. Andreas Hessberger<\/a>, Kassenzahn\u00e4rztliche Vereinigung Berlin<\/span><\/li>\n<li><span style=\"font-family: arial, helvetica, sans-serif; font-size: 12pt;\"><a href=\"https:\/\/www.zaek-berlin.de\/ueber-uns\/vorstand-geschaeftsfuehrung.html\" target=\"_blank\" rel=\"noopener\">Herr Dr. Karsten Heegewaldt<\/a>, Zahn\u00e4rztekammer Berlin<\/span><\/li>\n<\/ul>\n<p style=\"text-align: justify;\"><span style=\"font-family: arial, helvetica, sans-serif; font-size: 12pt;\">Im Rahmen der Aussprache nimmt <a href=\"https:\/\/www.berlin.de\/sen\/wgp\/ueber-uns\/leitung\/lebenslauf.1460992.php\" target=\"_blank\" rel=\"noopener\">Frau Staatssekret\u00e4rin Hau\u00dfd\u00f6rfer<\/a> (SenWGP) Stellung und beantwortet gemeinsam mit <a href=\"https:\/\/www.berlin.de\/lageso\/_assets\/ueber-uns\/publikationen\/organigramm-lageso.pdf?ts=1738301703\" target=\"_blank\" rel=\"noopener\">Herrn Dr. Merx<\/a> (LAGeSo) Fragen der Ausschussmitglieder.<\/span><\/p>\n<p><span style=\"text-decoration: underline; font-family: arial, helvetica, sans-serif; font-size: 12pt;\"><strong>Zwischenergebnis:<\/strong><\/span><\/p>\n<blockquote>\n<p style=\"text-align: justify;\"><span style=\"font-family: arial, helvetica, sans-serif; font-size: 12pt;\">Im Anschluss beschlie\u00dft der Ausschuss einvernehmlich, die Besprechungen zu Punkt 3 a) und Punkt 3 b) der Tagesordnung zu vertagen, bis das Wortprotokoll vorliegt und ausgewertet werden kann.<\/span><\/p>\n<\/blockquote>\n<p><span style=\"font-family: arial, helvetica, sans-serif; font-size: 12pt;\">Fortf\u00fchrung: <a href=\"https:\/\/www.parlament-berlin.de\/dokumente\/vorgangsuebersicht?Open&amp;Wahlperiode=19&amp;Vorgang=0273&amp;Ausschuss=19-ausschuss-fur-gesundheit-und-pflege\" target=\"_blank\" rel=\"noopener\">Vorgang 0273<\/a> und <\/span><a href=\"https:\/\/www.parlament-berlin.de\/dokumente\/vorgangsuebersicht?Open&amp;Wahlperiode=19&amp;Vorgang=0276&amp;Ausschuss=19-ausschuss-fur-gesundheit-und-pflege\" target=\"_blank\" rel=\"noopener\"><span style=\"font-family: arial, helvetica, sans-serif; font-size: 12pt;\">Vorgang 0276<\/span><\/a><\/p>\n","protected":false},"excerpt":{"rendered":"<p>Gleich zu zwei Themen aus dem Bereich Zahnmedizin hatte das Abgeordnetenhaus Dr. Andreas Hessberger, den Vorstandsvorsitzenden der KZV Berlin, als Experten ins Abgeordnetenhaus eingeladen. Diese Anh\u00f6rung war auch Gegenstand seines [&#8230;]<\/p>\n","protected":false},"author":13,"featured_media":0,"comment_status":"closed","ping_status":"closed","sticky":false,"template":"","format":"standard","meta":{"ngg_post_thumbnail":0,"iawp_total_views":2,"footnotes":""},"categories":[310,177,45,302,150,182,46],"tags":[],"class_list":["post-46991","post","type-post","status-publish","format-standard","hentry","category-ausschuss-fuer-gesundheit","category-berlin","category-kzv-berlin","category-lag","category-lageso","category-senat","category-zahnaerztekammer-berlin"],"_links":{"self":[{"href":"https:\/\/iuzb.de\/index.php?rest_route=\/wp\/v2\/posts\/46991","targetHints":{"allow":["GET"]}}],"collection":[{"href":"https:\/\/iuzb.de\/index.php?rest_route=\/wp\/v2\/posts"}],"about":[{"href":"https:\/\/iuzb.de\/index.php?rest_route=\/wp\/v2\/types\/post"}],"author":[{"embeddable":true,"href":"https:\/\/iuzb.de\/index.php?rest_route=\/wp\/v2\/users\/13"}],"replies":[{"embeddable":true,"href":"https:\/\/iuzb.de\/index.php?rest_route=%2Fwp%2Fv2%2Fcomments&post=46991"}],"version-history":[{"count":24,"href":"https:\/\/iuzb.de\/index.php?rest_route=\/wp\/v2\/posts\/46991\/revisions"}],"predecessor-version":[{"id":47016,"href":"https:\/\/iuzb.de\/index.php?rest_route=\/wp\/v2\/posts\/46991\/revisions\/47016"}],"wp:attachment":[{"href":"https:\/\/iuzb.de\/index.php?rest_route=%2Fwp%2Fv2%2Fmedia&parent=46991"}],"wp:term":[{"taxonomy":"category","embeddable":true,"href":"https:\/\/iuzb.de\/index.php?rest_route=%2Fwp%2Fv2%2Fcategories&post=46991"},{"taxonomy":"post_tag","embeddable":true,"href":"https:\/\/iuzb.de\/index.php?rest_route=%2Fwp%2Fv2%2Ftags&post=46991"}],"curies":[{"name":"wp","href":"https:\/\/api.w.org\/{rel}","templated":true}]}}