{"id":46956,"date":"2025-02-07T22:38:24","date_gmt":"2025-02-07T21:38:24","guid":{"rendered":"https:\/\/iuzb.de\/?p=46956"},"modified":"2025-08-15T11:48:09","modified_gmt":"2025-08-15T09:48:09","slug":"22-02-2025-einladung-zur-vertreterversammlung-des-vzb","status":"publish","type":"post","link":"https:\/\/iuzb.de\/?p=46956","title":{"rendered":"22.02.2025: Einladung zur Vertreterversammlung des VZB"},"content":{"rendered":"<p><span style=\"font-family: arial, helvetica, sans-serif; font-size: 12pt;\">Die 9. ordentliche Vertreterversammlung des Versorgungswerkes der Zahn\u00e4rztekammer Berlin findet am<\/span><\/p>\n<ul>\n<li><span style=\"font-family: arial, helvetica, sans-serif; font-size: 12pt;\"><strong>Samstag, 22. Februar 2025, 10:00 Uhr<\/strong>,<\/span><\/li>\n<li><span style=\"font-family: arial, helvetica, sans-serif; font-size: 12pt;\">im <strong>Zahn\u00e4rztehaus (KZV Berlin)<\/strong>, Sitzungssaal,<\/span><\/li>\n<li><span style=\"font-family: arial, helvetica, sans-serif; font-size: 12pt;\">Georg-Wilhelm-Stra\u00dfe 16, 10711 Berlin,<\/span><\/li>\n<\/ul>\n<p><span style=\"font-family: arial, helvetica, sans-serif; font-size: 12pt;\">statt. Die Sitzung ist f\u00fcr Mitglieder des Versorgungswerkes \u00f6ffentlich.<\/span><\/p>\n<p><span style=\"font-family: arial, helvetica, sans-serif; font-size: 12pt;\"><a href=\"https:\/\/www.vzberlin.org\/_files\/Tagesordnung_zur_Vertreterversammlung_am_22.02.2025.pdf\" target=\"_blank\" rel=\"noopener\">Tagesordnung<\/a><\/span><\/p>\n<table style=\"border-collapse: collapse; width: 100%;\">\n<tbody>\n<tr>\n<td style=\"width: 8.28571%;\"><span style=\"font-family: arial, helvetica, sans-serif; font-size: 12pt;\">1.<\/span><\/td>\n<td style=\"width: 91.7143%;\"><span style=\"font-family: arial, helvetica, sans-serif; font-size: 12pt;\">Begr\u00fc\u00dfung und Regularien<\/span><\/td>\n<\/tr>\n<tr>\n<td style=\"width: 8.28571%;\"><span style=\"font-family: arial, helvetica, sans-serif; font-size: 12pt;\">2.<\/span><\/td>\n<td style=\"width: 91.7143%;\"><span style=\"font-family: arial, helvetica, sans-serif; font-size: 12pt;\">Antr\u00e4ge<\/span><\/td>\n<\/tr>\n<tr>\n<td style=\"width: 8.28571%;\"><span style=\"font-family: arial, helvetica, sans-serif; font-size: 12pt;\">3.<\/span><\/td>\n<td style=\"width: 91.7143%;\"><span style=\"font-family: arial, helvetica, sans-serif; font-size: 12pt;\">Bericht des Versorgungswerkes der Zahn\u00e4rztekammer Berlin \u00fcber aktuelle Entwicklungen<\/span><\/td>\n<\/tr>\n<tr>\n<td style=\"width: 8.28571%;\"><span style=\"font-family: arial, helvetica, sans-serif; font-size: 12pt;\">4.<\/span><\/td>\n<td style=\"width: 91.7143%;\"><span style=\"font-family: arial, helvetica, sans-serif; font-size: 12pt;\">Nachfragen und Diskussion der Antworten auf die Fragen des Kollegen Klutke durch den Aufsichts- und den Verwaltungsausschuss<\/span><\/td>\n<\/tr>\n<tr>\n<td style=\"width: 8.28571%;\"><span style=\"font-family: arial, helvetica, sans-serif; font-size: 12pt;\">5.<\/span><\/td>\n<td style=\"width: 91.7143%;\"><span style=\"font-family: arial, helvetica, sans-serif; font-size: 12pt;\">Verschiedenes<\/span><\/td>\n<\/tr>\n<\/tbody>\n<\/table>\n<p>&nbsp;<\/p>\n<p><span style=\"font-family: arial, helvetica, sans-serif; font-size: 12pt;\">Quelle: <\/span><a href=\"https:\/\/www.vzberlin.org\/\" target=\"_blank\" rel=\"noopener\"><span style=\"font-family: arial, helvetica, sans-serif; font-size: 12pt;\">VZB<\/span><\/a><\/p>\n<p>&nbsp;<\/p>\n<p>&nbsp;<\/p>\n","protected":false},"excerpt":{"rendered":"<p>Die 9. ordentliche Vertreterversammlung des Versorgungswerkes der Zahn\u00e4rztekammer Berlin findet am Samstag, 22. Februar 2025, 10:00 Uhr, im Zahn\u00e4rztehaus (KZV Berlin), Sitzungssaal, Georg-Wilhelm-Stra\u00dfe 16, 10711 Berlin, statt. Die Sitzung ist [&#8230;]<\/p>\n","protected":false},"author":13,"featured_media":44037,"comment_status":"closed","ping_status":"closed","sticky":false,"template":"","format":"standard","meta":{"ngg_post_thumbnail":0,"iawp_total_views":10,"footnotes":""},"categories":[47,87],"tags":[],"class_list":["post-46956","post","type-post","status-publish","format-standard","has-post-thumbnail","hentry","category-versorgungswerk-vzb","category-vertreterversammlung"],"_links":{"self":[{"href":"https:\/\/iuzb.de\/index.php?rest_route=\/wp\/v2\/posts\/46956","targetHints":{"allow":["GET"]}}],"collection":[{"href":"https:\/\/iuzb.de\/index.php?rest_route=\/wp\/v2\/posts"}],"about":[{"href":"https:\/\/iuzb.de\/index.php?rest_route=\/wp\/v2\/types\/post"}],"author":[{"embeddable":true,"href":"https:\/\/iuzb.de\/index.php?rest_route=\/wp\/v2\/users\/13"}],"replies":[{"embeddable":true,"href":"https:\/\/iuzb.de\/index.php?rest_route=%2Fwp%2Fv2%2Fcomments&post=46956"}],"version-history":[{"count":3,"href":"https:\/\/iuzb.de\/index.php?rest_route=\/wp\/v2\/posts\/46956\/revisions"}],"predecessor-version":[{"id":46974,"href":"https:\/\/iuzb.de\/index.php?rest_route=\/wp\/v2\/posts\/46956\/revisions\/46974"}],"wp:featuredmedia":[{"embeddable":true,"href":"https:\/\/iuzb.de\/index.php?rest_route=\/wp\/v2\/media\/44037"}],"wp:attachment":[{"href":"https:\/\/iuzb.de\/index.php?rest_route=%2Fwp%2Fv2%2Fmedia&parent=46956"}],"wp:term":[{"taxonomy":"category","embeddable":true,"href":"https:\/\/iuzb.de\/index.php?rest_route=%2Fwp%2Fv2%2Fcategories&post=46956"},{"taxonomy":"post_tag","embeddable":true,"href":"https:\/\/iuzb.de\/index.php?rest_route=%2Fwp%2Fv2%2Ftags&post=46956"}],"curies":[{"name":"wp","href":"https:\/\/api.w.org\/{rel}","templated":true}]}}