{"id":4641,"date":"2013-02-28T16:19:00","date_gmt":"2013-02-28T15:19:00","guid":{"rendered":"http:\/\/www.iuzb.org\/wordpress\/?p=4641"},"modified":"2016-12-10T15:37:51","modified_gmt":"2016-12-10T14:37:51","slug":"neuer-vzb-dienstsitz-bauarbeiten-in-der-klaus-groth-strase-laufen","status":"publish","type":"post","link":"https:\/\/iuzb.de\/?p=4641","title":{"rendered":"VZB: Neuer Dienstsitz &#8211; Bauarbeiten in der Klaus-Groth-Stra\u00dfe laufen"},"content":{"rendered":"<div id=\"attachment_18305\" style=\"width: 310px\" class=\"wp-caption alignright\"><a href=\"https:\/\/iuzb.de\/wp-content\/uploads\/2013\/02\/2013-02-28-Klaus-Groth-Str.-3-DSC04247-klein.jpg\" target=\"_blank\"><img loading=\"lazy\" decoding=\"async\" aria-describedby=\"caption-attachment-18305\" class=\"size-medium wp-image-18305\" src=\"https:\/\/iuzb.de\/wp-content\/uploads\/2013\/02\/2013-02-28-Klaus-Groth-Str.-3-DSC04247-klein-300x197.jpg\" alt=\"\" width=\"300\" height=\"197\" srcset=\"https:\/\/iuzb.de\/wp-content\/uploads\/2013\/02\/2013-02-28-Klaus-Groth-Str.-3-DSC04247-klein-300x197.jpg 300w, https:\/\/iuzb.de\/wp-content\/uploads\/2013\/02\/2013-02-28-Klaus-Groth-Str.-3-DSC04247-klein-768x503.jpg 768w, https:\/\/iuzb.de\/wp-content\/uploads\/2013\/02\/2013-02-28-Klaus-Groth-Str.-3-DSC04247-klein-1024x671.jpg 1024w, https:\/\/iuzb.de\/wp-content\/uploads\/2013\/02\/2013-02-28-Klaus-Groth-Str.-3-DSC04247-klein.jpg 1200w\" sizes=\"auto, (max-width: 300px) 100vw, 300px\" \/><\/a><p id=\"caption-attachment-18305\" class=\"wp-caption-text\"><span style=\"font-size: 8pt;\">Klaus-Groth-Stra\u00dfe 3 in Berlin-Westend<\/span><\/p><\/div>\n<p style=\"text-align: justify;\">Nachdem das Versorgungswerk seinen Umzug von der <a href=\"http:\/\/vzberlin.org\/_DasVZB\/Wirueberuns\/P0003532.JPG\" target=\"_blank\">Rheinbabenallee 12<\/a>\u00a0 in die <a href=\"http:\/\/maps.google.de\/maps?q=Klaus+Groth+Str.+3+Berlin&amp;hl=de&amp;ie=UTF8&amp;hnear=Klaus-Groth-Stra%C3%9Fe+3,+14050+Berlin&amp;gl=de&amp;t=m&amp;z=16\" target=\"_blank\">Klaus-Groth-Stra\u00dfe 3<\/a> zun\u00e4chst eigentlich schon f\u00fcr das Jahr 2012 geplant hatte, laufen derzeit dort (noch) die Umbauarbeiten.<\/p>\n<p style=\"text-align: justify;\">Bei der Immobilie in der Klaus-Groth-Stra\u00dfe handelt es sich um einen Altbestand der Zahn\u00e4rzteschaft. Die Villa befand sich urspr\u00fcnglich im Eigentum der KZV Berlin, wurde dann aber Anfang der neunziger Jahre im Zusammenhang mit dem Umzug der Zahn\u00e4rztekammer Berlin und des Versorgungswerkes an diesen Dienstsitz an das VZB verkauft.<\/p>\n<p style=\"text-align: justify;\">Das Versorgungswerk hatte seinen Gr\u00fcndungssitz in diesem Geb\u00e4ude. Die Gesch\u00e4ftsstelle bestand damals aus nur einem einzigen Raum im Dachgeschoss. Danach erfolgte ein Umzug in die Eisenzahnstra\u00dfe, von dort in das &#8222;KZV-Zahn\u00e4rztehaus&#8220; in der <a href=\"http:\/\/maps.google.de\/maps?q=Georg-Wilhelm-Stra%C3%9Fe+16+Berlin&amp;hl=de&amp;ie=UTF8&amp;hnear=Georg-Wilhelm-Stra%C3%9Fe+16,+10711+Berlin&amp;gl=de&amp;t=m&amp;z=16\" target=\"_blank\">Georg-Wilhelm-Stra\u00dfe 16<\/a> (1. Etage), von dort wieder zur\u00fcck in die Klaus-Groth-Stra\u00dfe, danach in die <a href=\"http:\/\/maps.google.de\/maps?q=Stallstra%C3%9Fe+1+Berlin&amp;hl=de&amp;ie=UTF8&amp;sll=52.499883,13.290587&amp;sspn=0.010202,0.027874&amp;gl=de&amp;hnear=Stallstra%C3%9Fe+1,+10585+Berlin&amp;t=m&amp;z=16\" target=\"_blank\">Stallstra\u00dfe 1<\/a> (wo sich noch heute die Gesch\u00e4ftsstelle der Berliner Zahn\u00e4rztekammer befindet) und bald erfolgt \u00fcber die Zwischenstation in der <a href=\"http:\/\/maps.google.de\/maps?q=Rheinbabenallee+12&amp;oe=utf-8&amp;client=firefox-a&amp;hnear=Rheinbabenallee+12,+14199+Berlin&amp;gl=de&amp;t=h&amp;z=16\" target=\"_blank\">Rheinbabenallee<\/a> nun zum dritten Mal der Einzug in die Klaus-Groth-Stra\u00dfe Nummer 3 in Berlin-Westend.<\/p>\n<p>Zum Hintergrund des erneuten Umzugs:<\/p>\n<ul>\n<li>VZB VV-Protokoll vom <a href=\"http:\/\/vzberlin.org\/_DasVZB\/Geschaeftsberichte\/protokolle-Dateien\/Protokoll%20VV%202011-11-26.pdf\" target=\"_blank\">26.11.2011<\/a> &#8211; Suchbegriff &#8222;Klaus&#8220;<\/li>\n<\/ul>\n","protected":false},"excerpt":{"rendered":"<p>Nachdem das Versorgungswerk seinen Umzug von der Rheinbabenallee 12\u00a0 in die Klaus-Groth-Stra\u00dfe 3 zun\u00e4chst eigentlich schon f\u00fcr das Jahr 2012 geplant hatte, laufen derzeit dort (noch) die Umbauarbeiten. Bei der [&#8230;]<\/p>\n","protected":false},"author":13,"featured_media":0,"comment_status":"closed","ping_status":"closed","sticky":false,"template":"","format":"standard","meta":{"ngg_post_thumbnail":0,"iawp_total_views":1,"footnotes":""},"categories":[47],"tags":[],"class_list":["post-4641","post","type-post","status-publish","format-standard","hentry","category-versorgungswerk-vzb"],"_links":{"self":[{"href":"https:\/\/iuzb.de\/index.php?rest_route=\/wp\/v2\/posts\/4641","targetHints":{"allow":["GET"]}}],"collection":[{"href":"https:\/\/iuzb.de\/index.php?rest_route=\/wp\/v2\/posts"}],"about":[{"href":"https:\/\/iuzb.de\/index.php?rest_route=\/wp\/v2\/types\/post"}],"author":[{"embeddable":true,"href":"https:\/\/iuzb.de\/index.php?rest_route=\/wp\/v2\/users\/13"}],"replies":[{"embeddable":true,"href":"https:\/\/iuzb.de\/index.php?rest_route=%2Fwp%2Fv2%2Fcomments&post=4641"}],"version-history":[{"count":4,"href":"https:\/\/iuzb.de\/index.php?rest_route=\/wp\/v2\/posts\/4641\/revisions"}],"predecessor-version":[{"id":18308,"href":"https:\/\/iuzb.de\/index.php?rest_route=\/wp\/v2\/posts\/4641\/revisions\/18308"}],"wp:attachment":[{"href":"https:\/\/iuzb.de\/index.php?rest_route=%2Fwp%2Fv2%2Fmedia&parent=4641"}],"wp:term":[{"taxonomy":"category","embeddable":true,"href":"https:\/\/iuzb.de\/index.php?rest_route=%2Fwp%2Fv2%2Fcategories&post=4641"},{"taxonomy":"post_tag","embeddable":true,"href":"https:\/\/iuzb.de\/index.php?rest_route=%2Fwp%2Fv2%2Ftags&post=4641"}],"curies":[{"name":"wp","href":"https:\/\/api.w.org\/{rel}","templated":true}]}}